{"id":17252,"date":"2018-10-01T17:30:16","date_gmt":"2018-10-01T17:30:16","guid":{"rendered":"https:\/\/ucm.one\/?p=17252"},"modified":"2023-03-10T08:51:10","modified_gmt":"2023-03-10T08:51:10","slug":"alle-sharknado-filme-ab-jetzt-bei-ucm-one-im-verleih","status":"publish","type":"post","link":"https:\/\/ucm.one\/de\/alle-sharknado-filme-ab-jetzt-bei-ucm-one-im-verleih\/","title":{"rendered":"Alle Sharknado-Filme ab jetzt bei UCM.ONE im Verleih"},"content":{"rendered":"<div class=\"wpb-content-wrapper\"><p>[vc_row][vc_column][vc_column_text]Der erste von nun sechs Teilen der <b>&#8222;Sharknado-<\/b><strong>Reihe<\/strong>\u201c wurde im Herbst 2013 von der Produktionsfirma <strong>The Asylum<\/strong> ver\u00f6ffentlicht. Es ist es ein Film \u00fcber einen Tornado, der tausende Haie vom Himmel regnen l\u00e4sst. Eigentlich ziemlich sinnlos und trotzdem avancierte schon der erste Teil von Sharknado zu einem Kultph\u00e4nomen und ist heute die Spitze des daraus entstandenen &#8222;Trash-Genres&#8220;.\u00a0Seitdem erschien jedes Jahr ein weiterer Teil, wobei die Stories immer noch absurder und abgedrehter wurden. W\u00fctete der erste Teil noch an der Westk\u00fcste der USA und der zweite Teil an der Ostk\u00fcste, weiteten sich die St\u00fcrme St\u00fcck f\u00fcr St\u00fcck nach Europa und ins Weltall aus, bis im sechsten Teil sogar die Vergangenheit und die Zukunft nicht mehr vor den Haien sicher sind.<span class=\"Apple-converted-space\">\u00a0<\/span>[\/vc_column_text][vc_column_text]Das j\u00e4hrliche Trash-Gewitter ohne Sinn und Verstand schaffte es sogar letzte Jahr, weltweit auf Platz 3 der meist geteilten Themen bei <strong>Twitter<\/strong> zu landen &#8211; noch vor \u201e<strong>Game of Thrones<\/strong>\u201c (HBO) und \u201e<strong>Strange Things<\/strong>\u201c (Netflix). Vielleicht f\u00fchret auch dies dazu, dass in vielen Gastrollen im Laufe der Zeit immer mehr bekannte Gesichte wie David Hasselhoff, Bo Derek, Oliver Kalkofe, George R. R. Martin, Mark Cuban, Sarah Knappik, David Faustino, Gary Busey, Cody Linley, Seth Rollins, Dan Fogler, Russ Mullan, Tony Hawk, Olivia Newton-John, Bret Michaels, Katie Price, Jena Sims und Liliana Matth\u00e4us auftauchten.[\/vc_column_text][\/vc_column][\/vc_row][vc_row][vc_column width=&#8220;1\/6&#8243;][vc_single_image image=&#8220;17168&#8243; img_size=&#8220;full&#8220;][\/vc_column][vc_column width=&#8220;1\/6&#8243;][vc_single_image image=&#8220;17211&#8243; img_size=&#8220;full&#8220;][\/vc_column][vc_column width=&#8220;1\/6&#8243;][vc_single_image image=&#8220;17172&#8243; img_size=&#8220;full&#8220;][\/vc_column][vc_column width=&#8220;1\/6&#8243;][vc_single_image image=&#8220;17174&#8243; img_size=&#8220;full&#8220;][\/vc_column][vc_column width=&#8220;1\/6&#8243;][vc_single_image image=&#8220;17176&#8243; img_size=&#8220;full&#8220;][\/vc_column][vc_column width=&#8220;1\/6&#8243;][vc_single_image image=&#8220;17178&#8243; img_size=&#8220;full&#8220;][\/vc_column][\/vc_row][vc_row][vc_column][vc_column_text]Ab 01. Oktober 2018 sind alle sechs Sharknado-Filme sowie die Dokumentation \u00fcber Sharknado (&#8222;Sharknado &#8211; der ganz normale Wahnsinn&#8220;) bei <strong><span style=\"font-family: 'arial black', sans-serif;\">UCM.ONE<\/span><\/strong> f\u00fcr Kinoprogramme und Einzelvorstellungen buchbar. Weitere Informationen \u00fcber die L\u00e4nge, FSK-Einstufung, Schauspieler sowie Trailer kann man auf der Seite <a title=\"Katalogfilme\" href=\"https:\/\/ucm.one\/de\/kinoverleih\/katalogfilme\/\">Katalogfilme<\/a> finden.[\/vc_column_text][\/vc_column][\/vc_row][vc_row][vc_column][vc_video link=&#8220;https:\/\/www.youtube.com\/watch?v=TT7LSclYHrs&#8220;][\/vc_column][\/vc_row][vc_row][vc_column][vc_column_text][\/vc_column_text][\/vc_column][\/vc_row]<\/p>\n<\/div>","protected":false},"excerpt":{"rendered":"<p>[vc_row][vc_column][vc_column_text]Der erste von nun sechs Teilen der &#8222;Sharknado-Reihe\u201c wurde im Herbst 2013 von der Produktionsfirma The Asylum ver\u00f6ffentlicht. Es ist es ein Film \u00fcber einen Tornado, der tausende Haie vom Himmel regnen l\u00e4sst. Eigentlich ziemlich sinnlos und trotzdem avancierte schon der erste Teil von Sharknado zu einem Kultph\u00e4nomen und ist heute die Spitze des daraus&hellip;<\/p>\n","protected":false},"author":2,"featured_media":17289,"comment_status":"closed","ping_status":"closed","sticky":false,"template":"","format":"standard","meta":{"_acf_changed":false,"footnotes":""},"categories":[8,10,1046,13,752],"tags":[4836,4792,4805,4787,4799,4801,4797,4791,4798,4794,4810,2332,4784,4788,4807,4839,4786,4806,4809,4795,4789,4790,4793,4804,4802,4796,4800,4783,4785,2387,4803],"class_list":["post-17252","post","type-post","status-publish","format-standard","has-post-thumbnail","hentry","category-film","category-kino","category-m-square-pictures","category-news","category-verleih","tag-anthony-c-ferrante","tag-bo-derek","tag-bret-michaels","tag-cassandra-scerbo","tag-cody-linley","tag-dan-fogler","tag-david-faustino","tag-david-hasselhoff","tag-gary-busey","tag-george-r-r-martin","tag-haie","tag-horror","tag-ian-ziering","tag-jason-simmons","tag-jena-sims","tag-jeremy-wagener","tag-john-heard","tag-katie-price","tag-liliana-matthaeus","tag-mark-cuban","tag-masiela-lusha","tag-nicholas-shone","tag-oliver-kalkofe","tag-olivia-newton-john","tag-russ-mullan","tag-sarah-knappik","tag-seth-rollins","tag-sharknado","tag-tara-reid","tag-the-asylum","tag-tony-hawk","category-8","category-10","category-1046","category-13","category-752","description-off"],"acf":[],"yoast_head":"<!-- This site is optimized with the Yoast SEO plugin v27.5 - https:\/\/yoast.com\/product\/yoast-seo-wordpress\/ -->\n<title>Alle Sharknado-Filme ab jetzt bei UCM.ONE im Verleih - UCM.ONE<\/title>\n<meta name=\"robots\" content=\"index, follow, max-snippet:-1, max-image-preview:large, max-video-preview:-1\" \/>\n<link rel=\"canonical\" href=\"https:\/\/ucm.one\/de\/alle-sharknado-filme-ab-jetzt-bei-ucm-one-im-verleih\/\" \/>\n<meta property=\"og:locale\" content=\"de_DE\" \/>\n<meta property=\"og:type\" content=\"article\" \/>\n<meta property=\"og:title\" content=\"Alle Sharknado-Filme ab jetzt bei UCM.ONE im Verleih - UCM.ONE\" \/>\n<meta property=\"og:description\" content=\"[vc_row][vc_column][vc_column_text]Der erste von nun sechs Teilen der &#8222;Sharknado-Reihe\u201c wurde im Herbst 2013 von der Produktionsfirma The Asylum ver\u00f6ffentlicht. Es ist es ein Film \u00fcber einen Tornado, der tausende Haie vom Himmel regnen l\u00e4sst. Eigentlich ziemlich sinnlos und trotzdem avancierte schon der erste Teil von Sharknado zu einem Kultph\u00e4nomen und ist heute die Spitze des daraus&hellip;\" \/>\n<meta property=\"og:url\" content=\"https:\/\/ucm.one\/de\/alle-sharknado-filme-ab-jetzt-bei-ucm-one-im-verleih\/\" \/>\n<meta property=\"og:site_name\" content=\"UCM.ONE\" \/>\n<meta property=\"article:published_time\" content=\"2018-10-01T17:30:16+00:00\" \/>\n<meta property=\"article:modified_time\" content=\"2023-03-10T08:51:10+00:00\" \/>\n<meta property=\"og:image\" content=\"https:\/\/ucm.one\/wp-content\/uploads\/2018\/10\/B-Sharknado-Kino.jpg\" \/>\n\t<meta property=\"og:image:width\" content=\"1920\" \/>\n\t<meta property=\"og:image:height\" content=\"600\" \/>\n\t<meta property=\"og:image:type\" content=\"image\/jpeg\" \/>\n<meta name=\"author\" content=\"Joachim Keil\" \/>\n<meta name=\"twitter:card\" content=\"summary_large_image\" \/>\n<meta name=\"twitter:label1\" content=\"Verfasst von\" \/>\n\t<meta name=\"twitter:data1\" content=\"Joachim Keil\" \/>\n\t<meta name=\"twitter:label2\" content=\"Gesch\u00e4tzte Lesezeit\" \/>\n\t<meta name=\"twitter:data2\" content=\"2\u00a0Minuten\" \/>\n<!-- \/ Yoast SEO plugin. -->","yoast_head_json":{"title":"Alle Sharknado-Filme ab jetzt bei UCM.ONE im Verleih - UCM.ONE","robots":{"index":"index","follow":"follow","max-snippet":"max-snippet:-1","max-image-preview":"max-image-preview:large","max-video-preview":"max-video-preview:-1"},"canonical":"https:\/\/ucm.one\/de\/alle-sharknado-filme-ab-jetzt-bei-ucm-one-im-verleih\/","og_locale":"de_DE","og_type":"article","og_title":"Alle Sharknado-Filme ab jetzt bei UCM.ONE im Verleih - UCM.ONE","og_description":"[vc_row][vc_column][vc_column_text]Der erste von nun sechs Teilen der &#8222;Sharknado-Reihe\u201c wurde im Herbst 2013 von der Produktionsfirma The Asylum ver\u00f6ffentlicht. Es ist es ein Film \u00fcber einen Tornado, der tausende Haie vom Himmel regnen l\u00e4sst. Eigentlich ziemlich sinnlos und trotzdem avancierte schon der erste Teil von Sharknado zu einem Kultph\u00e4nomen und ist heute die Spitze des daraus&hellip;","og_url":"https:\/\/ucm.one\/de\/alle-sharknado-filme-ab-jetzt-bei-ucm-one-im-verleih\/","og_site_name":"UCM.ONE","article_published_time":"2018-10-01T17:30:16+00:00","article_modified_time":"2023-03-10T08:51:10+00:00","og_image":[{"width":1920,"height":600,"url":"https:\/\/ucm.one\/wp-content\/uploads\/2018\/10\/B-Sharknado-Kino.jpg","type":"image\/jpeg"}],"author":"Joachim Keil","twitter_card":"summary_large_image","twitter_misc":{"Verfasst von":"Joachim Keil","Gesch\u00e4tzte Lesezeit":"2\u00a0Minuten"},"schema":{"@context":"https:\/\/schema.org","@graph":[{"@type":"Article","@id":"https:\/\/ucm.one\/de\/alle-sharknado-filme-ab-jetzt-bei-ucm-one-im-verleih\/#article","isPartOf":{"@id":"https:\/\/ucm.one\/de\/alle-sharknado-filme-ab-jetzt-bei-ucm-one-im-verleih\/"},"author":{"name":"Joachim Keil","@id":"https:\/\/ucm.one\/de\/#\/schema\/person\/4b959e467e8acc058836467a0ef8fa50"},"headline":"Alle Sharknado-Filme ab jetzt bei UCM.ONE im Verleih","datePublished":"2018-10-01T17:30:16+00:00","dateModified":"2023-03-10T08:51:10+00:00","mainEntityOfPage":{"@id":"https:\/\/ucm.one\/de\/alle-sharknado-filme-ab-jetzt-bei-ucm-one-im-verleih\/"},"wordCount":420,"publisher":{"@id":"https:\/\/ucm.one\/de\/#organization"},"image":{"@id":"https:\/\/ucm.one\/de\/alle-sharknado-filme-ab-jetzt-bei-ucm-one-im-verleih\/#primaryimage"},"thumbnailUrl":"https:\/\/ucm.one\/wp-content\/uploads\/2018\/10\/B-Sharknado-Kino.jpg","keywords":["Anthony C. Ferrante","Bo Derek","Bret Michaels","Cassandra Scerbo","Cody Linley","Dan Fogler","David Faustino","David Hasselhoff","Gary Busey","George R. R. Martin","Haie","Horror","Ian Ziering","Jason Simmons","Jena Sims","Jeremy Wagener","John Heard","Katie Price","Liliana Matth\u00e4us","Mark Cuban","Masiela Lusha","Nicholas Shone","Oliver Kalkofe","Olivia Newton-John","Russ Mullan","Sarah Knappik","Seth Rollins","Sharknado","Tara Reid","The Asylum","Tony Hawk"],"articleSection":["Film","Kino","M-Square Pictures","News","Verleih"],"inLanguage":"de"},{"@type":"WebPage","@id":"https:\/\/ucm.one\/de\/alle-sharknado-filme-ab-jetzt-bei-ucm-one-im-verleih\/","url":"https:\/\/ucm.one\/de\/alle-sharknado-filme-ab-jetzt-bei-ucm-one-im-verleih\/","name":"Alle Sharknado-Filme ab jetzt bei UCM.ONE im Verleih - UCM.ONE","isPartOf":{"@id":"https:\/\/ucm.one\/de\/#website"},"primaryImageOfPage":{"@id":"https:\/\/ucm.one\/de\/alle-sharknado-filme-ab-jetzt-bei-ucm-one-im-verleih\/#primaryimage"},"image":{"@id":"https:\/\/ucm.one\/de\/alle-sharknado-filme-ab-jetzt-bei-ucm-one-im-verleih\/#primaryimage"},"thumbnailUrl":"https:\/\/ucm.one\/wp-content\/uploads\/2018\/10\/B-Sharknado-Kino.jpg","datePublished":"2018-10-01T17:30:16+00:00","dateModified":"2023-03-10T08:51:10+00:00","breadcrumb":{"@id":"https:\/\/ucm.one\/de\/alle-sharknado-filme-ab-jetzt-bei-ucm-one-im-verleih\/#breadcrumb"},"inLanguage":"de","potentialAction":[{"@type":"ReadAction","target":["https:\/\/ucm.one\/de\/alle-sharknado-filme-ab-jetzt-bei-ucm-one-im-verleih\/"]}]},{"@type":"ImageObject","inLanguage":"de","@id":"https:\/\/ucm.one\/de\/alle-sharknado-filme-ab-jetzt-bei-ucm-one-im-verleih\/#primaryimage","url":"https:\/\/ucm.one\/wp-content\/uploads\/2018\/10\/B-Sharknado-Kino.jpg","contentUrl":"https:\/\/ucm.one\/wp-content\/uploads\/2018\/10\/B-Sharknado-Kino.jpg","width":1920,"height":600},{"@type":"BreadcrumbList","@id":"https:\/\/ucm.one\/de\/alle-sharknado-filme-ab-jetzt-bei-ucm-one-im-verleih\/#breadcrumb","itemListElement":[{"@type":"ListItem","position":1,"name":"Home","item":"https:\/\/ucm.one\/de\/"},{"@type":"ListItem","position":2,"name":"Alle Sharknado-Filme ab jetzt bei UCM.ONE im Verleih"}]},{"@type":"WebSite","@id":"https:\/\/ucm.one\/de\/#website","url":"https:\/\/ucm.one\/de\/","name":"UCM.ONE","description":"","publisher":{"@id":"https:\/\/ucm.one\/de\/#organization"},"potentialAction":[{"@type":"SearchAction","target":{"@type":"EntryPoint","urlTemplate":"https:\/\/ucm.one\/de\/?s={search_term_string}"},"query-input":{"@type":"PropertyValueSpecification","valueRequired":true,"valueName":"search_term_string"}}],"inLanguage":"de"},{"@type":"Organization","@id":"https:\/\/ucm.one\/de\/#organization","name":"UCM.ONE","url":"https:\/\/ucm.one\/de\/","logo":{"@type":"ImageObject","inLanguage":"de","@id":"https:\/\/ucm.one\/de\/#\/schema\/logo\/image\/","url":"https:\/\/ucm.one\/wp-content\/uploads\/2019\/10\/UCM.ONE-Logo-RGB.svg","contentUrl":"https:\/\/ucm.one\/wp-content\/uploads\/2019\/10\/UCM.ONE-Logo-RGB.svg","width":1,"height":1,"caption":"UCM.ONE"},"image":{"@id":"https:\/\/ucm.one\/de\/#\/schema\/logo\/image\/"}},{"@type":"Person","@id":"https:\/\/ucm.one\/de\/#\/schema\/person\/4b959e467e8acc058836467a0ef8fa50","name":"Joachim Keil","image":{"@type":"ImageObject","inLanguage":"de","@id":"https:\/\/secure.gravatar.com\/avatar\/10e1dfd05f2a7a7bc83cd44bae31e01c8ac15f974229211a2b1a49fa0a22fec0?s=96&d=mm&r=g","url":"https:\/\/secure.gravatar.com\/avatar\/10e1dfd05f2a7a7bc83cd44bae31e01c8ac15f974229211a2b1a49fa0a22fec0?s=96&d=mm&r=g","contentUrl":"https:\/\/secure.gravatar.com\/avatar\/10e1dfd05f2a7a7bc83cd44bae31e01c8ac15f974229211a2b1a49fa0a22fec0?s=96&d=mm&r=g","caption":"Joachim Keil"},"sameAs":["https:\/\/ucm.one"]}]}},"_links":{"self":[{"href":"https:\/\/ucm.one\/de\/wp-json\/wp\/v2\/posts\/17252","targetHints":{"allow":["GET"]}}],"collection":[{"href":"https:\/\/ucm.one\/de\/wp-json\/wp\/v2\/posts"}],"about":[{"href":"https:\/\/ucm.one\/de\/wp-json\/wp\/v2\/types\/post"}],"author":[{"embeddable":true,"href":"https:\/\/ucm.one\/de\/wp-json\/wp\/v2\/users\/2"}],"replies":[{"embeddable":true,"href":"https:\/\/ucm.one\/de\/wp-json\/wp\/v2\/comments?post=17252"}],"version-history":[{"count":0,"href":"https:\/\/ucm.one\/de\/wp-json\/wp\/v2\/posts\/17252\/revisions"}],"wp:featuredmedia":[{"embeddable":true,"href":"https:\/\/ucm.one\/de\/wp-json\/wp\/v2\/media\/17289"}],"wp:attachment":[{"href":"https:\/\/ucm.one\/de\/wp-json\/wp\/v2\/media?parent=17252"}],"wp:term":[{"taxonomy":"category","embeddable":true,"href":"https:\/\/ucm.one\/de\/wp-json\/wp\/v2\/categories?post=17252"},{"taxonomy":"post_tag","embeddable":true,"href":"https:\/\/ucm.one\/de\/wp-json\/wp\/v2\/tags?post=17252"}],"curies":[{"name":"wp","href":"https:\/\/api.w.org\/{rel}","templated":true}]}}