{"id":172028,"date":"2025-01-27T10:00:16","date_gmt":"2025-01-27T10:00:16","guid":{"rendered":"https:\/\/ucm.one\/?p=172028"},"modified":"2025-01-30T11:46:13","modified_gmt":"2025-01-30T11:46:13","slug":"dokumentarfilm-einhundertvier-nonfy-documentaries-fuer-den-grimme-preis-2025-nominiert","status":"publish","type":"post","link":"https:\/\/ucm.one\/de\/dokumentarfilm-einhundertvier-nonfy-documentaries-fuer-den-grimme-preis-2025-nominiert\/","title":{"rendered":"\ud83c\udfac Dokumentarfilm \u201eEinhundertvier\u201c (NONFY Documentaries) f\u00fcr den Grimme-Preis 2025 nominiert"},"content":{"rendered":"<div class=\"wpb-content-wrapper\"><p>[vc_row][vc_column][vc_row_inner][vc_column_inner][vc_column_text css=&#8220;&#8220;]Die Echtzeitdokumentation\u00a0<b>\u201eEinhundertvier\u201c<\/b>\u00a0von <strong>Jonathan Sch\u00f6rnig<\/strong> ist f\u00fcr den\u00a0<b>Grimme-Preis 2025<\/b>\u00a0in der Kategorie\u00a0<b>\u201eWettbewerb Information &amp; Kultur\u201c<\/b>\u00a0nominiert. Der Film ist der einzige Beitrag in diesem Wettbewerb, der ohne Senderbeteiligung realisiert wurde \u2013 eine besondere Anerkennung f\u00fcr die unabh\u00e4ngige Filmproduktion. Zuletzt stand der Film auch auf der Longlist zu den <strong>Oscars 2025<\/strong>. <b>\u201eEinhundertvier\u201c<\/b>\u00a0schildert in eindringlicher Weise den Ablauf einer Seenotrettung im Mittelmeer. Mit mehreren parallel laufenden Kameras begleitet der Film die aufreibende Bergung von 104 Menschen aus einem sinkenden Schlauchboot \u2013 Mensch f\u00fcr Mensch, Schritt f\u00fcr Schritt.[\/vc_column_text][\/vc_column_inner][\/vc_row_inner][\/vc_column][\/vc_row][vc_row][vc_column width=&#8220;3\/4&#8243;][vc_column_text css=&#8220;&#8220;]<\/p>\n<p class=\"p3\">Die Situation eskaliert, als die libysche K\u00fcstenwache auftaucht. Nach der Rettung m\u00fcssen die Geretteten und die Crew tagelang auf hoher See ausharren, da ihnen keiner der Mittelmeerstaaten das Anlegen erlaubt. Erst nach einem schweren Sturm erreicht das Schiff einen europ\u00e4ischen Hafen.<\/p>\n<p>[\/vc_column_text][vc_column_text css=&#8220;&#8220;]Der Film thematisiert die dramatische Realit\u00e4t der gef\u00e4hrlichsten Fluchtroute der Welt, auf der j\u00e4hrlich Tausende Menschen sterben.\u00a0<b>\u201eEinhundertvier\u201c<\/b>\u00a0legt den Fokus auf die systematischen Menschenrechtsverletzungen der EU-Grenzpolitik, darunter illegale Pushbacks, die Unterst\u00fctzung der libyschen K\u00fcstenwache durch Frontex und die Behinderung privater Seenotrettungsorganisationen.[\/vc_column_text][vc_row_inner][vc_column_inner][vc_column_text]<\/p>\n<h3>Inhaltsangabe<\/h3>\n<p>Als die libysche K\u00fcstenwache sich dem deutschen Seenotrettungsboot Eleonore n\u00e4hert, bricht Hektik unter den 104 Fl\u00fcchtlingen aus und der routinierte Rettungsvorgang muss beschleunig werden. Wie eine Seenotrettung ablaufen kann, \u00fcbersteigt jegliche Vorstellungskraft. Die Echtzeitdokumentation \u201eEinhundertvier\u201c bringt diese dramatische Situation n\u00e4her. Der Film zeigt wie qu\u00e4lend lange es dauert, 104 Personen von einem sinkenden Schlauchboot zu bergen. Mensch f\u00fcr Mensch, Schritt f\u00fcr Schritt wird die Aktion mit mehreren parallelen Kameras begleitet. Mit dem Auftauchen der Libyschen K\u00fcstenwache spitzt sich die Lage zu. Tagelang harren die Geretteten und die Crew auf hoher See aus, da kein Mittelmeerland ihnen erlaubt anzulegen. Erst nach einem schlimmen Sturm erreicht das Schiff einen europ\u00e4ischen Hafen.[\/vc_column_text][\/vc_column_inner][\/vc_row_inner][\/vc_column][vc_column width=&#8220;1\/4&#8243;][vc_single_image image=&#8220;101642&#8243; img_size=&#8220;full&#8220; onclick=&#8220;link_image&#8220;][\/vc_column][\/vc_row][vc_row][vc_column][vc_empty_space height=&#8220;20px&#8220;][\/vc_column][\/vc_row][vc_row][vc_column][vc_video link=&#8220;https:\/\/youtu.be\/MQ4EhZdZAIQ&#8220; title=&#8220;Einhundertvier | Trailer \u1d34\u1d30&#8220;][\/vc_column][\/vc_row][vc_row disable_element=&#8220;yes&#8220;][vc_column][vc_empty_space height=&#8220;15px&#8220;][vc_separator][vc_row_inner][vc_column_inner width=&#8220;1\/4&#8243;][vc_btn title=&#8220;Amazon&#8220; style=&#8220;classic&#8220; color=&#8220;orange&#8220; size=&#8220;sm&#8220; align=&#8220;center&#8220; i_icon_fontawesome=&#8220;fab fa-amazon&#8220; button_block=&#8220;true&#8220; add_icon=&#8220;true&#8220; link=&#8220;url:https%3A%2F%2Fwww.amazon.de%2FUnter-Ausschlu%C3%9F-%C3%96ffentlichkeit-Mediabook-Blu-ray%2Fdp%2FB0BJYD445L|title:Amazon|target:_blank&#8220;][\/vc_column_inner][vc_column_inner width=&#8220;1\/4&#8243;][vc_btn title=&#8220;JPC&#8220; style=&#8220;classic&#8220; color=&#8220;success&#8220; size=&#8220;sm&#8220; align=&#8220;center&#8220; i_icon_fontawesome=&#8220;far fa-dot-circle&#8220; button_block=&#8220;true&#8220; add_icon=&#8220;true&#8220; link=&#8220;url:https%3A%2F%2Fwww.jpc.de%2Fjpcng%2Fmovie%2Fdetail%2F-%2Fart%2Funter-ausschluss-der-oeffentlichkeit%2Fhnum%2F11049492|title:JPC|target:_blank&#8220;][\/vc_column_inner][vc_column_inner width=&#8220;1\/4&#8243;][vc_btn title=&#8220;Shop&#8220; style=&#8220;classic&#8220; color=&#8220;juicy-pink&#8220; size=&#8220;sm&#8220; align=&#8220;center&#8220; i_icon_fontawesome=&#8220;fas fa-shopping-cart&#8220; button_block=&#8220;true&#8220; add_icon=&#8220;true&#8220; link=&#8220;url:https%3A%2F%2Fucm.one%2Fde%2Fprodukt%2Funter-ausschluss-der-oeffentlichkeit|title:Shop&#8220;][\/vc_column_inner][vc_column_inner width=&#8220;1\/4&#8243;][vc_btn title=&#8220;Wer Streamt Es?&#8220; style=&#8220;classic&#8220; color=&#8220;sky&#8220; size=&#8220;sm&#8220; align=&#8220;center&#8220; i_icon_fontawesome=&#8220;fas fa-question-circle&#8220; button_block=&#8220;true&#8220; add_icon=&#8220;true&#8220; link=&#8220;url:https%3A%2F%2Fwww.werstreamt.es%2Ffilm%2Fdetails%2F18994%2Funter-ausschluss-der-oeffentlichkeit%2F|title:Wer%20Streamt%20es|target:_blank&#8220;][\/vc_column_inner][\/vc_row_inner][\/vc_column][\/vc_row][vc_row disable_element=&#8220;yes&#8220;][vc_column][vc_empty_space height=&#8220;25px&#8220;][vc_column_text]<\/p>\n<div class=\"wpb_text_column wpb_content_element \">\n<div class=\"wpb_wrapper\">\n<p><span style=\"font-size: 18pt;\">Technische Daten<\/span><\/p>\n<p><strong>Mediabook<\/strong>\u00a0| Bildformat: 1:1,33<span lang=\"EN-US\">\u00a0<\/span>| Laufzeit: 97 Min | Tonformat: Mono | Bonus: Trailer | Mediabook mit abl\u00f6sbarem FSK-Sticker | FSK 16<\/p>\n<\/div>\n<\/div>\n<p>[\/vc_column_text][vc_separator css=&#8220;.vc_custom_1560377795279{margin-top: 15px !important;}&#8220;][\/vc_column][\/vc_row][vc_row][vc_column width=&#8220;1\/2&#8243;][vc_column_text]Weitere Informationen \u00fcber den Dokumentarfilm: <a title=\"Einhundertvier (2023) von Jonathan Sch\u00f6rnig | NONFY Documentaries\" href=\"https:\/\/ucm.one\/de\/einhundertvier\/\">Einhundertvier<\/a>[\/vc_column_text][\/vc_column][vc_column width=&#8220;1\/2&#8243;][vc_column_text]Weitere Informationen \u00fcber das Filmlabel: <a title=\"NONFY Documentaries\" href=\"https:\/\/ucm.one\/de\/film-labels\/nonfy-documentaries\/\">NONFY Documentaries<\/a>[\/vc_column_text][\/vc_column][\/vc_row]<\/p>\n<\/div>","protected":false},"excerpt":{"rendered":"<p>[vc_row][vc_column][vc_row_inner][vc_column_inner][vc_column_text css=&#8220;&#8220;]Die Echtzeitdokumentation\u00a0\u201eEinhundertvier\u201c\u00a0von Jonathan Sch\u00f6rnig ist f\u00fcr den\u00a0Grimme-Preis 2025\u00a0in der Kategorie\u00a0\u201eWettbewerb Information &amp; Kultur\u201c\u00a0nominiert. Der Film ist der einzige Beitrag in diesem Wettbewerb, der ohne Senderbeteiligung realisiert wurde \u2013 eine besondere Anerkennung f\u00fcr die unabh\u00e4ngige Filmproduktion. Zuletzt stand der Film auch auf der Longlist zu den Oscars 2025. \u201eEinhundertvier\u201c\u00a0schildert in eindringlicher Weise den Ablauf einer&hellip;<\/p>\n","protected":false},"author":2,"featured_media":172032,"comment_status":"closed","ping_status":"closed","sticky":false,"template":"","format":"standard","meta":{"_acf_changed":false,"footnotes":""},"categories":[6267,8,10,13,4587,7528],"tags":[17306,10461,17303,17305,17312,17313,3159,17304,17308,4603,18398,17307,17311,18399],"class_list":["post-172028","post","type-post","status-publish","format-standard","has-post-thumbnail","hentry","category-dokumentarfilm","category-film","category-kino","category-news","category-nonfy-documentaries","category-weltvertrieb","tag-adrian-then","tag-dokumentarfilm","tag-einhundertvier","tag-eleonore","tag-europaeischen-union","tag-frontex","tag-grimme-preis","tag-jonathan-schoernig","tag-mittelmeer","tag-nonfy-documentaries","tag-oscars","tag-schiffbruechige","tag-seenotrettung","tag-shortlist","category-6267","category-8","category-10","category-13","category-4587","category-7528","description-off"],"acf":[],"yoast_head":"<!-- This site is optimized with the Yoast SEO plugin v27.5 - https:\/\/yoast.com\/product\/yoast-seo-wordpress\/ -->\n<title>\u201eEinhundertvier\u201c f\u00fcr den Grimme-Preis 2025 nominiert<\/title>\n<meta name=\"description\" content=\"\u201eEinhundertvier\u201c von Jonathan Sch\u00f6rnig ist f\u00fcr den Grimme-Preis 2025 in der Kategorie \u201eWettbewerb Information &amp; Kultur\u201c nominiert.\" \/>\n<meta name=\"robots\" content=\"index, follow, max-snippet:-1, max-image-preview:large, max-video-preview:-1\" \/>\n<link rel=\"canonical\" href=\"https:\/\/ucm.one\/de\/dokumentarfilm-einhundertvier-nonfy-documentaries-fuer-den-grimme-preis-2025-nominiert\/\" \/>\n<meta property=\"og:locale\" content=\"de_DE\" \/>\n<meta property=\"og:type\" content=\"article\" \/>\n<meta property=\"og:title\" content=\"\u201eEinhundertvier\u201c f\u00fcr den Grimme-Preis 2025 nominiert\" \/>\n<meta property=\"og:description\" content=\"\u201eEinhundertvier\u201c von Jonathan Sch\u00f6rnig ist f\u00fcr den Grimme-Preis 2025 in der Kategorie \u201eWettbewerb Information &amp; Kultur\u201c nominiert.\" \/>\n<meta property=\"og:url\" content=\"https:\/\/ucm.one\/de\/dokumentarfilm-einhundertvier-nonfy-documentaries-fuer-den-grimme-preis-2025-nominiert\/\" \/>\n<meta property=\"og:site_name\" content=\"UCM.ONE\" \/>\n<meta property=\"article:published_time\" content=\"2025-01-27T10:00:16+00:00\" \/>\n<meta property=\"article:modified_time\" content=\"2025-01-30T11:46:13+00:00\" \/>\n<meta property=\"og:image\" content=\"https:\/\/ucm.one\/wp-content\/uploads\/2025\/01\/Einhundertvier-Grimme-1080x1080-1.jpg\" \/>\n\t<meta property=\"og:image:width\" content=\"1080\" \/>\n\t<meta property=\"og:image:height\" content=\"1080\" \/>\n\t<meta property=\"og:image:type\" content=\"image\/jpeg\" \/>\n<meta name=\"author\" content=\"Joachim Keil\" \/>\n<meta name=\"twitter:card\" content=\"summary_large_image\" \/>\n<meta name=\"twitter:title\" content=\"\u201eEinhundertvier\u201c f\u00fcr den Grimme-Preis 2025 nominiert\" \/>\n<meta name=\"twitter:description\" content=\"\u201eEinhundertvier\u201c von Jonathan Sch\u00f6rnig ist f\u00fcr den Grimme-Preis 2025 in der Kategorie \u201eWettbewerb Information &amp; Kultur\u201c nominiert.\" \/>\n<meta name=\"twitter:image\" content=\"https:\/\/ucm.one\/wp-content\/uploads\/2025\/01\/Einhundertvier-Grimme-1080x1080-1.jpg\" \/>\n<meta name=\"twitter:label1\" content=\"Verfasst von\" \/>\n\t<meta name=\"twitter:data1\" content=\"Joachim Keil\" \/>\n\t<meta name=\"twitter:label2\" content=\"Gesch\u00e4tzte Lesezeit\" \/>\n\t<meta name=\"twitter:data2\" content=\"3\u00a0Minuten\" \/>\n<!-- \/ Yoast SEO plugin. -->","yoast_head_json":{"title":"\u201eEinhundertvier\u201c f\u00fcr den Grimme-Preis 2025 nominiert","description":"\u201eEinhundertvier\u201c von Jonathan Sch\u00f6rnig ist f\u00fcr den Grimme-Preis 2025 in der Kategorie \u201eWettbewerb Information & Kultur\u201c nominiert.","robots":{"index":"index","follow":"follow","max-snippet":"max-snippet:-1","max-image-preview":"max-image-preview:large","max-video-preview":"max-video-preview:-1"},"canonical":"https:\/\/ucm.one\/de\/dokumentarfilm-einhundertvier-nonfy-documentaries-fuer-den-grimme-preis-2025-nominiert\/","og_locale":"de_DE","og_type":"article","og_title":"\u201eEinhundertvier\u201c f\u00fcr den Grimme-Preis 2025 nominiert","og_description":"\u201eEinhundertvier\u201c von Jonathan Sch\u00f6rnig ist f\u00fcr den Grimme-Preis 2025 in der Kategorie \u201eWettbewerb Information & Kultur\u201c nominiert.","og_url":"https:\/\/ucm.one\/de\/dokumentarfilm-einhundertvier-nonfy-documentaries-fuer-den-grimme-preis-2025-nominiert\/","og_site_name":"UCM.ONE","article_published_time":"2025-01-27T10:00:16+00:00","article_modified_time":"2025-01-30T11:46:13+00:00","og_image":[{"width":1080,"height":1080,"url":"https:\/\/ucm.one\/wp-content\/uploads\/2025\/01\/Einhundertvier-Grimme-1080x1080-1.jpg","type":"image\/jpeg"}],"author":"Joachim Keil","twitter_card":"summary_large_image","twitter_title":"\u201eEinhundertvier\u201c f\u00fcr den Grimme-Preis 2025 nominiert","twitter_description":"\u201eEinhundertvier\u201c von Jonathan Sch\u00f6rnig ist f\u00fcr den Grimme-Preis 2025 in der Kategorie \u201eWettbewerb Information & Kultur\u201c nominiert.","twitter_image":"https:\/\/ucm.one\/wp-content\/uploads\/2025\/01\/Einhundertvier-Grimme-1080x1080-1.jpg","twitter_misc":{"Verfasst von":"Joachim Keil","Gesch\u00e4tzte Lesezeit":"3\u00a0Minuten"},"schema":{"@context":"https:\/\/schema.org","@graph":[{"@type":"Article","@id":"https:\/\/ucm.one\/de\/dokumentarfilm-einhundertvier-nonfy-documentaries-fuer-den-grimme-preis-2025-nominiert\/#article","isPartOf":{"@id":"https:\/\/ucm.one\/de\/dokumentarfilm-einhundertvier-nonfy-documentaries-fuer-den-grimme-preis-2025-nominiert\/"},"author":{"name":"Joachim Keil","@id":"https:\/\/ucm.one\/de\/#\/schema\/person\/4b959e467e8acc058836467a0ef8fa50"},"headline":"\ud83c\udfac Dokumentarfilm \u201eEinhundertvier\u201c (NONFY Documentaries) f\u00fcr den Grimme-Preis 2025 nominiert","datePublished":"2025-01-27T10:00:16+00:00","dateModified":"2025-01-30T11:46:13+00:00","mainEntityOfPage":{"@id":"https:\/\/ucm.one\/de\/dokumentarfilm-einhundertvier-nonfy-documentaries-fuer-den-grimme-preis-2025-nominiert\/"},"wordCount":725,"publisher":{"@id":"https:\/\/ucm.one\/de\/#organization"},"image":{"@id":"https:\/\/ucm.one\/de\/dokumentarfilm-einhundertvier-nonfy-documentaries-fuer-den-grimme-preis-2025-nominiert\/#primaryimage"},"thumbnailUrl":"https:\/\/ucm.one\/wp-content\/uploads\/2025\/01\/Einhundertvier-Grimme-1920x600-1.jpg","keywords":["Adrian Then","Dokumentarfilm","Einhundertvier","Eleonore","Europ\u00e4ischen Union","Frontex","Grimme-Preis","Jonathan Sch\u00f6rnig","Mittelmeer","NONFY Documentaries","Oscars","Schiffbr\u00fcchige","Seenotrettung","Shortlist"],"articleSection":["Dokumentarfilm","Film","Kino","News","NONFY Documentaries","Weltvertrieb"],"inLanguage":"de"},{"@type":"WebPage","@id":"https:\/\/ucm.one\/de\/dokumentarfilm-einhundertvier-nonfy-documentaries-fuer-den-grimme-preis-2025-nominiert\/","url":"https:\/\/ucm.one\/de\/dokumentarfilm-einhundertvier-nonfy-documentaries-fuer-den-grimme-preis-2025-nominiert\/","name":"\u201eEinhundertvier\u201c f\u00fcr den Grimme-Preis 2025 nominiert","isPartOf":{"@id":"https:\/\/ucm.one\/de\/#website"},"primaryImageOfPage":{"@id":"https:\/\/ucm.one\/de\/dokumentarfilm-einhundertvier-nonfy-documentaries-fuer-den-grimme-preis-2025-nominiert\/#primaryimage"},"image":{"@id":"https:\/\/ucm.one\/de\/dokumentarfilm-einhundertvier-nonfy-documentaries-fuer-den-grimme-preis-2025-nominiert\/#primaryimage"},"thumbnailUrl":"https:\/\/ucm.one\/wp-content\/uploads\/2025\/01\/Einhundertvier-Grimme-1920x600-1.jpg","datePublished":"2025-01-27T10:00:16+00:00","dateModified":"2025-01-30T11:46:13+00:00","description":"\u201eEinhundertvier\u201c von Jonathan Sch\u00f6rnig ist f\u00fcr den Grimme-Preis 2025 in der Kategorie \u201eWettbewerb Information & Kultur\u201c nominiert.","breadcrumb":{"@id":"https:\/\/ucm.one\/de\/dokumentarfilm-einhundertvier-nonfy-documentaries-fuer-den-grimme-preis-2025-nominiert\/#breadcrumb"},"inLanguage":"de","potentialAction":[{"@type":"ReadAction","target":["https:\/\/ucm.one\/de\/dokumentarfilm-einhundertvier-nonfy-documentaries-fuer-den-grimme-preis-2025-nominiert\/"]}]},{"@type":"ImageObject","inLanguage":"de","@id":"https:\/\/ucm.one\/de\/dokumentarfilm-einhundertvier-nonfy-documentaries-fuer-den-grimme-preis-2025-nominiert\/#primaryimage","url":"https:\/\/ucm.one\/wp-content\/uploads\/2025\/01\/Einhundertvier-Grimme-1920x600-1.jpg","contentUrl":"https:\/\/ucm.one\/wp-content\/uploads\/2025\/01\/Einhundertvier-Grimme-1920x600-1.jpg","width":1920,"height":600},{"@type":"BreadcrumbList","@id":"https:\/\/ucm.one\/de\/dokumentarfilm-einhundertvier-nonfy-documentaries-fuer-den-grimme-preis-2025-nominiert\/#breadcrumb","itemListElement":[{"@type":"ListItem","position":1,"name":"Home","item":"https:\/\/ucm.one\/de\/"},{"@type":"ListItem","position":2,"name":"\ud83c\udfac Dokumentarfilm \u201eEinhundertvier\u201c (NONFY Documentaries) f\u00fcr den Grimme-Preis 2025 nominiert"}]},{"@type":"WebSite","@id":"https:\/\/ucm.one\/de\/#website","url":"https:\/\/ucm.one\/de\/","name":"UCM.ONE","description":"","publisher":{"@id":"https:\/\/ucm.one\/de\/#organization"},"potentialAction":[{"@type":"SearchAction","target":{"@type":"EntryPoint","urlTemplate":"https:\/\/ucm.one\/de\/?s={search_term_string}"},"query-input":{"@type":"PropertyValueSpecification","valueRequired":true,"valueName":"search_term_string"}}],"inLanguage":"de"},{"@type":"Organization","@id":"https:\/\/ucm.one\/de\/#organization","name":"UCM.ONE","url":"https:\/\/ucm.one\/de\/","logo":{"@type":"ImageObject","inLanguage":"de","@id":"https:\/\/ucm.one\/de\/#\/schema\/logo\/image\/","url":"https:\/\/ucm.one\/wp-content\/uploads\/2019\/10\/UCM.ONE-Logo-RGB.svg","contentUrl":"https:\/\/ucm.one\/wp-content\/uploads\/2019\/10\/UCM.ONE-Logo-RGB.svg","width":1,"height":1,"caption":"UCM.ONE"},"image":{"@id":"https:\/\/ucm.one\/de\/#\/schema\/logo\/image\/"}},{"@type":"Person","@id":"https:\/\/ucm.one\/de\/#\/schema\/person\/4b959e467e8acc058836467a0ef8fa50","name":"Joachim Keil","image":{"@type":"ImageObject","inLanguage":"de","@id":"https:\/\/secure.gravatar.com\/avatar\/10e1dfd05f2a7a7bc83cd44bae31e01c8ac15f974229211a2b1a49fa0a22fec0?s=96&d=mm&r=g","url":"https:\/\/secure.gravatar.com\/avatar\/10e1dfd05f2a7a7bc83cd44bae31e01c8ac15f974229211a2b1a49fa0a22fec0?s=96&d=mm&r=g","contentUrl":"https:\/\/secure.gravatar.com\/avatar\/10e1dfd05f2a7a7bc83cd44bae31e01c8ac15f974229211a2b1a49fa0a22fec0?s=96&d=mm&r=g","caption":"Joachim Keil"},"sameAs":["https:\/\/ucm.one"]}]}},"_links":{"self":[{"href":"https:\/\/ucm.one\/de\/wp-json\/wp\/v2\/posts\/172028","targetHints":{"allow":["GET"]}}],"collection":[{"href":"https:\/\/ucm.one\/de\/wp-json\/wp\/v2\/posts"}],"about":[{"href":"https:\/\/ucm.one\/de\/wp-json\/wp\/v2\/types\/post"}],"author":[{"embeddable":true,"href":"https:\/\/ucm.one\/de\/wp-json\/wp\/v2\/users\/2"}],"replies":[{"embeddable":true,"href":"https:\/\/ucm.one\/de\/wp-json\/wp\/v2\/comments?post=172028"}],"version-history":[{"count":2,"href":"https:\/\/ucm.one\/de\/wp-json\/wp\/v2\/posts\/172028\/revisions"}],"predecessor-version":[{"id":172040,"href":"https:\/\/ucm.one\/de\/wp-json\/wp\/v2\/posts\/172028\/revisions\/172040"}],"wp:featuredmedia":[{"embeddable":true,"href":"https:\/\/ucm.one\/de\/wp-json\/wp\/v2\/media\/172032"}],"wp:attachment":[{"href":"https:\/\/ucm.one\/de\/wp-json\/wp\/v2\/media?parent=172028"}],"wp:term":[{"taxonomy":"category","embeddable":true,"href":"https:\/\/ucm.one\/de\/wp-json\/wp\/v2\/categories?post=172028"},{"taxonomy":"post_tag","embeddable":true,"href":"https:\/\/ucm.one\/de\/wp-json\/wp\/v2\/tags?post=172028"}],"curies":[{"name":"wp","href":"https:\/\/api.w.org\/{rel}","templated":true}]}}