{"id":16992,"date":"2018-09-20T12:15:59","date_gmt":"2018-09-20T12:15:59","guid":{"rendered":"https:\/\/ucm.one\/?p=16992"},"modified":"2018-09-23T21:55:56","modified_gmt":"2018-09-23T21:55:56","slug":"rueckenwind-von-vorn-darling-berlin-von-philipp-eichholtz-ab-jetzt-bei-prime-video-zu-sehen","status":"publish","type":"post","link":"https:\/\/ucm.one\/de\/rueckenwind-von-vorn-darling-berlin-von-philipp-eichholtz-ab-jetzt-bei-prime-video-zu-sehen\/","title":{"rendered":"&#8222;R\u00fcckenwind von vorn&#8220; (Darling Berlin) von Philipp Eichholtz ab jetzt bei Prime Video zu sehen"},"content":{"rendered":"<div class=\"wpb-content-wrapper\"><p>[vc_row][vc_column][vc_column_text]Der <strong>Darling Berlin<\/strong> Film &#8222;<strong>R\u00fcckenwind von vorn<\/strong>&#8220; (englisch: &#8222;<strong>Away You Go<\/strong>&#8222;) ist ab heute im Rahmen des &#8222;<strong>Film Festivals Stars Programms &#8211; Berlinale 2018<\/strong>&#8220; von Amazon exklusiv<strong>*<\/strong> bei <strong>Prime Video<\/strong> zu sehen.[\/vc_column_text][\/vc_column][\/vc_row][vc_row][vc_column width=&#8220;3\/4&#8243;][vc_column_text]Der Film besch\u00e4ftigt sich mit der Frage, ob Erwachsen werden einfach ist &#8211; und Erwachsen sein schwer? Die Berlinerin Charlie findet es verdammt schwer, die Erwartungen ihres Umfelds und ihre eigenen auseinander zu halten. Ihr Freund Marco m\u00f6chte ein Kind, und ihr Kollege Gerry mutma\u00dft ganz ungefragt: \u201eF\u00fcnf Jahre zusammen? Na, da seid ihr doch bestimmt bald zu dritt\u2026?\u201c Doch Charlie ist sich \u00fcberhaupt nicht sicher: Ist das sch\u00f6n, ein Kind zu haben, oder verschwindet sie selbst dabei mit ihren Bed\u00fcrfnissen? Charlie wird in ihrem Beruf als Lehrerin ganz sch\u00f6n gefordert und so richtig gut l\u00e4uft es mit Marco gerade nicht. Dabei war am Anfang alles so wunderbar leicht und spontan.[\/vc_column_text][vc_column_text]Sie h\u00e4tte gern wieder etwas von der Aufregung von fr\u00fcher, als sie bis in den Morgen tanzen ging. Anderen f\u00e4llt das leichter: Gerry kauft sich einen Wohnwagen und will sich Richtung Balkan treiben lassen, ihre beste Freundin bricht mit dem Rucksack nach Asien auf. Und dann wird auch noch Charlies geliebte, lebenslustige Oma krank. Ist es so, das Erwachsen sein?[\/vc_column_text][vc_column_text]<\/p>\n<h3 id=\"u10086-8\">Regie Statement Philipp Eichholtz:<\/h3>\n<p id=\"u10086-10\"><em>&#8222;Wie verfilmt man ein Gef\u00fchl? Man versucht es in Worte zu fassen und sofort wirkt es klein, mickrig und banal. Und doch ist es da \u2013 dieses Problem, dieses nagende Gef\u00fchl. Dann f\u00fchle ich mich oft uneins mit mir und meiner Umwelt. Egal wie gut es in meinem Leben l\u00e4uft, gerate ich dann ganz schnell in eine art Erstarrung vom Leben. Unf\u00e4hig irgendeine Entscheidung zu treffen, halte ich Situationen einfach nur noch aus.\u00a0Ich werde zum Tourist, der meine Probleme zwar mit gro\u00dfem Interesse beobachtet, aber die Konsequenzen daraus mit sich selbst nicht in Verbindung bringt.<\/em><\/p>\n<p>[\/vc_column_text][\/vc_column][vc_column width=&#8220;1\/4&#8243;][vc_single_image image=&#8220;13261&#8243; img_size=&#8220;full&#8220;][vc_btn title=&#8220;Prime Video&#8220; color=&#8220;sky&#8220; size=&#8220;sm&#8220; align=&#8220;center&#8220; i_type=&#8220;monosocial&#8220; i_icon_monosocial=&#8220;vc-mono vc-mono-amazon&#8220; button_block=&#8220;true&#8220; add_icon=&#8220;true&#8220; link=&#8220;url:https%3A%2F%2Fwww.amazon.de%2FR%C3%BCckenwind-von-vorn-Victoria-Schulz%2Fdp%2FB07FLGJ9CN%2Fref%3Dsr_1_1%3Fie%3DUTF8%26qid%3D1537710920%26sr%3D8-1%26keywords%3DR%C3%BCckenwind%2Bvon%2Bvorn|title:R%C3%BCckenwind%20von%20vorn%20bei%20Prime%20Video|target:%20_blank|&#8220;][\/vc_column][\/vc_row][vc_row][vc_column][vc_column_text]<\/p>\n<p id=\"u10086-10\"><em>Das einzige was am Ende bleibt, ist ein vages Gef\u00fchl das etwas nicht passt.\u00a0Ich f\u00fchle mich dann oft verloren und einsam, aus Angst die falsche Entscheidung zu treffen, treffe ich lieber gar keine. Meine Hauptfigur Charlie f\u00fchlt sich genauso verloren. Schien vor ein paar Jahren, Weltreisen und lange Partyn\u00e4chte noch ohne Probleme m\u00f6glich. Ist sie jetzt auf einmal fest im Berufsleben, muss sich um ihre Oma k\u00fcmmern und ist dabei eine Familie mit ihrem langj\u00e4hrigen Freund zu gr\u00fcnden. Doch will sie das alles? Oder besser gefragt, will sie das alles jetzt?<\/em><\/p>\n<p id=\"u10086-13\"><em>Am Ende geht es nicht nur um die Frage wer man vom Selbstbild her gerne w\u00e4re, sondern herauszufinden was man wirklich f\u00fcr sich braucht.&#8220;<\/em><\/p>\n<p>[\/vc_column_text][\/vc_column][\/vc_row][vc_row][vc_column][vc_video link=&#8220;https:\/\/www.youtube.com\/watch?v=41RkR7N3uBk&#8220;][\/vc_column][\/vc_row][vc_row][vc_column][vc_column_text]<span style=\"font-size: 10pt; color: #b5b5b5;\"><strong style=\"font-style: italic;\">* &#8222;exklusiv&#8220;<\/strong><i> bedeutet in dem Fall, dass der Film &#8222;R\u00fcckenwind von vorn&#8220; f\u00fcr alle <\/i><strong style=\"font-style: italic;\">Amazon Prime<\/strong><i> Kunden im Rahmen Ihres <\/i><strong style=\"font-style: italic;\">Prime Video<\/strong><i> Abos (SVoD &#8211; subscription-video-on-demand) kostenlos zu sehen und der Film in k<\/i><span style=\"caret-color: #999999;\"><i>einem<\/i><\/span><i>\u00a0anderen Abo-Modell enthalten ist. Alle anderen Interessierten k\u00f6nnen den Film\u00a0<\/i><span style=\"caret-color: #999999;\"><i>jedoch<\/i><\/span><i>\u00a0bald auch auf Amazon und anderen Portalen k\u00e4uflich erwerben, ausleihen\/streamen oder die DVD kaufen.<\/i><\/span>[\/vc_column_text][\/vc_column][\/vc_row]<\/p>\n<\/div>","protected":false},"excerpt":{"rendered":"<p>[vc_row][vc_column][vc_column_text]Der Darling Berlin Film &#8222;R\u00fcckenwind von vorn&#8220; (englisch: &#8222;Away You Go&#8222;) ist ab heute im Rahmen des &#8222;Film Festivals Stars Programms &#8211; Berlinale 2018&#8220; von Amazon exklusiv* bei Prime Video zu sehen.[\/vc_column_text][\/vc_column][\/vc_row][vc_row][vc_column width=&#8220;3\/4&#8243;][vc_column_text]Der Film besch\u00e4ftigt sich mit der Frage, ob Erwachsen werden einfach ist &#8211; und Erwachsen sein schwer? Die Berlinerin Charlie findet es verdammt&hellip;<\/p>\n","protected":false},"author":2,"featured_media":17002,"comment_status":"closed","ping_status":"closed","sticky":false,"template":"","format":"standard","meta":{"_acf_changed":false,"footnotes":""},"categories":[830,8,13],"tags":[2773,2700,4757,2652,2701,2572,2757,2703,2656,2266,2661,2373,2707,2375,2777,2376,4758,2513,2708,2709],"class_list":["post-16992","post","type-post","status-publish","format-standard","has-post-thumbnail","hentry","category-darling-berlin","category-film","category-news","tag-68-berlinale","tag-aleksandar-radenkovic","tag-amazon","tag-amelie-kiefer","tag-angelika-waller","tag-berlinale","tag-berlinale-2018","tag-claudius-von-stolzmann","tag-daniel-zillmann","tag-darling-berlin","tag-karin-hanczewski","tag-martina-schoene-radunski","tag-natalia-bobrich","tag-oliver-jerke","tag-perspektive-deutsches-kino","tag-philipp-eichholtz","tag-prime-video","tag-rueckenwind-von-vorn","tag-ruth-bickelhaupt","tag-victoria-schulz","category-830","category-8","category-13","description-off"],"acf":[],"yoast_head":"<!-- This site is optimized with the Yoast SEO plugin v27.5 - https:\/\/yoast.com\/product\/yoast-seo-wordpress\/ -->\n<title>&quot;R\u00fcckenwind von vorn&quot; (Darling Berlin) von Philipp Eichholtz ab jetzt bei Prime Video zu sehen - UCM.ONE<\/title>\n<meta name=\"description\" content=\"Der Darling Berlin Film &quot;R\u00fcckenwind von vorn&quot; (englisch: &quot;Away You Go&quot;) ist ab heute im Rahmen des &quot;Film Festivals Stars Programm - Berlinale 2018&quot; von Amazon exklusiv* bei Prime Video zu sehen.\" \/>\n<meta name=\"robots\" content=\"index, follow, max-snippet:-1, max-image-preview:large, max-video-preview:-1\" \/>\n<link rel=\"canonical\" href=\"https:\/\/ucm.one\/de\/rueckenwind-von-vorn-darling-berlin-von-philipp-eichholtz-ab-jetzt-bei-prime-video-zu-sehen\/\" \/>\n<meta property=\"og:locale\" content=\"de_DE\" \/>\n<meta property=\"og:type\" content=\"article\" \/>\n<meta property=\"og:title\" content=\"&quot;R\u00fcckenwind von vorn&quot; (Darling Berlin) von Philipp Eichholtz ab jetzt bei Prime Video zu sehen - UCM.ONE\" \/>\n<meta property=\"og:description\" content=\"Der Darling Berlin Film &quot;R\u00fcckenwind von vorn&quot; (englisch: &quot;Away You Go&quot;) ist ab heute im Rahmen des &quot;Film Festivals Stars Programm - Berlinale 2018&quot; von Amazon exklusiv* bei Prime Video zu sehen.\" \/>\n<meta property=\"og:url\" content=\"https:\/\/ucm.one\/de\/rueckenwind-von-vorn-darling-berlin-von-philipp-eichholtz-ab-jetzt-bei-prime-video-zu-sehen\/\" \/>\n<meta property=\"og:site_name\" content=\"UCM.ONE\" \/>\n<meta property=\"article:published_time\" content=\"2018-09-20T12:15:59+00:00\" \/>\n<meta property=\"article:modified_time\" content=\"2018-09-23T21:55:56+00:00\" \/>\n<meta property=\"og:image\" content=\"https:\/\/ucm.one\/wp-content\/uploads\/2018\/09\/B-R\u00fcckenwind-von-vorn-Amazon-Prime-Video.jpg\" \/>\n\t<meta property=\"og:image:width\" content=\"1920\" \/>\n\t<meta property=\"og:image:height\" content=\"600\" \/>\n\t<meta property=\"og:image:type\" content=\"image\/jpeg\" \/>\n<meta name=\"author\" content=\"Joachim Keil\" \/>\n<meta name=\"twitter:card\" content=\"summary_large_image\" \/>\n<meta name=\"twitter:label1\" content=\"Verfasst von\" \/>\n\t<meta name=\"twitter:data1\" content=\"Joachim Keil\" \/>\n\t<meta name=\"twitter:label2\" content=\"Gesch\u00e4tzte Lesezeit\" \/>\n\t<meta name=\"twitter:data2\" content=\"3\u00a0Minuten\" \/>\n<!-- \/ Yoast SEO plugin. -->","yoast_head_json":{"title":"\"R\u00fcckenwind von vorn\" (Darling Berlin) von Philipp Eichholtz ab jetzt bei Prime Video zu sehen - UCM.ONE","description":"Der Darling Berlin Film \"R\u00fcckenwind von vorn\" (englisch: \"Away You Go\") ist ab heute im Rahmen des \"Film Festivals Stars Programm - Berlinale 2018\" von Amazon exklusiv* bei Prime Video zu sehen.","robots":{"index":"index","follow":"follow","max-snippet":"max-snippet:-1","max-image-preview":"max-image-preview:large","max-video-preview":"max-video-preview:-1"},"canonical":"https:\/\/ucm.one\/de\/rueckenwind-von-vorn-darling-berlin-von-philipp-eichholtz-ab-jetzt-bei-prime-video-zu-sehen\/","og_locale":"de_DE","og_type":"article","og_title":"\"R\u00fcckenwind von vorn\" (Darling Berlin) von Philipp Eichholtz ab jetzt bei Prime Video zu sehen - UCM.ONE","og_description":"Der Darling Berlin Film \"R\u00fcckenwind von vorn\" (englisch: \"Away You Go\") ist ab heute im Rahmen des \"Film Festivals Stars Programm - Berlinale 2018\" von Amazon exklusiv* bei Prime Video zu sehen.","og_url":"https:\/\/ucm.one\/de\/rueckenwind-von-vorn-darling-berlin-von-philipp-eichholtz-ab-jetzt-bei-prime-video-zu-sehen\/","og_site_name":"UCM.ONE","article_published_time":"2018-09-20T12:15:59+00:00","article_modified_time":"2018-09-23T21:55:56+00:00","og_image":[{"width":1920,"height":600,"url":"https:\/\/ucm.one\/wp-content\/uploads\/2018\/09\/B-R\u00fcckenwind-von-vorn-Amazon-Prime-Video.jpg","type":"image\/jpeg"}],"author":"Joachim Keil","twitter_card":"summary_large_image","twitter_misc":{"Verfasst von":"Joachim Keil","Gesch\u00e4tzte Lesezeit":"3\u00a0Minuten"},"schema":{"@context":"https:\/\/schema.org","@graph":[{"@type":"Article","@id":"https:\/\/ucm.one\/de\/rueckenwind-von-vorn-darling-berlin-von-philipp-eichholtz-ab-jetzt-bei-prime-video-zu-sehen\/#article","isPartOf":{"@id":"https:\/\/ucm.one\/de\/rueckenwind-von-vorn-darling-berlin-von-philipp-eichholtz-ab-jetzt-bei-prime-video-zu-sehen\/"},"author":{"name":"Joachim Keil","@id":"https:\/\/ucm.one\/de\/#\/schema\/person\/4b959e467e8acc058836467a0ef8fa50"},"headline":"&#8222;R\u00fcckenwind von vorn&#8220; (Darling Berlin) von Philipp Eichholtz ab jetzt bei Prime Video zu sehen","datePublished":"2018-09-20T12:15:59+00:00","dateModified":"2018-09-23T21:55:56+00:00","mainEntityOfPage":{"@id":"https:\/\/ucm.one\/de\/rueckenwind-von-vorn-darling-berlin-von-philipp-eichholtz-ab-jetzt-bei-prime-video-zu-sehen\/"},"wordCount":692,"publisher":{"@id":"https:\/\/ucm.one\/de\/#organization"},"image":{"@id":"https:\/\/ucm.one\/de\/rueckenwind-von-vorn-darling-berlin-von-philipp-eichholtz-ab-jetzt-bei-prime-video-zu-sehen\/#primaryimage"},"thumbnailUrl":"https:\/\/ucm.one\/wp-content\/uploads\/2018\/09\/B-R\u00fcckenwind-von-vorn-Amazon-Prime-Video.jpg","keywords":["68. Berlinale","Aleksandar Radenkovic","Amazon","Amelie Kiefer","Angelika Waller","Berlinale","Berlinale 2018","Claudius von Stolzmann","Daniel Zillmann","Darling Berlin","Karin Hanczewski","Martina Sch\u00f6ne-Radunski","Natalia Bobrich","Oliver Jerke","Perspektive Deutsches Kino","Philipp Eichholtz","Prime Video","R\u00fcckenwind von vorn","Ruth Bickelhaupt","Victoria Schulz"],"articleSection":["Darling Berlin","Film","News"],"inLanguage":"de"},{"@type":"WebPage","@id":"https:\/\/ucm.one\/de\/rueckenwind-von-vorn-darling-berlin-von-philipp-eichholtz-ab-jetzt-bei-prime-video-zu-sehen\/","url":"https:\/\/ucm.one\/de\/rueckenwind-von-vorn-darling-berlin-von-philipp-eichholtz-ab-jetzt-bei-prime-video-zu-sehen\/","name":"\"R\u00fcckenwind von vorn\" (Darling Berlin) von Philipp Eichholtz ab jetzt bei Prime Video zu sehen - UCM.ONE","isPartOf":{"@id":"https:\/\/ucm.one\/de\/#website"},"primaryImageOfPage":{"@id":"https:\/\/ucm.one\/de\/rueckenwind-von-vorn-darling-berlin-von-philipp-eichholtz-ab-jetzt-bei-prime-video-zu-sehen\/#primaryimage"},"image":{"@id":"https:\/\/ucm.one\/de\/rueckenwind-von-vorn-darling-berlin-von-philipp-eichholtz-ab-jetzt-bei-prime-video-zu-sehen\/#primaryimage"},"thumbnailUrl":"https:\/\/ucm.one\/wp-content\/uploads\/2018\/09\/B-R\u00fcckenwind-von-vorn-Amazon-Prime-Video.jpg","datePublished":"2018-09-20T12:15:59+00:00","dateModified":"2018-09-23T21:55:56+00:00","description":"Der Darling Berlin Film \"R\u00fcckenwind von vorn\" (englisch: \"Away You Go\") ist ab heute im Rahmen des \"Film Festivals Stars Programm - Berlinale 2018\" von Amazon exklusiv* bei Prime Video zu sehen.","breadcrumb":{"@id":"https:\/\/ucm.one\/de\/rueckenwind-von-vorn-darling-berlin-von-philipp-eichholtz-ab-jetzt-bei-prime-video-zu-sehen\/#breadcrumb"},"inLanguage":"de","potentialAction":[{"@type":"ReadAction","target":["https:\/\/ucm.one\/de\/rueckenwind-von-vorn-darling-berlin-von-philipp-eichholtz-ab-jetzt-bei-prime-video-zu-sehen\/"]}]},{"@type":"ImageObject","inLanguage":"de","@id":"https:\/\/ucm.one\/de\/rueckenwind-von-vorn-darling-berlin-von-philipp-eichholtz-ab-jetzt-bei-prime-video-zu-sehen\/#primaryimage","url":"https:\/\/ucm.one\/wp-content\/uploads\/2018\/09\/B-R\u00fcckenwind-von-vorn-Amazon-Prime-Video.jpg","contentUrl":"https:\/\/ucm.one\/wp-content\/uploads\/2018\/09\/B-R\u00fcckenwind-von-vorn-Amazon-Prime-Video.jpg","width":1920,"height":600},{"@type":"BreadcrumbList","@id":"https:\/\/ucm.one\/de\/rueckenwind-von-vorn-darling-berlin-von-philipp-eichholtz-ab-jetzt-bei-prime-video-zu-sehen\/#breadcrumb","itemListElement":[{"@type":"ListItem","position":1,"name":"Home","item":"https:\/\/ucm.one\/de\/"},{"@type":"ListItem","position":2,"name":"&#8220;R\u00fcckenwind von vorn&#8221; (Darling Berlin) von Philipp Eichholtz ab jetzt bei Prime Video zu sehen"}]},{"@type":"WebSite","@id":"https:\/\/ucm.one\/de\/#website","url":"https:\/\/ucm.one\/de\/","name":"UCM.ONE","description":"","publisher":{"@id":"https:\/\/ucm.one\/de\/#organization"},"potentialAction":[{"@type":"SearchAction","target":{"@type":"EntryPoint","urlTemplate":"https:\/\/ucm.one\/de\/?s={search_term_string}"},"query-input":{"@type":"PropertyValueSpecification","valueRequired":true,"valueName":"search_term_string"}}],"inLanguage":"de"},{"@type":"Organization","@id":"https:\/\/ucm.one\/de\/#organization","name":"UCM.ONE","url":"https:\/\/ucm.one\/de\/","logo":{"@type":"ImageObject","inLanguage":"de","@id":"https:\/\/ucm.one\/de\/#\/schema\/logo\/image\/","url":"https:\/\/ucm.one\/wp-content\/uploads\/2019\/10\/UCM.ONE-Logo-RGB.svg","contentUrl":"https:\/\/ucm.one\/wp-content\/uploads\/2019\/10\/UCM.ONE-Logo-RGB.svg","width":1,"height":1,"caption":"UCM.ONE"},"image":{"@id":"https:\/\/ucm.one\/de\/#\/schema\/logo\/image\/"}},{"@type":"Person","@id":"https:\/\/ucm.one\/de\/#\/schema\/person\/4b959e467e8acc058836467a0ef8fa50","name":"Joachim Keil","image":{"@type":"ImageObject","inLanguage":"de","@id":"https:\/\/secure.gravatar.com\/avatar\/10e1dfd05f2a7a7bc83cd44bae31e01c8ac15f974229211a2b1a49fa0a22fec0?s=96&d=mm&r=g","url":"https:\/\/secure.gravatar.com\/avatar\/10e1dfd05f2a7a7bc83cd44bae31e01c8ac15f974229211a2b1a49fa0a22fec0?s=96&d=mm&r=g","contentUrl":"https:\/\/secure.gravatar.com\/avatar\/10e1dfd05f2a7a7bc83cd44bae31e01c8ac15f974229211a2b1a49fa0a22fec0?s=96&d=mm&r=g","caption":"Joachim Keil"},"sameAs":["https:\/\/ucm.one"]}]}},"_links":{"self":[{"href":"https:\/\/ucm.one\/de\/wp-json\/wp\/v2\/posts\/16992","targetHints":{"allow":["GET"]}}],"collection":[{"href":"https:\/\/ucm.one\/de\/wp-json\/wp\/v2\/posts"}],"about":[{"href":"https:\/\/ucm.one\/de\/wp-json\/wp\/v2\/types\/post"}],"author":[{"embeddable":true,"href":"https:\/\/ucm.one\/de\/wp-json\/wp\/v2\/users\/2"}],"replies":[{"embeddable":true,"href":"https:\/\/ucm.one\/de\/wp-json\/wp\/v2\/comments?post=16992"}],"version-history":[{"count":0,"href":"https:\/\/ucm.one\/de\/wp-json\/wp\/v2\/posts\/16992\/revisions"}],"wp:featuredmedia":[{"embeddable":true,"href":"https:\/\/ucm.one\/de\/wp-json\/wp\/v2\/media\/17002"}],"wp:attachment":[{"href":"https:\/\/ucm.one\/de\/wp-json\/wp\/v2\/media?parent=16992"}],"wp:term":[{"taxonomy":"category","embeddable":true,"href":"https:\/\/ucm.one\/de\/wp-json\/wp\/v2\/categories?post=16992"},{"taxonomy":"post_tag","embeddable":true,"href":"https:\/\/ucm.one\/de\/wp-json\/wp\/v2\/tags?post=16992"}],"curies":[{"name":"wp","href":"https:\/\/api.w.org\/{rel}","templated":true}]}}