{"id":15177,"date":"2018-06-22T14:38:27","date_gmt":"2018-06-22T14:38:27","guid":{"rendered":"https:\/\/ucm.one\/?p=15177"},"modified":"2018-09-28T12:14:44","modified_gmt":"2018-09-28T12:14:44","slug":"staffel-3-der-zombie-apokalypse-z-nation-ab-28-september-auf-blu-ray-dvd-und-als-download-erhaeltlich","status":"publish","type":"post","link":"https:\/\/ucm.one\/de\/staffel-3-der-zombie-apokalypse-z-nation-ab-28-september-auf-blu-ray-dvd-und-als-download-erhaeltlich\/","title":{"rendered":"Staffel 3 der Zombie-Apokalypse &#8222;Z Nation&#8220; ab 28. September auf Blu-Ray, DVD und als Download erh\u00e4ltlich"},"content":{"rendered":"<div class=\"wpb-content-wrapper\"><p>[vc_row][vc_column][vc_column_text]Ab 28. September wird <strong>Staffel 3<\/strong> der\u00a0US-amerikanischen postapokalyptischen Zombie-Drama-Serie\u00a0<strong>Z Nation <\/strong>des Regisseurs <strong>Karl Schaefer<\/strong>,\u00a0produziert von <strong>The Asylum<\/strong> (u.a. bekannt von den Sharknado-Filmen)<b>\u00a0<\/b>auf dem<b>\u00a0<\/b>Label<b> M-Square Pictures\u00a0<\/b>erh\u00e4ltlich sein. Auch die Ver\u00f6ffentlichungsdaten von Staffel 4 und 5 stehen schon fest: Staffel 4 wird Im Januar 2019 auf Blu-Ray, DVD und als Download zur Verf\u00fcgung stehen, Staffel 5 folgt im M\u00e4rz 2020.[\/vc_column_text][vc_column_text]Die Serie <strong>Z Nation<\/strong>\u00a0beginnt in einer Zeit, in der ein Zombie-Virus die Menschheit nahezu vollst\u00e4ndig ausgerottet hat. Die letzte Hoffnung auf eine positive Wende ruht auf Murphy &#8211; den einzigen bekannten \u00dcberlebenden eines Zombieangriffs. Doch der potentielle Heilsbringer Murphy tr\u00e4gt nicht nur die begehrten Antik\u00f6rper in sich, sondern auch ein gef\u00e4hrliches Geheimnis \u2013 und jede Menge schlechte Laune.[\/vc_column_text][\/vc_column][\/vc_row][vc_row][vc_column][vc_single_image image=&#8220;15179&#8243; img_size=&#8220;full&#8220;][\/vc_column][\/vc_row][vc_row][vc_column][vc_column_text]In Staffel 3 der Serie werden Roberta (<strong>Kellita Smith<\/strong>) und der Rest der Gruppe mit einem neuen Gegner &#8222;The Man&#8220; (<strong>Joseph Gatt<\/strong>) konfrontiert, der noch viel m\u00e4chtiger und gef\u00e4hrlicher ist als alle vorherigen. &#8222;The Man&#8220; hat es auf s\u00e4mtliche \u00dcberlebenden abgesehen und greift die Stadt mit seiner Armee lebender Toten an. Insbesondere Dr. Teller (<strong>Frank Boyd<\/strong>) ist ihm ein Dorn im Auge.\u00a0Dabei hat &#8222;The Man&#8220; jedoch eine riesige Gefolgschaft auf seiner Seite und zeigt absolut keine Gnade. Lediglich Murphy (Keith Allen) gelingt es, zusammen mit seinem Team zu entkommen. Fortan setzt er alles daran, seinen eigenen Kult und seine eigene Ordnung in der Zombie-Apokalypse zu errichten.[\/vc_column_text][\/vc_column][\/vc_row][vc_row][vc_column width=&#8220;1\/2&#8243;][vc_column_text]<img decoding=\"async\" class=\"alignnone size-full wp-image-15184\" src=\"https:\/\/ucm.one\/wp-content\/uploads\/2018\/06\/Z-Nation-The-Man.jpg\" alt=\"\" width=\"1200\" height=\"1200\" srcset=\"https:\/\/ucm.one\/wp-content\/uploads\/2018\/06\/Z-Nation-The-Man.jpg 1200w, https:\/\/ucm.one\/wp-content\/uploads\/2018\/06\/Z-Nation-The-Man-300x300.jpg 300w, https:\/\/ucm.one\/wp-content\/uploads\/2018\/06\/Z-Nation-The-Man-200x200.jpg 200w, https:\/\/ucm.one\/wp-content\/uploads\/2018\/06\/Z-Nation-The-Man-600x600.jpg 600w, https:\/\/ucm.one\/wp-content\/uploads\/2018\/06\/Z-Nation-The-Man-150x150.jpg 150w, https:\/\/ucm.one\/wp-content\/uploads\/2018\/06\/Z-Nation-The-Man-768x768.jpg 768w, https:\/\/ucm.one\/wp-content\/uploads\/2018\/06\/Z-Nation-The-Man-1024x1024.jpg 1024w\" sizes=\"(max-width: 1200px) 100vw, 1200px\" \/>[\/vc_column_text][\/vc_column][vc_column width=&#8220;1\/2&#8243;][vc_column_text]<\/p>\n<h3>Episoden der Staffel 3 (deutsche und englische Namen):<\/h3>\n<p>[\/vc_column_text][vc_column_text]<\/p>\n<h3><\/h3>\n<ol>\n<li>Gnadenlos [1] (No Mercy [1])<\/li>\n<li>Gnadenlos [2] (No Mercy [2])<\/li>\n<li>Eine neue Mission (A New Mission)<\/li>\n<li>Wenn der Postmann Zombies g\u00e4ngelt (Murphy\u2019s Miracle)<\/li>\n<li>Escorpion und die rote Hand (Escorpion and the Red Hand)<\/li>\n<li>Zehntausend Visionen (Little Red and the Wolf)<\/li>\n<li>Doc fliegt \u00fcbers Kuckucksnest (Doc Flew Over the Cuckoo\u2019s Nest)<\/li>\n<li>Willkommen in Murphytown (Welcome to Murphytown)<\/li>\n<li>Qualkampf (Election Day)<\/li>\n<li>Nur die Rechtschaffenen haben keine Furcht (Heart of Darkness)<\/li>\n<li>Sie werden so schnell erwachsen &#8211; They Grow Up So Quickly<\/li>\n<li>Drei Engel f\u00fcr Doc (Doc\u2019s Angels)<\/li>\n<li>Die Belagerung von Murphytown (The Siege of Murphytown)<\/li>\n<li>Duell um Lucy (Duel)<\/li>\n<li>Und wenn sie nicht gestorben sind (Everybody Dies in the End)<\/li>\n<\/ol>\n<p>[\/vc_column_text][vc_column_text]Die Initiatoren der Serie <strong>Z Nation<\/strong>,<strong>\u00a0<\/strong>Karl Schaefer und Craig Engler, \u00a0beschreiben die Serie als einen Versuch, <em>&#8222;den Spa\u00df zur\u00fcck in das Zombiegenre zu bringen, der ihnen durch Fernsehserien wie \u201e<strong>The Walking Dead<\/strong>\u201c zu ernst geworden sei&#8220;.<\/em>[\/vc_column_text][\/vc_column][\/vc_row][vc_row][vc_column][vc_column_text]<strong>Z Nation<\/strong> ist auch auf SyFy, RTL II und Netflix zu sehen.[\/vc_column_text][\/vc_column][\/vc_row]<\/p>\n<\/div>","protected":false},"excerpt":{"rendered":"<p>[vc_row][vc_column][vc_column_text]Ab 28. September wird Staffel 3 der\u00a0US-amerikanischen postapokalyptischen Zombie-Drama-Serie\u00a0Z Nation des Regisseurs Karl Schaefer,\u00a0produziert von The Asylum (u.a. bekannt von den Sharknado-Filmen)\u00a0auf dem\u00a0Label M-Square Pictures\u00a0erh\u00e4ltlich sein. Auch die Ver\u00f6ffentlichungsdaten von Staffel 4 und 5 stehen schon fest: Staffel 4 wird Im Januar 2019 auf Blu-Ray, DVD und als Download zur Verf\u00fcgung stehen, Staffel 5 folgt&hellip;<\/p>\n","protected":false},"author":2,"featured_media":15960,"comment_status":"closed","ping_status":"closed","sticky":false,"template":"","format":"standard","meta":{"_acf_changed":false,"footnotes":""},"categories":[8,1046,13],"tags":[2380,2381,2332,2382,2324,2325,2383,2384,2385,2386,2387,2388,2389,2390,2391,2392],"class_list":["post-15177","post","type-post","status-publish","format-standard","has-post-thumbnail","hentry","category-film","category-m-square-pictures","category-news","tag-dj-qualls","tag-episode-3","tag-horror","tag-kellita-smith","tag-m-square-pictures","tag-netflix","tag-rtl-ii","tag-russell-hodgkinson","tag-serie","tag-syfy","tag-the-asylum","tag-the-walking-dead","tag-virus","tag-z-nation","tag-zombie-apokalypse","tag-zombies","category-8","category-1046","category-13","description-off"],"acf":[],"yoast_head":"<!-- This site is optimized with the Yoast SEO plugin v27.5 - https:\/\/yoast.com\/product\/yoast-seo-wordpress\/ -->\n<title>Staffel 3 der Zombie-Apokalypse &quot;Z Nation&quot; ab 28. September auf Blu-Ray, DVD und als Download erh\u00e4ltlich - UCM.ONE<\/title>\n<meta name=\"robots\" content=\"index, follow, max-snippet:-1, max-image-preview:large, max-video-preview:-1\" \/>\n<link rel=\"canonical\" href=\"https:\/\/ucm.one\/de\/staffel-3-der-zombie-apokalypse-z-nation-ab-28-september-auf-blu-ray-dvd-und-als-download-erhaeltlich\/\" \/>\n<meta property=\"og:locale\" content=\"de_DE\" \/>\n<meta property=\"og:type\" content=\"article\" \/>\n<meta property=\"og:title\" content=\"Staffel 3 der Zombie-Apokalypse &quot;Z Nation&quot; ab 28. September auf Blu-Ray, DVD und als Download erh\u00e4ltlich - UCM.ONE\" \/>\n<meta property=\"og:description\" content=\"[vc_row][vc_column][vc_column_text]Ab 28. September wird Staffel 3 der\u00a0US-amerikanischen postapokalyptischen Zombie-Drama-Serie\u00a0Z Nation des Regisseurs Karl Schaefer,\u00a0produziert von The Asylum (u.a. bekannt von den Sharknado-Filmen)\u00a0auf dem\u00a0Label M-Square Pictures\u00a0erh\u00e4ltlich sein. Auch die Ver\u00f6ffentlichungsdaten von Staffel 4 und 5 stehen schon fest: Staffel 4 wird Im Januar 2019 auf Blu-Ray, DVD und als Download zur Verf\u00fcgung stehen, Staffel 5 folgt&hellip;\" \/>\n<meta property=\"og:url\" content=\"https:\/\/ucm.one\/de\/staffel-3-der-zombie-apokalypse-z-nation-ab-28-september-auf-blu-ray-dvd-und-als-download-erhaeltlich\/\" \/>\n<meta property=\"og:site_name\" content=\"UCM.ONE\" \/>\n<meta property=\"article:published_time\" content=\"2018-06-22T14:38:27+00:00\" \/>\n<meta property=\"article:modified_time\" content=\"2018-09-28T12:14:44+00:00\" \/>\n<meta property=\"og:image\" content=\"https:\/\/ucm.one\/wp-content\/uploads\/2018\/08\/B-Z-Nation-3-75.jpg\" \/>\n\t<meta property=\"og:image:width\" content=\"1920\" \/>\n\t<meta property=\"og:image:height\" content=\"600\" \/>\n\t<meta property=\"og:image:type\" content=\"image\/jpeg\" \/>\n<meta name=\"author\" content=\"Joachim Keil\" \/>\n<meta name=\"twitter:card\" content=\"summary_large_image\" \/>\n<meta name=\"twitter:label1\" content=\"Verfasst von\" \/>\n\t<meta name=\"twitter:data1\" content=\"Joachim Keil\" \/>\n\t<meta name=\"twitter:label2\" content=\"Gesch\u00e4tzte Lesezeit\" \/>\n\t<meta name=\"twitter:data2\" content=\"2\u00a0Minuten\" \/>\n<!-- \/ Yoast SEO plugin. -->","yoast_head_json":{"title":"Staffel 3 der Zombie-Apokalypse \"Z Nation\" ab 28. September auf Blu-Ray, DVD und als Download erh\u00e4ltlich - UCM.ONE","robots":{"index":"index","follow":"follow","max-snippet":"max-snippet:-1","max-image-preview":"max-image-preview:large","max-video-preview":"max-video-preview:-1"},"canonical":"https:\/\/ucm.one\/de\/staffel-3-der-zombie-apokalypse-z-nation-ab-28-september-auf-blu-ray-dvd-und-als-download-erhaeltlich\/","og_locale":"de_DE","og_type":"article","og_title":"Staffel 3 der Zombie-Apokalypse \"Z Nation\" ab 28. September auf Blu-Ray, DVD und als Download erh\u00e4ltlich - UCM.ONE","og_description":"[vc_row][vc_column][vc_column_text]Ab 28. September wird Staffel 3 der\u00a0US-amerikanischen postapokalyptischen Zombie-Drama-Serie\u00a0Z Nation des Regisseurs Karl Schaefer,\u00a0produziert von The Asylum (u.a. bekannt von den Sharknado-Filmen)\u00a0auf dem\u00a0Label M-Square Pictures\u00a0erh\u00e4ltlich sein. Auch die Ver\u00f6ffentlichungsdaten von Staffel 4 und 5 stehen schon fest: Staffel 4 wird Im Januar 2019 auf Blu-Ray, DVD und als Download zur Verf\u00fcgung stehen, Staffel 5 folgt&hellip;","og_url":"https:\/\/ucm.one\/de\/staffel-3-der-zombie-apokalypse-z-nation-ab-28-september-auf-blu-ray-dvd-und-als-download-erhaeltlich\/","og_site_name":"UCM.ONE","article_published_time":"2018-06-22T14:38:27+00:00","article_modified_time":"2018-09-28T12:14:44+00:00","og_image":[{"width":1920,"height":600,"url":"https:\/\/ucm.one\/wp-content\/uploads\/2018\/08\/B-Z-Nation-3-75.jpg","type":"image\/jpeg"}],"author":"Joachim Keil","twitter_card":"summary_large_image","twitter_misc":{"Verfasst von":"Joachim Keil","Gesch\u00e4tzte Lesezeit":"2\u00a0Minuten"},"schema":{"@context":"https:\/\/schema.org","@graph":[{"@type":"Article","@id":"https:\/\/ucm.one\/de\/staffel-3-der-zombie-apokalypse-z-nation-ab-28-september-auf-blu-ray-dvd-und-als-download-erhaeltlich\/#article","isPartOf":{"@id":"https:\/\/ucm.one\/de\/staffel-3-der-zombie-apokalypse-z-nation-ab-28-september-auf-blu-ray-dvd-und-als-download-erhaeltlich\/"},"author":{"name":"Joachim Keil","@id":"https:\/\/ucm.one\/de\/#\/schema\/person\/4b959e467e8acc058836467a0ef8fa50"},"headline":"Staffel 3 der Zombie-Apokalypse &#8222;Z Nation&#8220; ab 28. September auf Blu-Ray, DVD und als Download erh\u00e4ltlich","datePublished":"2018-06-22T14:38:27+00:00","dateModified":"2018-09-28T12:14:44+00:00","mainEntityOfPage":{"@id":"https:\/\/ucm.one\/de\/staffel-3-der-zombie-apokalypse-z-nation-ab-28-september-auf-blu-ray-dvd-und-als-download-erhaeltlich\/"},"wordCount":514,"publisher":{"@id":"https:\/\/ucm.one\/de\/#organization"},"image":{"@id":"https:\/\/ucm.one\/de\/staffel-3-der-zombie-apokalypse-z-nation-ab-28-september-auf-blu-ray-dvd-und-als-download-erhaeltlich\/#primaryimage"},"thumbnailUrl":"https:\/\/ucm.one\/wp-content\/uploads\/2018\/08\/B-Z-Nation-3-75.jpg","keywords":["DJ Qualls","Episode 3","Horror","Kellita Smith","M-Square Pictures","Netflix","RTL II","Russell Hodgkinson","Serie","SyFy","The Asylum","The Walking Dead","Virus","Z Nation","Zombie Apokalypse","Zombies"],"articleSection":["Film","M-Square Pictures","News"],"inLanguage":"de"},{"@type":"WebPage","@id":"https:\/\/ucm.one\/de\/staffel-3-der-zombie-apokalypse-z-nation-ab-28-september-auf-blu-ray-dvd-und-als-download-erhaeltlich\/","url":"https:\/\/ucm.one\/de\/staffel-3-der-zombie-apokalypse-z-nation-ab-28-september-auf-blu-ray-dvd-und-als-download-erhaeltlich\/","name":"Staffel 3 der Zombie-Apokalypse \"Z Nation\" ab 28. September auf Blu-Ray, DVD und als Download erh\u00e4ltlich - UCM.ONE","isPartOf":{"@id":"https:\/\/ucm.one\/de\/#website"},"primaryImageOfPage":{"@id":"https:\/\/ucm.one\/de\/staffel-3-der-zombie-apokalypse-z-nation-ab-28-september-auf-blu-ray-dvd-und-als-download-erhaeltlich\/#primaryimage"},"image":{"@id":"https:\/\/ucm.one\/de\/staffel-3-der-zombie-apokalypse-z-nation-ab-28-september-auf-blu-ray-dvd-und-als-download-erhaeltlich\/#primaryimage"},"thumbnailUrl":"https:\/\/ucm.one\/wp-content\/uploads\/2018\/08\/B-Z-Nation-3-75.jpg","datePublished":"2018-06-22T14:38:27+00:00","dateModified":"2018-09-28T12:14:44+00:00","breadcrumb":{"@id":"https:\/\/ucm.one\/de\/staffel-3-der-zombie-apokalypse-z-nation-ab-28-september-auf-blu-ray-dvd-und-als-download-erhaeltlich\/#breadcrumb"},"inLanguage":"de","potentialAction":[{"@type":"ReadAction","target":["https:\/\/ucm.one\/de\/staffel-3-der-zombie-apokalypse-z-nation-ab-28-september-auf-blu-ray-dvd-und-als-download-erhaeltlich\/"]}]},{"@type":"ImageObject","inLanguage":"de","@id":"https:\/\/ucm.one\/de\/staffel-3-der-zombie-apokalypse-z-nation-ab-28-september-auf-blu-ray-dvd-und-als-download-erhaeltlich\/#primaryimage","url":"https:\/\/ucm.one\/wp-content\/uploads\/2018\/08\/B-Z-Nation-3-75.jpg","contentUrl":"https:\/\/ucm.one\/wp-content\/uploads\/2018\/08\/B-Z-Nation-3-75.jpg","width":1920,"height":600},{"@type":"BreadcrumbList","@id":"https:\/\/ucm.one\/de\/staffel-3-der-zombie-apokalypse-z-nation-ab-28-september-auf-blu-ray-dvd-und-als-download-erhaeltlich\/#breadcrumb","itemListElement":[{"@type":"ListItem","position":1,"name":"Home","item":"https:\/\/ucm.one\/de\/"},{"@type":"ListItem","position":2,"name":"Staffel 3 der Zombie-Apokalypse &#8220;Z Nation&#8221; ab 28. September auf Blu-Ray, DVD und als Download erh\u00e4ltlich"}]},{"@type":"WebSite","@id":"https:\/\/ucm.one\/de\/#website","url":"https:\/\/ucm.one\/de\/","name":"UCM.ONE","description":"","publisher":{"@id":"https:\/\/ucm.one\/de\/#organization"},"potentialAction":[{"@type":"SearchAction","target":{"@type":"EntryPoint","urlTemplate":"https:\/\/ucm.one\/de\/?s={search_term_string}"},"query-input":{"@type":"PropertyValueSpecification","valueRequired":true,"valueName":"search_term_string"}}],"inLanguage":"de"},{"@type":"Organization","@id":"https:\/\/ucm.one\/de\/#organization","name":"UCM.ONE","url":"https:\/\/ucm.one\/de\/","logo":{"@type":"ImageObject","inLanguage":"de","@id":"https:\/\/ucm.one\/de\/#\/schema\/logo\/image\/","url":"https:\/\/ucm.one\/wp-content\/uploads\/2019\/10\/UCM.ONE-Logo-RGB.svg","contentUrl":"https:\/\/ucm.one\/wp-content\/uploads\/2019\/10\/UCM.ONE-Logo-RGB.svg","width":1,"height":1,"caption":"UCM.ONE"},"image":{"@id":"https:\/\/ucm.one\/de\/#\/schema\/logo\/image\/"}},{"@type":"Person","@id":"https:\/\/ucm.one\/de\/#\/schema\/person\/4b959e467e8acc058836467a0ef8fa50","name":"Joachim Keil","image":{"@type":"ImageObject","inLanguage":"de","@id":"https:\/\/secure.gravatar.com\/avatar\/10e1dfd05f2a7a7bc83cd44bae31e01c8ac15f974229211a2b1a49fa0a22fec0?s=96&d=mm&r=g","url":"https:\/\/secure.gravatar.com\/avatar\/10e1dfd05f2a7a7bc83cd44bae31e01c8ac15f974229211a2b1a49fa0a22fec0?s=96&d=mm&r=g","contentUrl":"https:\/\/secure.gravatar.com\/avatar\/10e1dfd05f2a7a7bc83cd44bae31e01c8ac15f974229211a2b1a49fa0a22fec0?s=96&d=mm&r=g","caption":"Joachim Keil"},"sameAs":["https:\/\/ucm.one"]}]}},"_links":{"self":[{"href":"https:\/\/ucm.one\/de\/wp-json\/wp\/v2\/posts\/15177","targetHints":{"allow":["GET"]}}],"collection":[{"href":"https:\/\/ucm.one\/de\/wp-json\/wp\/v2\/posts"}],"about":[{"href":"https:\/\/ucm.one\/de\/wp-json\/wp\/v2\/types\/post"}],"author":[{"embeddable":true,"href":"https:\/\/ucm.one\/de\/wp-json\/wp\/v2\/users\/2"}],"replies":[{"embeddable":true,"href":"https:\/\/ucm.one\/de\/wp-json\/wp\/v2\/comments?post=15177"}],"version-history":[{"count":0,"href":"https:\/\/ucm.one\/de\/wp-json\/wp\/v2\/posts\/15177\/revisions"}],"wp:featuredmedia":[{"embeddable":true,"href":"https:\/\/ucm.one\/de\/wp-json\/wp\/v2\/media\/15960"}],"wp:attachment":[{"href":"https:\/\/ucm.one\/de\/wp-json\/wp\/v2\/media?parent=15177"}],"wp:term":[{"taxonomy":"category","embeddable":true,"href":"https:\/\/ucm.one\/de\/wp-json\/wp\/v2\/categories?post=15177"},{"taxonomy":"post_tag","embeddable":true,"href":"https:\/\/ucm.one\/de\/wp-json\/wp\/v2\/tags?post=15177"}],"curies":[{"name":"wp","href":"https:\/\/api.w.org\/{rel}","templated":true}]}}