{"id":14804,"date":"2016-10-14T19:07:13","date_gmt":"2016-10-14T19:07:13","guid":{"rendered":"https:\/\/ucm.one\/?p=14804"},"modified":"2018-08-17T11:54:47","modified_gmt":"2018-08-17T11:54:47","slug":"frontalwatte-mit-franz-rogowski-ab-heute-als-dvd-darling-berlin-erhaeltlich","status":"publish","type":"post","link":"https:\/\/ucm.one\/de\/frontalwatte-mit-franz-rogowski-ab-heute-als-dvd-darling-berlin-erhaeltlich\/","title":{"rendered":"&#8222;Frontalwatte&#8220; mit Franz Rogowski ab heute als DVD (Darling Berlin) erh\u00e4ltlich"},"content":{"rendered":"<div class=\"wpb-content-wrapper\"><p>[vc_row][vc_column][vc_column_text]Der Deb\u00fctfilm von <strong>Jakob Lass<\/strong>, dem mit <strong>Love Steaks<\/strong> ein \u00dcberraschungserfolg gelungen ist, endlich auf DVD! Mit den \u00a0Schauspielern <strong>Franz Rogowski<\/strong>, <strong>Gabi Heart<\/strong>, <strong>Martina Sch\u00f6ne-Radunski<\/strong>, <strong>Tom Lass.<\/strong><\/p>\n<p>Der Film widmet sich drei jungen Menschen, die zwischen Wohnungsbesichtigungen und Kiefer-Operationen ihren verr\u00fcckten Weg durch den Alltag navigieren\u2026\u00a0Frontalwatte ist wie gegen eine Wand rennen und weich fallen. Frontalwatte ist wie auf der B\u00fchne stehen mit Verbandszeug im Mund\u2026[\/vc_column_text][vc_column_text]<\/p>\n<h4>Spiegel Online:<\/h4>\n<p><em>\u201eDer Film von Jakob Lass \u00fcberzeugt durch die Spielfreude der Darsteller. Da ist zum Beispiel Franz Rogowski, der schon in Lass&#8216; Film &#8222;Love Steaks&#8220; die Hauptrolle bekam.<\/em>\u201c[\/vc_column_text][\/vc_column][\/vc_row][vc_row][vc_column][vc_video link=&#8220;https:\/\/www.youtube.com\/watch?v=KSHqWUDEkIY&#8220;][\/vc_column][\/vc_row]<\/p>\n<\/div>","protected":false},"excerpt":{"rendered":"<p>[vc_row][vc_column][vc_column_text]Der Deb\u00fctfilm von Jakob Lass, dem mit Love Steaks ein \u00dcberraschungserfolg gelungen ist, endlich auf DVD! Mit den \u00a0Schauspielern Franz Rogowski, Gabi Heart, Martina Sch\u00f6ne-Radunski, Tom Lass. Der Film widmet sich drei jungen Menschen, die zwischen Wohnungsbesichtigungen und Kiefer-Operationen ihren verr\u00fcckten Weg durch den Alltag navigieren\u2026\u00a0Frontalwatte ist wie gegen eine Wand rennen und weich fallen.&hellip;<\/p>\n","protected":false},"author":2,"featured_media":14806,"comment_status":"closed","ping_status":"closed","sticky":false,"template":"","format":"standard","meta":{"_acf_changed":false,"footnotes":""},"categories":[8,13],"tags":[2962,3025,3026,2266,2530,3027,3028,3029,3030,3031,3032,2503,3033,3034,3035,3036,2663,2373,3037,3038,3039,2515],"class_list":["post-14804","post","type-post","status-publish","format-standard","has-post-thumbnail","hentry","category-film","category-news","tag-arthouse","tag-carl-von-hollen","tag-charlotte-albrecht-charlotte-albrecht","tag-darling-berlin","tag-filmuniversitaet-babelsberg-konrad-wolf","tag-florian-felder","tag-franz-rogowski","tag-frontalwatte","tag-gabi-herz","tag-hanno-bachus","tag-harald-geil","tag-jakob-lass","tag-jannis-funk","tag-jean-paul-raths","tag-katja-gerz-katja-gerz","tag-katja-wagner","tag-lass-bros","tag-martina-schoene-radunski","tag-nenad-lucic","tag-paula-schramm","tag-simon-finkas","tag-tom-lass","category-8","category-13","description-off"],"acf":[],"yoast_head":"<!-- This site is optimized with the Yoast SEO plugin v27.5 - https:\/\/yoast.com\/product\/yoast-seo-wordpress\/ -->\n<title>&quot;Frontalwatte&quot; mit Franz Rogowski ab heute als DVD (Darling Berlin) erh\u00e4ltlich - UCM.ONE<\/title>\n<meta name=\"robots\" content=\"index, follow, max-snippet:-1, max-image-preview:large, max-video-preview:-1\" \/>\n<link rel=\"canonical\" href=\"https:\/\/ucm.one\/de\/frontalwatte-mit-franz-rogowski-ab-heute-als-dvd-darling-berlin-erhaeltlich\/\" \/>\n<meta property=\"og:locale\" content=\"de_DE\" \/>\n<meta property=\"og:type\" content=\"article\" \/>\n<meta property=\"og:title\" content=\"&quot;Frontalwatte&quot; mit Franz Rogowski ab heute als DVD (Darling Berlin) erh\u00e4ltlich - UCM.ONE\" \/>\n<meta property=\"og:description\" content=\"[vc_row][vc_column][vc_column_text]Der Deb\u00fctfilm von Jakob Lass, dem mit Love Steaks ein \u00dcberraschungserfolg gelungen ist, endlich auf DVD! Mit den \u00a0Schauspielern Franz Rogowski, Gabi Heart, Martina Sch\u00f6ne-Radunski, Tom Lass. Der Film widmet sich drei jungen Menschen, die zwischen Wohnungsbesichtigungen und Kiefer-Operationen ihren verr\u00fcckten Weg durch den Alltag navigieren\u2026\u00a0Frontalwatte ist wie gegen eine Wand rennen und weich fallen.&hellip;\" \/>\n<meta property=\"og:url\" content=\"https:\/\/ucm.one\/de\/frontalwatte-mit-franz-rogowski-ab-heute-als-dvd-darling-berlin-erhaeltlich\/\" \/>\n<meta property=\"og:site_name\" content=\"UCM.ONE\" \/>\n<meta property=\"article:published_time\" content=\"2016-10-14T19:07:13+00:00\" \/>\n<meta property=\"article:modified_time\" content=\"2018-08-17T11:54:47+00:00\" \/>\n<meta property=\"og:image\" content=\"https:\/\/ucm.one\/wp-content\/uploads\/2018\/06\/B-Frontalwatte_02.jpg\" \/>\n\t<meta property=\"og:image:width\" content=\"1920\" \/>\n\t<meta property=\"og:image:height\" content=\"600\" \/>\n\t<meta property=\"og:image:type\" content=\"image\/jpeg\" \/>\n<meta name=\"author\" content=\"Joachim Keil\" \/>\n<meta name=\"twitter:card\" content=\"summary_large_image\" \/>\n<meta name=\"twitter:label1\" content=\"Verfasst von\" \/>\n\t<meta name=\"twitter:data1\" content=\"Joachim Keil\" \/>\n\t<meta name=\"twitter:label2\" content=\"Gesch\u00e4tzte Lesezeit\" \/>\n\t<meta name=\"twitter:data2\" content=\"1\u00a0Minute\" \/>\n<!-- \/ Yoast SEO plugin. -->","yoast_head_json":{"title":"\"Frontalwatte\" mit Franz Rogowski ab heute als DVD (Darling Berlin) erh\u00e4ltlich - UCM.ONE","robots":{"index":"index","follow":"follow","max-snippet":"max-snippet:-1","max-image-preview":"max-image-preview:large","max-video-preview":"max-video-preview:-1"},"canonical":"https:\/\/ucm.one\/de\/frontalwatte-mit-franz-rogowski-ab-heute-als-dvd-darling-berlin-erhaeltlich\/","og_locale":"de_DE","og_type":"article","og_title":"\"Frontalwatte\" mit Franz Rogowski ab heute als DVD (Darling Berlin) erh\u00e4ltlich - UCM.ONE","og_description":"[vc_row][vc_column][vc_column_text]Der Deb\u00fctfilm von Jakob Lass, dem mit Love Steaks ein \u00dcberraschungserfolg gelungen ist, endlich auf DVD! Mit den \u00a0Schauspielern Franz Rogowski, Gabi Heart, Martina Sch\u00f6ne-Radunski, Tom Lass. Der Film widmet sich drei jungen Menschen, die zwischen Wohnungsbesichtigungen und Kiefer-Operationen ihren verr\u00fcckten Weg durch den Alltag navigieren\u2026\u00a0Frontalwatte ist wie gegen eine Wand rennen und weich fallen.&hellip;","og_url":"https:\/\/ucm.one\/de\/frontalwatte-mit-franz-rogowski-ab-heute-als-dvd-darling-berlin-erhaeltlich\/","og_site_name":"UCM.ONE","article_published_time":"2016-10-14T19:07:13+00:00","article_modified_time":"2018-08-17T11:54:47+00:00","og_image":[{"width":1920,"height":600,"url":"https:\/\/ucm.one\/wp-content\/uploads\/2018\/06\/B-Frontalwatte_02.jpg","type":"image\/jpeg"}],"author":"Joachim Keil","twitter_card":"summary_large_image","twitter_misc":{"Verfasst von":"Joachim Keil","Gesch\u00e4tzte Lesezeit":"1\u00a0Minute"},"schema":{"@context":"https:\/\/schema.org","@graph":[{"@type":"Article","@id":"https:\/\/ucm.one\/de\/frontalwatte-mit-franz-rogowski-ab-heute-als-dvd-darling-berlin-erhaeltlich\/#article","isPartOf":{"@id":"https:\/\/ucm.one\/de\/frontalwatte-mit-franz-rogowski-ab-heute-als-dvd-darling-berlin-erhaeltlich\/"},"author":{"name":"Joachim Keil","@id":"https:\/\/ucm.one\/de\/#\/schema\/person\/4b959e467e8acc058836467a0ef8fa50"},"headline":"&#8222;Frontalwatte&#8220; mit Franz Rogowski ab heute als DVD (Darling Berlin) erh\u00e4ltlich","datePublished":"2016-10-14T19:07:13+00:00","dateModified":"2018-08-17T11:54:47+00:00","mainEntityOfPage":{"@id":"https:\/\/ucm.one\/de\/frontalwatte-mit-franz-rogowski-ab-heute-als-dvd-darling-berlin-erhaeltlich\/"},"wordCount":150,"publisher":{"@id":"https:\/\/ucm.one\/de\/#organization"},"image":{"@id":"https:\/\/ucm.one\/de\/frontalwatte-mit-franz-rogowski-ab-heute-als-dvd-darling-berlin-erhaeltlich\/#primaryimage"},"thumbnailUrl":"https:\/\/ucm.one\/wp-content\/uploads\/2018\/06\/B-Frontalwatte_02.jpg","keywords":["Arthouse","Carl von Hollen","Charlotte Albrecht Charlotte Albrecht","Darling Berlin","Filmuniversit\u00e4t Babelsberg Konrad Wolf","Florian Felder","Franz Rogowski","Frontalwatte","Gabi Herz","Hanno Bachus","Harald Geil","Jakob Lass","Jannis Funk","Jean-Paul Raths","Katja Gerz Katja Gerz","Katja Wagner","Lass Bros","Martina Sch\u00f6ne-Radunski","Nenad Lucic","Paula Schramm","Simon Finkas","Tom Lass"],"articleSection":["Film","News"],"inLanguage":"de"},{"@type":"WebPage","@id":"https:\/\/ucm.one\/de\/frontalwatte-mit-franz-rogowski-ab-heute-als-dvd-darling-berlin-erhaeltlich\/","url":"https:\/\/ucm.one\/de\/frontalwatte-mit-franz-rogowski-ab-heute-als-dvd-darling-berlin-erhaeltlich\/","name":"\"Frontalwatte\" mit Franz Rogowski ab heute als DVD (Darling Berlin) erh\u00e4ltlich - UCM.ONE","isPartOf":{"@id":"https:\/\/ucm.one\/de\/#website"},"primaryImageOfPage":{"@id":"https:\/\/ucm.one\/de\/frontalwatte-mit-franz-rogowski-ab-heute-als-dvd-darling-berlin-erhaeltlich\/#primaryimage"},"image":{"@id":"https:\/\/ucm.one\/de\/frontalwatte-mit-franz-rogowski-ab-heute-als-dvd-darling-berlin-erhaeltlich\/#primaryimage"},"thumbnailUrl":"https:\/\/ucm.one\/wp-content\/uploads\/2018\/06\/B-Frontalwatte_02.jpg","datePublished":"2016-10-14T19:07:13+00:00","dateModified":"2018-08-17T11:54:47+00:00","breadcrumb":{"@id":"https:\/\/ucm.one\/de\/frontalwatte-mit-franz-rogowski-ab-heute-als-dvd-darling-berlin-erhaeltlich\/#breadcrumb"},"inLanguage":"de","potentialAction":[{"@type":"ReadAction","target":["https:\/\/ucm.one\/de\/frontalwatte-mit-franz-rogowski-ab-heute-als-dvd-darling-berlin-erhaeltlich\/"]}]},{"@type":"ImageObject","inLanguage":"de","@id":"https:\/\/ucm.one\/de\/frontalwatte-mit-franz-rogowski-ab-heute-als-dvd-darling-berlin-erhaeltlich\/#primaryimage","url":"https:\/\/ucm.one\/wp-content\/uploads\/2018\/06\/B-Frontalwatte_02.jpg","contentUrl":"https:\/\/ucm.one\/wp-content\/uploads\/2018\/06\/B-Frontalwatte_02.jpg","width":1920,"height":600},{"@type":"BreadcrumbList","@id":"https:\/\/ucm.one\/de\/frontalwatte-mit-franz-rogowski-ab-heute-als-dvd-darling-berlin-erhaeltlich\/#breadcrumb","itemListElement":[{"@type":"ListItem","position":1,"name":"Home","item":"https:\/\/ucm.one\/de\/"},{"@type":"ListItem","position":2,"name":"&#8220;Frontalwatte&#8221; mit Franz Rogowski ab heute als DVD (Darling Berlin) erh\u00e4ltlich"}]},{"@type":"WebSite","@id":"https:\/\/ucm.one\/de\/#website","url":"https:\/\/ucm.one\/de\/","name":"UCM.ONE","description":"","publisher":{"@id":"https:\/\/ucm.one\/de\/#organization"},"potentialAction":[{"@type":"SearchAction","target":{"@type":"EntryPoint","urlTemplate":"https:\/\/ucm.one\/de\/?s={search_term_string}"},"query-input":{"@type":"PropertyValueSpecification","valueRequired":true,"valueName":"search_term_string"}}],"inLanguage":"de"},{"@type":"Organization","@id":"https:\/\/ucm.one\/de\/#organization","name":"UCM.ONE","url":"https:\/\/ucm.one\/de\/","logo":{"@type":"ImageObject","inLanguage":"de","@id":"https:\/\/ucm.one\/de\/#\/schema\/logo\/image\/","url":"https:\/\/ucm.one\/wp-content\/uploads\/2019\/10\/UCM.ONE-Logo-RGB.svg","contentUrl":"https:\/\/ucm.one\/wp-content\/uploads\/2019\/10\/UCM.ONE-Logo-RGB.svg","width":1,"height":1,"caption":"UCM.ONE"},"image":{"@id":"https:\/\/ucm.one\/de\/#\/schema\/logo\/image\/"}},{"@type":"Person","@id":"https:\/\/ucm.one\/de\/#\/schema\/person\/4b959e467e8acc058836467a0ef8fa50","name":"Joachim Keil","image":{"@type":"ImageObject","inLanguage":"de","@id":"https:\/\/secure.gravatar.com\/avatar\/10e1dfd05f2a7a7bc83cd44bae31e01c8ac15f974229211a2b1a49fa0a22fec0?s=96&d=mm&r=g","url":"https:\/\/secure.gravatar.com\/avatar\/10e1dfd05f2a7a7bc83cd44bae31e01c8ac15f974229211a2b1a49fa0a22fec0?s=96&d=mm&r=g","contentUrl":"https:\/\/secure.gravatar.com\/avatar\/10e1dfd05f2a7a7bc83cd44bae31e01c8ac15f974229211a2b1a49fa0a22fec0?s=96&d=mm&r=g","caption":"Joachim Keil"},"sameAs":["https:\/\/ucm.one"]}]}},"_links":{"self":[{"href":"https:\/\/ucm.one\/de\/wp-json\/wp\/v2\/posts\/14804","targetHints":{"allow":["GET"]}}],"collection":[{"href":"https:\/\/ucm.one\/de\/wp-json\/wp\/v2\/posts"}],"about":[{"href":"https:\/\/ucm.one\/de\/wp-json\/wp\/v2\/types\/post"}],"author":[{"embeddable":true,"href":"https:\/\/ucm.one\/de\/wp-json\/wp\/v2\/users\/2"}],"replies":[{"embeddable":true,"href":"https:\/\/ucm.one\/de\/wp-json\/wp\/v2\/comments?post=14804"}],"version-history":[{"count":0,"href":"https:\/\/ucm.one\/de\/wp-json\/wp\/v2\/posts\/14804\/revisions"}],"wp:featuredmedia":[{"embeddable":true,"href":"https:\/\/ucm.one\/de\/wp-json\/wp\/v2\/media\/14806"}],"wp:attachment":[{"href":"https:\/\/ucm.one\/de\/wp-json\/wp\/v2\/media?parent=14804"}],"wp:term":[{"taxonomy":"category","embeddable":true,"href":"https:\/\/ucm.one\/de\/wp-json\/wp\/v2\/categories?post=14804"},{"taxonomy":"post_tag","embeddable":true,"href":"https:\/\/ucm.one\/de\/wp-json\/wp\/v2\/tags?post=14804"}],"curies":[{"name":"wp","href":"https:\/\/api.w.org\/{rel}","templated":true}]}}