{"id":14747,"date":"2018-05-29T16:01:39","date_gmt":"2018-05-29T16:01:39","guid":{"rendered":"https:\/\/ucm.one\/?p=14747"},"modified":"2018-08-17T09:41:31","modified_gmt":"2018-08-17T09:41:31","slug":"sommerkino-2018-im-berliner-rosengarten","status":"publish","type":"post","link":"https:\/\/ucm.one\/de\/sommerkino-2018-im-berliner-rosengarten\/","title":{"rendered":"Sommerkino 2018 im Berliner Rosengarten"},"content":{"rendered":"<div class=\"wpb-content-wrapper\"><p>[vc_row][vc_column][vc_column_text]In Zusammenarbeit mit dem <strong>achtung berlin<\/strong> festival werden \u00fcber den Sommer im <strong>Rosengarten<\/strong> in Berlin Mitte diverse <strong>Darling Berlin<\/strong> Filme beim\u00a0<strong>Sommerkino 2018\u00a0<\/strong>Open Air\u00a0gezeigt. Den Start macht heute Abend der Film <strong>Familienfieber<\/strong> von <strong>Nico Sommer<\/strong>. Alle Termine von Darling Berlin-Filmen im \u00dcberblick:<\/p>\n<p>[\/vc_column_text][vc_column_text]Dienstag, 29.05.2018: <strong>Familienfieber<\/strong> von Nico Sommer<\/p>\n<p>Dienstag, 12.06.2018:\u00a0<strong>Blind &amp; H\u00e4sslich<\/strong> von Tom Lass<\/p>\n<p>Dienstag, 24.07.2018: <strong>Lotte<\/strong> von\u00a0Julius Schulthei\u00df<\/p>\n<p>Dienstag, 07.08.2018: <strong>R\u00fcckenwind von vorn<\/strong> von Philipp Eichholtz<\/p>\n<p>Dienstag, 21.08.2018: <strong>Playgirl<\/strong> von Will Tremper<\/p>\n<p>Dienstag, 04.09.2018: <strong>Love Steaks<\/strong> von Jakob Lass[\/vc_column_text][vc_separator][vc_column_text]Trailer zu den sechs Filmen, die im Sommerkino 2018 im Berliner Rosengarten gezeigt werden:[\/vc_column_text][\/vc_column][\/vc_row][vc_row][vc_column width=&#8220;1\/2&#8243;][vc_video link=&#8220;https:\/\/youtu.be\/FDEK4K9fNl8&#8243;][\/vc_column][vc_column width=&#8220;1\/2&#8243;][vc_video link=&#8220;https:\/\/youtu.be\/-1snwvN62WU&#8220;][\/vc_column][\/vc_row][vc_row][vc_column width=&#8220;1\/2&#8243;][vc_video link=&#8220;https:\/\/youtu.be\/yXYDXA1_JA4&#8243;][\/vc_column][vc_column width=&#8220;1\/2&#8243;][vc_video link=&#8220;https:\/\/youtu.be\/zKXTSeiibeo&#8220;][\/vc_column][\/vc_row][vc_row][vc_column width=&#8220;1\/2&#8243;][vc_video link=&#8220;https:\/\/youtu.be\/hR_Mjqkd_I4&#8243;][\/vc_column][vc_column width=&#8220;1\/2&#8243;][vc_video link=&#8220;https:\/\/youtu.be\/isTU4lG0-HI&#8220;][\/vc_column][\/vc_row][vc_row][vc_column][vc_separator][vc_column_text]<span style=\"color: #ababab; font-size: 10pt;\"><em>Das Beitragsbild zeigt eine Szene aus dem Film <strong>Familienfieber<\/strong> von Nico Sommer. Zu sehen sind (von links nach rechts):\u00a0Deborah Kaufmann, J\u00f6rg Witte,\u00a0Peter Trabner, Kathrin Waligura<\/em><\/span>[\/vc_column_text][\/vc_column][\/vc_row]<\/p>\n<\/div>","protected":false},"excerpt":{"rendered":"<p>[vc_row][vc_column][vc_column_text]In Zusammenarbeit mit dem achtung berlin festival werden \u00fcber den Sommer im Rosengarten in Berlin Mitte diverse Darling Berlin Filme beim\u00a0Sommerkino 2018\u00a0Open Air\u00a0gezeigt. Den Start macht heute Abend der Film Familienfieber von Nico Sommer. Alle Termine von Darling Berlin-Filmen im \u00dcberblick: [\/vc_column_text][vc_column_text]Dienstag, 29.05.2018: Familienfieber von Nico Sommer Dienstag, 12.06.2018:\u00a0Blind &amp; H\u00e4sslich von Tom Lass Dienstag,&hellip;<\/p>\n","protected":false},"author":2,"featured_media":14748,"comment_status":"closed","ping_status":"closed","sticky":false,"template":"","format":"standard","meta":{"_acf_changed":false,"footnotes":""},"categories":[830,8,10,13,752],"tags":[2310,2498,2499,2500,2266,2501,2502,2503,2504,2505,2506,2507,2508,2509,2510,2511,2376,2512,2513,2514,2515,2478],"class_list":["post-14747","post","type-post","status-publish","format-standard","has-post-thumbnail","hentry","category-darling-berlin","category-film","category-kino","category-news","category-verleih","tag-2310","tag-achtung-berlin","tag-berliner-rosengarten","tag-blind-haesslich","tag-darling-berlin","tag-deborah-kaufmann","tag-familienfieber","tag-jakob-lass","tag-joerg-witte","tag-julius-schultheiss","tag-kathrin-waligura","tag-lotte","tag-love-steaks","tag-nico-sommer","tag-open-air","tag-peter-trabner","tag-philipp-eichholtz","tag-playgirl","tag-rueckenwind-von-vorn","tag-sommerkino","tag-tom-lass","tag-will-tremper","category-830","category-8","category-10","category-13","category-752","description-off"],"acf":[],"yoast_head":"<!-- This site is optimized with the Yoast SEO plugin v27.5 - https:\/\/yoast.com\/product\/yoast-seo-wordpress\/ -->\n<title>Sommerkino 2018 im Berliner Rosengarten - UCM.ONE<\/title>\n<meta name=\"robots\" content=\"index, follow, max-snippet:-1, max-image-preview:large, max-video-preview:-1\" \/>\n<link rel=\"canonical\" href=\"https:\/\/ucm.one\/de\/sommerkino-2018-im-berliner-rosengarten\/\" \/>\n<meta property=\"og:locale\" content=\"de_DE\" \/>\n<meta property=\"og:type\" content=\"article\" \/>\n<meta property=\"og:title\" content=\"Sommerkino 2018 im Berliner Rosengarten - UCM.ONE\" \/>\n<meta property=\"og:description\" content=\"[vc_row][vc_column][vc_column_text]In Zusammenarbeit mit dem achtung berlin festival werden \u00fcber den Sommer im Rosengarten in Berlin Mitte diverse Darling Berlin Filme beim\u00a0Sommerkino 2018\u00a0Open Air\u00a0gezeigt. Den Start macht heute Abend der Film Familienfieber von Nico Sommer. Alle Termine von Darling Berlin-Filmen im \u00dcberblick: [\/vc_column_text][vc_column_text]Dienstag, 29.05.2018: Familienfieber von Nico Sommer Dienstag, 12.06.2018:\u00a0Blind &amp; H\u00e4sslich von Tom Lass Dienstag,&hellip;\" \/>\n<meta property=\"og:url\" content=\"https:\/\/ucm.one\/de\/sommerkino-2018-im-berliner-rosengarten\/\" \/>\n<meta property=\"og:site_name\" content=\"UCM.ONE\" \/>\n<meta property=\"article:published_time\" content=\"2018-05-29T16:01:39+00:00\" \/>\n<meta property=\"article:modified_time\" content=\"2018-08-17T09:41:31+00:00\" \/>\n<meta property=\"og:image\" content=\"https:\/\/ucm.one\/wp-content\/uploads\/2018\/06\/B-Familienfieber-180529.jpg\" \/>\n\t<meta property=\"og:image:width\" content=\"1920\" \/>\n\t<meta property=\"og:image:height\" content=\"600\" \/>\n\t<meta property=\"og:image:type\" content=\"image\/jpeg\" \/>\n<meta name=\"author\" content=\"Joachim Keil\" \/>\n<meta name=\"twitter:card\" content=\"summary_large_image\" \/>\n<meta name=\"twitter:label1\" content=\"Verfasst von\" \/>\n\t<meta name=\"twitter:data1\" content=\"Joachim Keil\" \/>\n\t<meta name=\"twitter:label2\" content=\"Gesch\u00e4tzte Lesezeit\" \/>\n\t<meta name=\"twitter:data2\" content=\"1\u00a0Minute\" \/>\n<!-- \/ Yoast SEO plugin. -->","yoast_head_json":{"title":"Sommerkino 2018 im Berliner Rosengarten - UCM.ONE","robots":{"index":"index","follow":"follow","max-snippet":"max-snippet:-1","max-image-preview":"max-image-preview:large","max-video-preview":"max-video-preview:-1"},"canonical":"https:\/\/ucm.one\/de\/sommerkino-2018-im-berliner-rosengarten\/","og_locale":"de_DE","og_type":"article","og_title":"Sommerkino 2018 im Berliner Rosengarten - UCM.ONE","og_description":"[vc_row][vc_column][vc_column_text]In Zusammenarbeit mit dem achtung berlin festival werden \u00fcber den Sommer im Rosengarten in Berlin Mitte diverse Darling Berlin Filme beim\u00a0Sommerkino 2018\u00a0Open Air\u00a0gezeigt. Den Start macht heute Abend der Film Familienfieber von Nico Sommer. Alle Termine von Darling Berlin-Filmen im \u00dcberblick: [\/vc_column_text][vc_column_text]Dienstag, 29.05.2018: Familienfieber von Nico Sommer Dienstag, 12.06.2018:\u00a0Blind &amp; H\u00e4sslich von Tom Lass Dienstag,&hellip;","og_url":"https:\/\/ucm.one\/de\/sommerkino-2018-im-berliner-rosengarten\/","og_site_name":"UCM.ONE","article_published_time":"2018-05-29T16:01:39+00:00","article_modified_time":"2018-08-17T09:41:31+00:00","og_image":[{"width":1920,"height":600,"url":"https:\/\/ucm.one\/wp-content\/uploads\/2018\/06\/B-Familienfieber-180529.jpg","type":"image\/jpeg"}],"author":"Joachim Keil","twitter_card":"summary_large_image","twitter_misc":{"Verfasst von":"Joachim Keil","Gesch\u00e4tzte Lesezeit":"1\u00a0Minute"},"schema":{"@context":"https:\/\/schema.org","@graph":[{"@type":"Article","@id":"https:\/\/ucm.one\/de\/sommerkino-2018-im-berliner-rosengarten\/#article","isPartOf":{"@id":"https:\/\/ucm.one\/de\/sommerkino-2018-im-berliner-rosengarten\/"},"author":{"name":"Joachim Keil","@id":"https:\/\/ucm.one\/de\/#\/schema\/person\/4b959e467e8acc058836467a0ef8fa50"},"headline":"Sommerkino 2018 im Berliner Rosengarten","datePublished":"2018-05-29T16:01:39+00:00","dateModified":"2018-08-17T09:41:31+00:00","mainEntityOfPage":{"@id":"https:\/\/ucm.one\/de\/sommerkino-2018-im-berliner-rosengarten\/"},"wordCount":262,"publisher":{"@id":"https:\/\/ucm.one\/de\/#organization"},"image":{"@id":"https:\/\/ucm.one\/de\/sommerkino-2018-im-berliner-rosengarten\/#primaryimage"},"thumbnailUrl":"https:\/\/ucm.one\/wp-content\/uploads\/2018\/06\/B-Familienfieber-180529.jpg","keywords":["2018","achtung berlin","Berliner Rosengarten","Blind &amp; H\u00e4sslich","Darling Berlin","Deborah Kaufmann","Familienfieber","Jakob Lass","J\u00f6rg Witte","Julius Schulthei\u00df","Kathrin Waligura","Lotte","Love Steaks","Nico Sommer","Open Air","Peter Trabner","Philipp Eichholtz","Playgirl","R\u00fcckenwind von vorn","Sommerkino","Tom Lass","Will Tremper"],"articleSection":["Darling Berlin","Film","Kino","News","Verleih"],"inLanguage":"de"},{"@type":"WebPage","@id":"https:\/\/ucm.one\/de\/sommerkino-2018-im-berliner-rosengarten\/","url":"https:\/\/ucm.one\/de\/sommerkino-2018-im-berliner-rosengarten\/","name":"Sommerkino 2018 im Berliner Rosengarten - UCM.ONE","isPartOf":{"@id":"https:\/\/ucm.one\/de\/#website"},"primaryImageOfPage":{"@id":"https:\/\/ucm.one\/de\/sommerkino-2018-im-berliner-rosengarten\/#primaryimage"},"image":{"@id":"https:\/\/ucm.one\/de\/sommerkino-2018-im-berliner-rosengarten\/#primaryimage"},"thumbnailUrl":"https:\/\/ucm.one\/wp-content\/uploads\/2018\/06\/B-Familienfieber-180529.jpg","datePublished":"2018-05-29T16:01:39+00:00","dateModified":"2018-08-17T09:41:31+00:00","breadcrumb":{"@id":"https:\/\/ucm.one\/de\/sommerkino-2018-im-berliner-rosengarten\/#breadcrumb"},"inLanguage":"de","potentialAction":[{"@type":"ReadAction","target":["https:\/\/ucm.one\/de\/sommerkino-2018-im-berliner-rosengarten\/"]}]},{"@type":"ImageObject","inLanguage":"de","@id":"https:\/\/ucm.one\/de\/sommerkino-2018-im-berliner-rosengarten\/#primaryimage","url":"https:\/\/ucm.one\/wp-content\/uploads\/2018\/06\/B-Familienfieber-180529.jpg","contentUrl":"https:\/\/ucm.one\/wp-content\/uploads\/2018\/06\/B-Familienfieber-180529.jpg","width":1920,"height":600},{"@type":"BreadcrumbList","@id":"https:\/\/ucm.one\/de\/sommerkino-2018-im-berliner-rosengarten\/#breadcrumb","itemListElement":[{"@type":"ListItem","position":1,"name":"Home","item":"https:\/\/ucm.one\/de\/"},{"@type":"ListItem","position":2,"name":"Sommerkino 2018 im Berliner Rosengarten"}]},{"@type":"WebSite","@id":"https:\/\/ucm.one\/de\/#website","url":"https:\/\/ucm.one\/de\/","name":"UCM.ONE","description":"","publisher":{"@id":"https:\/\/ucm.one\/de\/#organization"},"potentialAction":[{"@type":"SearchAction","target":{"@type":"EntryPoint","urlTemplate":"https:\/\/ucm.one\/de\/?s={search_term_string}"},"query-input":{"@type":"PropertyValueSpecification","valueRequired":true,"valueName":"search_term_string"}}],"inLanguage":"de"},{"@type":"Organization","@id":"https:\/\/ucm.one\/de\/#organization","name":"UCM.ONE","url":"https:\/\/ucm.one\/de\/","logo":{"@type":"ImageObject","inLanguage":"de","@id":"https:\/\/ucm.one\/de\/#\/schema\/logo\/image\/","url":"https:\/\/ucm.one\/wp-content\/uploads\/2019\/10\/UCM.ONE-Logo-RGB.svg","contentUrl":"https:\/\/ucm.one\/wp-content\/uploads\/2019\/10\/UCM.ONE-Logo-RGB.svg","width":1,"height":1,"caption":"UCM.ONE"},"image":{"@id":"https:\/\/ucm.one\/de\/#\/schema\/logo\/image\/"}},{"@type":"Person","@id":"https:\/\/ucm.one\/de\/#\/schema\/person\/4b959e467e8acc058836467a0ef8fa50","name":"Joachim Keil","image":{"@type":"ImageObject","inLanguage":"de","@id":"https:\/\/secure.gravatar.com\/avatar\/10e1dfd05f2a7a7bc83cd44bae31e01c8ac15f974229211a2b1a49fa0a22fec0?s=96&d=mm&r=g","url":"https:\/\/secure.gravatar.com\/avatar\/10e1dfd05f2a7a7bc83cd44bae31e01c8ac15f974229211a2b1a49fa0a22fec0?s=96&d=mm&r=g","contentUrl":"https:\/\/secure.gravatar.com\/avatar\/10e1dfd05f2a7a7bc83cd44bae31e01c8ac15f974229211a2b1a49fa0a22fec0?s=96&d=mm&r=g","caption":"Joachim Keil"},"sameAs":["https:\/\/ucm.one"]}]}},"_links":{"self":[{"href":"https:\/\/ucm.one\/de\/wp-json\/wp\/v2\/posts\/14747","targetHints":{"allow":["GET"]}}],"collection":[{"href":"https:\/\/ucm.one\/de\/wp-json\/wp\/v2\/posts"}],"about":[{"href":"https:\/\/ucm.one\/de\/wp-json\/wp\/v2\/types\/post"}],"author":[{"embeddable":true,"href":"https:\/\/ucm.one\/de\/wp-json\/wp\/v2\/users\/2"}],"replies":[{"embeddable":true,"href":"https:\/\/ucm.one\/de\/wp-json\/wp\/v2\/comments?post=14747"}],"version-history":[{"count":0,"href":"https:\/\/ucm.one\/de\/wp-json\/wp\/v2\/posts\/14747\/revisions"}],"wp:featuredmedia":[{"embeddable":true,"href":"https:\/\/ucm.one\/de\/wp-json\/wp\/v2\/media\/14748"}],"wp:attachment":[{"href":"https:\/\/ucm.one\/de\/wp-json\/wp\/v2\/media?parent=14747"}],"wp:term":[{"taxonomy":"category","embeddable":true,"href":"https:\/\/ucm.one\/de\/wp-json\/wp\/v2\/categories?post=14747"},{"taxonomy":"post_tag","embeddable":true,"href":"https:\/\/ucm.one\/de\/wp-json\/wp\/v2\/tags?post=14747"}],"curies":[{"name":"wp","href":"https:\/\/api.w.org\/{rel}","templated":true}]}}