{"id":13852,"date":"2015-02-27T11:57:54","date_gmt":"2015-02-27T11:57:54","guid":{"rendered":"https:\/\/ucm.one\/?p=13852"},"modified":"2018-08-17T13:15:42","modified_gmt":"2018-08-17T13:15:42","slug":"jetzt-erhaeltlich-radio-silence-der-film-auf-blu-ray-dvd-und-bei-vod-portalen","status":"publish","type":"post","link":"https:\/\/ucm.one\/de\/jetzt-erhaeltlich-radio-silence-der-film-auf-blu-ray-dvd-und-bei-vod-portalen\/","title":{"rendered":"Jetzt erh\u00e4ltlich: &#8222;Radio Silence &#8211; Der Film&#8220; auf Blu-Ray, DVD und bei VoD-Portalen"},"content":{"rendered":"<div class=\"wpb-content-wrapper\"><p>[vc_row][vc_column][vc_column_text]Doc Rock ist der Gastgeber des Piratenradiosenders &#8222;Nighthawk&#8220;. Sein Lieblingsthema: Der Nachtschlitzer &#8211; ein Serienm\u00f6rder, der die Stadt heimsucht. Doc verspottet die Polizei: &#8222;Wie schwer kann es sein, zu verhindern, dass der Slasher sein n\u00e4chstes Opfer t\u00f6tet?&#8220; Eine schlechte Idee! Einen Augenblick sp\u00e4ter wird im Heimstudio im Keller seines Hauses telefoniert. Es ist der Nightslasher und er zwingt Doc Rock in ein t\u00f6dliches Spiel: Wenn Doc es schafft, ihn daran zu hindern, das Opfer w\u00e4hrend des Rests der Radiosendung zu t\u00f6ten, wird er sie gehen lassen. Der Gastgeber muss seine innersten Geheimnisse ausgraben, denn der M\u00f6rder ist n\u00e4her als er sich jemals vorgestellt hat und es gibt keine Chance zu entkommen.<\/p>\n<p>Der Film gewann viele internationale Auszeichnungen: Comic-Con Montreal Horror Fest (Bester Film &amp; Bester Regisseur), Buffalo Dreams Fantastisches Filmfestival (Bester internationaler Thriller &amp; Bester Regisseur), New Mexico Fright Fest (Bester Slahser &amp; Bester Regisseur), Sacramento Horror Film Festival (Bestes Feature &amp; Bester Regisseur), Mississippi Int. Film Festival (Bester Horror Film), Atlanta Horror Film Festival (Bester Thriller Preis), Screamfest Los Angeles (Bester Schnitt), Thriller! K\u00fchler! Filmfestival (Best Thrill Award), Rhode Island Int. Horror Film Festival (Bester Spielfilm), Fright Night Theatre Award (Bester Regisseur, Bestes Drehbuch &amp; Bester Film).<\/p>\n<p><strong>Jetzt auf DVD, Blu-Ray und bei VOD-Portalen erh\u00e4ltlich.<\/strong>[\/vc_column_text][\/vc_column][\/vc_row][vc_row][vc_column][vc_video link=&#8220;https:\/\/www.youtube.com\/watch?v=8flRKmHOUx0&#8243;][\/vc_column][\/vc_row]<\/p>\n<\/div>","protected":false},"excerpt":{"rendered":"<p>[vc_row][vc_column][vc_column_text]Doc Rock ist der Gastgeber des Piratenradiosenders &#8222;Nighthawk&#8220;. Sein Lieblingsthema: Der Nachtschlitzer &#8211; ein Serienm\u00f6rder, der die Stadt heimsucht. Doc verspottet die Polizei: &#8222;Wie schwer kann es sein, zu verhindern, dass der Slasher sein n\u00e4chstes Opfer t\u00f6tet?&#8220; Eine schlechte Idee! Einen Augenblick sp\u00e4ter wird im Heimstudio im Keller seines Hauses telefoniert. Es ist der Nightslasher&hellip;<\/p>\n","protected":false},"author":2,"featured_media":13850,"comment_status":"closed","ping_status":"closed","sticky":false,"template":"","format":"standard","meta":{"_acf_changed":false,"footnotes":""},"categories":[8,1046,13],"tags":[3309,3310,3311,3312,2312,3313,2332,2805,2324,3314,3315,3316,3317,3318,3319,3320,3321,3322,3301,3323],"class_list":["post-13852","post","type-post","status-publish","format-standard","has-post-thumbnail","hentry","category-film","category-m-square-pictures","category-news","tag-atlanta-horror-film-festival","tag-buffalo-dreams-fantastisches-filmfestival","tag-comic-con-montreal-horror-fest","tag-der-tod-hoert-mit","tag-festival","tag-fright-night-theatre-award","tag-horror","tag-m-square","tag-m-square-pictures","tag-mississippi-int-film-festival","tag-new-mexico-fright-fest","tag-on-air","tag-preise","tag-radio-silence","tag-radio-silence-der-tod-hoert-mit","tag-rhode-island-int-horror-film-festival","tag-sacramento-horror-film-festival","tag-screamfest-los-angeles","tag-thriller","tag-thriller-kuehler-filmfestival","category-8","category-1046","category-13","description-off"],"acf":[],"yoast_head":"<!-- This site is optimized with the Yoast SEO plugin v27.5 - https:\/\/yoast.com\/product\/yoast-seo-wordpress\/ -->\n<title>Jetzt erh\u00e4ltlich: &quot;Radio Silence - Der Film&quot; auf Blu-Ray, DVD und bei VoD-Portalen - UCM.ONE<\/title>\n<meta name=\"robots\" content=\"index, follow, max-snippet:-1, max-image-preview:large, max-video-preview:-1\" \/>\n<link rel=\"canonical\" href=\"https:\/\/ucm.one\/de\/jetzt-erhaeltlich-radio-silence-der-film-auf-blu-ray-dvd-und-bei-vod-portalen\/\" \/>\n<meta property=\"og:locale\" content=\"de_DE\" \/>\n<meta property=\"og:type\" content=\"article\" \/>\n<meta property=\"og:title\" content=\"Jetzt erh\u00e4ltlich: &quot;Radio Silence - Der Film&quot; auf Blu-Ray, DVD und bei VoD-Portalen - UCM.ONE\" \/>\n<meta property=\"og:description\" content=\"[vc_row][vc_column][vc_column_text]Doc Rock ist der Gastgeber des Piratenradiosenders &#8222;Nighthawk&#8220;. Sein Lieblingsthema: Der Nachtschlitzer &#8211; ein Serienm\u00f6rder, der die Stadt heimsucht. Doc verspottet die Polizei: &#8222;Wie schwer kann es sein, zu verhindern, dass der Slasher sein n\u00e4chstes Opfer t\u00f6tet?&#8220; Eine schlechte Idee! Einen Augenblick sp\u00e4ter wird im Heimstudio im Keller seines Hauses telefoniert. Es ist der Nightslasher&hellip;\" \/>\n<meta property=\"og:url\" content=\"https:\/\/ucm.one\/de\/jetzt-erhaeltlich-radio-silence-der-film-auf-blu-ray-dvd-und-bei-vod-portalen\/\" \/>\n<meta property=\"og:site_name\" content=\"UCM.ONE\" \/>\n<meta property=\"article:published_time\" content=\"2015-02-27T11:57:54+00:00\" \/>\n<meta property=\"article:modified_time\" content=\"2018-08-17T13:15:42+00:00\" \/>\n<meta property=\"og:image\" content=\"https:\/\/ucm.one\/wp-content\/uploads\/2015\/02\/B-Radio-Silence.jpg\" \/>\n\t<meta property=\"og:image:width\" content=\"1920\" \/>\n\t<meta property=\"og:image:height\" content=\"600\" \/>\n\t<meta property=\"og:image:type\" content=\"image\/jpeg\" \/>\n<meta name=\"author\" content=\"Joachim Keil\" \/>\n<meta name=\"twitter:card\" content=\"summary_large_image\" \/>\n<meta name=\"twitter:label1\" content=\"Verfasst von\" \/>\n\t<meta name=\"twitter:data1\" content=\"Joachim Keil\" \/>\n\t<meta name=\"twitter:label2\" content=\"Gesch\u00e4tzte Lesezeit\" \/>\n\t<meta name=\"twitter:data2\" content=\"1\u00a0Minute\" \/>\n<!-- \/ Yoast SEO plugin. -->","yoast_head_json":{"title":"Jetzt erh\u00e4ltlich: \"Radio Silence - Der Film\" auf Blu-Ray, DVD und bei VoD-Portalen - UCM.ONE","robots":{"index":"index","follow":"follow","max-snippet":"max-snippet:-1","max-image-preview":"max-image-preview:large","max-video-preview":"max-video-preview:-1"},"canonical":"https:\/\/ucm.one\/de\/jetzt-erhaeltlich-radio-silence-der-film-auf-blu-ray-dvd-und-bei-vod-portalen\/","og_locale":"de_DE","og_type":"article","og_title":"Jetzt erh\u00e4ltlich: \"Radio Silence - Der Film\" auf Blu-Ray, DVD und bei VoD-Portalen - UCM.ONE","og_description":"[vc_row][vc_column][vc_column_text]Doc Rock ist der Gastgeber des Piratenradiosenders &#8222;Nighthawk&#8220;. Sein Lieblingsthema: Der Nachtschlitzer &#8211; ein Serienm\u00f6rder, der die Stadt heimsucht. Doc verspottet die Polizei: &#8222;Wie schwer kann es sein, zu verhindern, dass der Slasher sein n\u00e4chstes Opfer t\u00f6tet?&#8220; Eine schlechte Idee! Einen Augenblick sp\u00e4ter wird im Heimstudio im Keller seines Hauses telefoniert. Es ist der Nightslasher&hellip;","og_url":"https:\/\/ucm.one\/de\/jetzt-erhaeltlich-radio-silence-der-film-auf-blu-ray-dvd-und-bei-vod-portalen\/","og_site_name":"UCM.ONE","article_published_time":"2015-02-27T11:57:54+00:00","article_modified_time":"2018-08-17T13:15:42+00:00","og_image":[{"width":1920,"height":600,"url":"https:\/\/ucm.one\/wp-content\/uploads\/2015\/02\/B-Radio-Silence.jpg","type":"image\/jpeg"}],"author":"Joachim Keil","twitter_card":"summary_large_image","twitter_misc":{"Verfasst von":"Joachim Keil","Gesch\u00e4tzte Lesezeit":"1\u00a0Minute"},"schema":{"@context":"https:\/\/schema.org","@graph":[{"@type":"Article","@id":"https:\/\/ucm.one\/de\/jetzt-erhaeltlich-radio-silence-der-film-auf-blu-ray-dvd-und-bei-vod-portalen\/#article","isPartOf":{"@id":"https:\/\/ucm.one\/de\/jetzt-erhaeltlich-radio-silence-der-film-auf-blu-ray-dvd-und-bei-vod-portalen\/"},"author":{"name":"Joachim Keil","@id":"https:\/\/ucm.one\/de\/#\/schema\/person\/4b959e467e8acc058836467a0ef8fa50"},"headline":"Jetzt erh\u00e4ltlich: &#8222;Radio Silence &#8211; Der Film&#8220; auf Blu-Ray, DVD und bei VoD-Portalen","datePublished":"2015-02-27T11:57:54+00:00","dateModified":"2018-08-17T13:15:42+00:00","mainEntityOfPage":{"@id":"https:\/\/ucm.one\/de\/jetzt-erhaeltlich-radio-silence-der-film-auf-blu-ray-dvd-und-bei-vod-portalen\/"},"wordCount":263,"publisher":{"@id":"https:\/\/ucm.one\/de\/#organization"},"image":{"@id":"https:\/\/ucm.one\/de\/jetzt-erhaeltlich-radio-silence-der-film-auf-blu-ray-dvd-und-bei-vod-portalen\/#primaryimage"},"thumbnailUrl":"https:\/\/ucm.one\/wp-content\/uploads\/2015\/02\/B-Radio-Silence.jpg","keywords":["Atlanta Horror Film Festival","Buffalo Dreams Fantastisches Filmfestival","Comic-Con Montreal Horror Fest","Der Tod h\u00f6rt mit","Festival","Fright Night Theatre Award","Horror","M-Square","M-Square Pictures","Mississippi Int. Film Festival","New Mexico Fright Fest","On Air","Preise","Radio Silence","Radio Silence - Der Tod h\u00f6rt mit","Rhode Island Int. Horror Film Festival","Sacramento Horror Film Festival","Screamfest Los Angeles","Thriller","Thriller! K\u00fchler! Filmfestival"],"articleSection":["Film","M-Square Pictures","News"],"inLanguage":"de"},{"@type":"WebPage","@id":"https:\/\/ucm.one\/de\/jetzt-erhaeltlich-radio-silence-der-film-auf-blu-ray-dvd-und-bei-vod-portalen\/","url":"https:\/\/ucm.one\/de\/jetzt-erhaeltlich-radio-silence-der-film-auf-blu-ray-dvd-und-bei-vod-portalen\/","name":"Jetzt erh\u00e4ltlich: \"Radio Silence - Der Film\" auf Blu-Ray, DVD und bei VoD-Portalen - UCM.ONE","isPartOf":{"@id":"https:\/\/ucm.one\/de\/#website"},"primaryImageOfPage":{"@id":"https:\/\/ucm.one\/de\/jetzt-erhaeltlich-radio-silence-der-film-auf-blu-ray-dvd-und-bei-vod-portalen\/#primaryimage"},"image":{"@id":"https:\/\/ucm.one\/de\/jetzt-erhaeltlich-radio-silence-der-film-auf-blu-ray-dvd-und-bei-vod-portalen\/#primaryimage"},"thumbnailUrl":"https:\/\/ucm.one\/wp-content\/uploads\/2015\/02\/B-Radio-Silence.jpg","datePublished":"2015-02-27T11:57:54+00:00","dateModified":"2018-08-17T13:15:42+00:00","breadcrumb":{"@id":"https:\/\/ucm.one\/de\/jetzt-erhaeltlich-radio-silence-der-film-auf-blu-ray-dvd-und-bei-vod-portalen\/#breadcrumb"},"inLanguage":"de","potentialAction":[{"@type":"ReadAction","target":["https:\/\/ucm.one\/de\/jetzt-erhaeltlich-radio-silence-der-film-auf-blu-ray-dvd-und-bei-vod-portalen\/"]}]},{"@type":"ImageObject","inLanguage":"de","@id":"https:\/\/ucm.one\/de\/jetzt-erhaeltlich-radio-silence-der-film-auf-blu-ray-dvd-und-bei-vod-portalen\/#primaryimage","url":"https:\/\/ucm.one\/wp-content\/uploads\/2015\/02\/B-Radio-Silence.jpg","contentUrl":"https:\/\/ucm.one\/wp-content\/uploads\/2015\/02\/B-Radio-Silence.jpg","width":1920,"height":600},{"@type":"BreadcrumbList","@id":"https:\/\/ucm.one\/de\/jetzt-erhaeltlich-radio-silence-der-film-auf-blu-ray-dvd-und-bei-vod-portalen\/#breadcrumb","itemListElement":[{"@type":"ListItem","position":1,"name":"Home","item":"https:\/\/ucm.one\/de\/"},{"@type":"ListItem","position":2,"name":"Jetzt erh\u00e4ltlich: &#8220;Radio Silence &#8211; Der Film&#8221; auf Blu-Ray, DVD und bei VoD-Portalen"}]},{"@type":"WebSite","@id":"https:\/\/ucm.one\/de\/#website","url":"https:\/\/ucm.one\/de\/","name":"UCM.ONE","description":"","publisher":{"@id":"https:\/\/ucm.one\/de\/#organization"},"potentialAction":[{"@type":"SearchAction","target":{"@type":"EntryPoint","urlTemplate":"https:\/\/ucm.one\/de\/?s={search_term_string}"},"query-input":{"@type":"PropertyValueSpecification","valueRequired":true,"valueName":"search_term_string"}}],"inLanguage":"de"},{"@type":"Organization","@id":"https:\/\/ucm.one\/de\/#organization","name":"UCM.ONE","url":"https:\/\/ucm.one\/de\/","logo":{"@type":"ImageObject","inLanguage":"de","@id":"https:\/\/ucm.one\/de\/#\/schema\/logo\/image\/","url":"https:\/\/ucm.one\/wp-content\/uploads\/2019\/10\/UCM.ONE-Logo-RGB.svg","contentUrl":"https:\/\/ucm.one\/wp-content\/uploads\/2019\/10\/UCM.ONE-Logo-RGB.svg","width":1,"height":1,"caption":"UCM.ONE"},"image":{"@id":"https:\/\/ucm.one\/de\/#\/schema\/logo\/image\/"}},{"@type":"Person","@id":"https:\/\/ucm.one\/de\/#\/schema\/person\/4b959e467e8acc058836467a0ef8fa50","name":"Joachim Keil","image":{"@type":"ImageObject","inLanguage":"de","@id":"https:\/\/secure.gravatar.com\/avatar\/10e1dfd05f2a7a7bc83cd44bae31e01c8ac15f974229211a2b1a49fa0a22fec0?s=96&d=mm&r=g","url":"https:\/\/secure.gravatar.com\/avatar\/10e1dfd05f2a7a7bc83cd44bae31e01c8ac15f974229211a2b1a49fa0a22fec0?s=96&d=mm&r=g","contentUrl":"https:\/\/secure.gravatar.com\/avatar\/10e1dfd05f2a7a7bc83cd44bae31e01c8ac15f974229211a2b1a49fa0a22fec0?s=96&d=mm&r=g","caption":"Joachim Keil"},"sameAs":["https:\/\/ucm.one"]}]}},"_links":{"self":[{"href":"https:\/\/ucm.one\/de\/wp-json\/wp\/v2\/posts\/13852","targetHints":{"allow":["GET"]}}],"collection":[{"href":"https:\/\/ucm.one\/de\/wp-json\/wp\/v2\/posts"}],"about":[{"href":"https:\/\/ucm.one\/de\/wp-json\/wp\/v2\/types\/post"}],"author":[{"embeddable":true,"href":"https:\/\/ucm.one\/de\/wp-json\/wp\/v2\/users\/2"}],"replies":[{"embeddable":true,"href":"https:\/\/ucm.one\/de\/wp-json\/wp\/v2\/comments?post=13852"}],"version-history":[{"count":0,"href":"https:\/\/ucm.one\/de\/wp-json\/wp\/v2\/posts\/13852\/revisions"}],"wp:featuredmedia":[{"embeddable":true,"href":"https:\/\/ucm.one\/de\/wp-json\/wp\/v2\/media\/13850"}],"wp:attachment":[{"href":"https:\/\/ucm.one\/de\/wp-json\/wp\/v2\/media?parent=13852"}],"wp:term":[{"taxonomy":"category","embeddable":true,"href":"https:\/\/ucm.one\/de\/wp-json\/wp\/v2\/categories?post=13852"},{"taxonomy":"post_tag","embeddable":true,"href":"https:\/\/ucm.one\/de\/wp-json\/wp\/v2\/tags?post=13852"}],"curies":[{"name":"wp","href":"https:\/\/api.w.org\/{rel}","templated":true}]}}