{"id":13838,"date":"2015-04-17T01:30:16","date_gmt":"2015-04-17T01:30:16","guid":{"rendered":"https:\/\/ucm.one\/?p=13838"},"modified":"2023-03-10T08:49:35","modified_gmt":"2023-03-10T08:49:35","slug":"jetzt-erhaeltlich-flucht-nach-berlin-von-will-tremper-darling-berlin-auf-dvd-und-bei-vod-portalen","status":"publish","type":"post","link":"https:\/\/ucm.one\/de\/jetzt-erhaeltlich-flucht-nach-berlin-von-will-tremper-darling-berlin-auf-dvd-und-bei-vod-portalen\/","title":{"rendered":"Jetzt erh\u00e4ltlich: &#8222;Flucht nach Berlin&#8220; von Will Tremper (Darling Berlin) auf DVD und bei VoD-Portalen"},"content":{"rendered":"<div class=\"wpb-content-wrapper\"><p>[vc_row][vc_column][vc_column_text]Der Film &#8222;<strong>Flucht nach Berlin<\/strong>&#8222;, Regie: <strong>Will Tremper<\/strong>, handelt von dem ostdeutschen Bauern Hermann G\u00fcden, der von der staatlich angeordneten Schikanierung der SED-Oberen genug hat. Er ist nicht l\u00e4nger bereit, sich in seinem Heimatdorf in Sachsen-Anhalt der Zwangskollektivierung zu unterwerfen, da dieser Staat ihm keine Zukunft bietet. Und so plant er lange vorher in den Westen zu fliehen. G\u00fcden schickt zun\u00e4chst seine Frau und sein Kind in den westlichen Teil Berlins und will m\u00f6glichst bald Nachkommen. Aber die SED-Apparatschiks bekommen Wind davon. In der Hitze der Schlacht schl\u00e4gt G\u00fcden die Partisanen Baade und flieht dann.<\/p>\n<p>Schauspieler\/innen: Christian D\u00f6rmer, Susanne Korda, Narziss Sokatscheff und Gerda Blisse.[\/vc_column_text][\/vc_column][\/vc_row][vc_row][vc_column][vc_video link=&#8220;https:\/\/www.youtube.com\/watch?v=uvy9TrTz4Iw&#8220;][\/vc_column][\/vc_row][vc_row][vc_column][vc_column_text]DVD kaufen: <a title=\"Flucht nach Berlin\" href=\"https:\/\/ucm.one\/de\/produkt\/flucht-nach-berlin\/\">Flucht nach Berlin<\/a>[\/vc_column_text][\/vc_column][\/vc_row]<\/p>\n<\/div>","protected":false},"excerpt":{"rendered":"<p>[vc_row][vc_column][vc_column_text]Der Film &#8222;Flucht nach Berlin&#8222;, Regie: Will Tremper, handelt von dem ostdeutschen Bauern Hermann G\u00fcden, der von der staatlich angeordneten Schikanierung der SED-Oberen genug hat. Er ist nicht l\u00e4nger bereit, sich in seinem Heimatdorf in Sachsen-Anhalt der Zwangskollektivierung zu unterwerfen, da dieser Staat ihm keine Zukunft bietet. Und so plant er lange vorher in den&hellip;<\/p>\n","protected":false},"author":2,"featured_media":13836,"comment_status":"closed","ping_status":"closed","sticky":false,"template":"","format":"standard","meta":{"_acf_changed":false,"footnotes":""},"categories":[830,8,7004,13],"tags":[2590,2261,2595,2597,2266,3296,2914,2598,2453,3297,6848,2607,2457,2617,2619,2621,2467,3298,2470,2629,2630,2635,3299,3300,2636,3301,3302,2478,2638],"class_list":["post-13838","post","type-post","status-publish","format-standard","has-post-thumbnail","hentry","category-darling-berlin","category-film","category-filmklassiker","category-news","tag-2590","tag-berlin","tag-berliner-mauer","tag-christian-doermer","tag-darling-berlin","tag-darling-berlin-klassiker","tag-ddr","tag-deutsche-teilung","tag-deutscher-filmpreis","tag-drama","tag-filmklassiker","tag-flucht-nach-berlin","tag-gerda-blisse","tag-horst-niendorf","tag-joe-hembus","tag-karl-meixner","tag-narziss-sokatscheff","tag-ostdeutschland","tag-peter-thomas","tag-ralf-gregan","tag-reinhold-timm","tag-s-kubitzky","tag-staatssicherheitsdienst","tag-stasi","tag-susanne-korda","tag-thriller","tag-westdeutschland","tag-will-tremper","tag-wittigo-von-einsiedel","category-830","category-8","category-7004","category-13","description-off"],"acf":[],"yoast_head":"<!-- This site is optimized with the Yoast SEO plugin v27.5 - https:\/\/yoast.com\/product\/yoast-seo-wordpress\/ -->\n<title>Jetzt erh\u00e4ltlich: &quot;Flucht nach Berlin&quot; von Will Tremper (Darling Berlin) auf DVD und bei VoD-Portalen - UCM.ONE<\/title>\n<meta name=\"robots\" content=\"index, follow, max-snippet:-1, max-image-preview:large, max-video-preview:-1\" \/>\n<link rel=\"canonical\" href=\"https:\/\/ucm.one\/de\/jetzt-erhaeltlich-flucht-nach-berlin-von-will-tremper-darling-berlin-auf-dvd-und-bei-vod-portalen\/\" \/>\n<meta property=\"og:locale\" content=\"de_DE\" \/>\n<meta property=\"og:type\" content=\"article\" \/>\n<meta property=\"og:title\" content=\"Jetzt erh\u00e4ltlich: &quot;Flucht nach Berlin&quot; von Will Tremper (Darling Berlin) auf DVD und bei VoD-Portalen - UCM.ONE\" \/>\n<meta property=\"og:description\" content=\"[vc_row][vc_column][vc_column_text]Der Film &#8222;Flucht nach Berlin&#8222;, Regie: Will Tremper, handelt von dem ostdeutschen Bauern Hermann G\u00fcden, der von der staatlich angeordneten Schikanierung der SED-Oberen genug hat. Er ist nicht l\u00e4nger bereit, sich in seinem Heimatdorf in Sachsen-Anhalt der Zwangskollektivierung zu unterwerfen, da dieser Staat ihm keine Zukunft bietet. Und so plant er lange vorher in den&hellip;\" \/>\n<meta property=\"og:url\" content=\"https:\/\/ucm.one\/de\/jetzt-erhaeltlich-flucht-nach-berlin-von-will-tremper-darling-berlin-auf-dvd-und-bei-vod-portalen\/\" \/>\n<meta property=\"og:site_name\" content=\"UCM.ONE\" \/>\n<meta property=\"article:published_time\" content=\"2015-04-17T01:30:16+00:00\" \/>\n<meta property=\"article:modified_time\" content=\"2023-03-10T08:49:35+00:00\" \/>\n<meta property=\"og:image\" content=\"https:\/\/ucm.one\/wp-content\/uploads\/2015\/04\/B-Flucht-nach-Berlin.jpg\" \/>\n\t<meta property=\"og:image:width\" content=\"1920\" \/>\n\t<meta property=\"og:image:height\" content=\"600\" \/>\n\t<meta property=\"og:image:type\" content=\"image\/jpeg\" \/>\n<meta name=\"author\" content=\"Joachim Keil\" \/>\n<meta name=\"twitter:card\" content=\"summary_large_image\" \/>\n<meta name=\"twitter:label1\" content=\"Verfasst von\" \/>\n\t<meta name=\"twitter:data1\" content=\"Joachim Keil\" \/>\n\t<meta name=\"twitter:label2\" content=\"Gesch\u00e4tzte Lesezeit\" \/>\n\t<meta name=\"twitter:data2\" content=\"1\u00a0Minute\" \/>\n<!-- \/ Yoast SEO plugin. -->","yoast_head_json":{"title":"Jetzt erh\u00e4ltlich: \"Flucht nach Berlin\" von Will Tremper (Darling Berlin) auf DVD und bei VoD-Portalen - UCM.ONE","robots":{"index":"index","follow":"follow","max-snippet":"max-snippet:-1","max-image-preview":"max-image-preview:large","max-video-preview":"max-video-preview:-1"},"canonical":"https:\/\/ucm.one\/de\/jetzt-erhaeltlich-flucht-nach-berlin-von-will-tremper-darling-berlin-auf-dvd-und-bei-vod-portalen\/","og_locale":"de_DE","og_type":"article","og_title":"Jetzt erh\u00e4ltlich: \"Flucht nach Berlin\" von Will Tremper (Darling Berlin) auf DVD und bei VoD-Portalen - UCM.ONE","og_description":"[vc_row][vc_column][vc_column_text]Der Film &#8222;Flucht nach Berlin&#8222;, Regie: Will Tremper, handelt von dem ostdeutschen Bauern Hermann G\u00fcden, der von der staatlich angeordneten Schikanierung der SED-Oberen genug hat. Er ist nicht l\u00e4nger bereit, sich in seinem Heimatdorf in Sachsen-Anhalt der Zwangskollektivierung zu unterwerfen, da dieser Staat ihm keine Zukunft bietet. Und so plant er lange vorher in den&hellip;","og_url":"https:\/\/ucm.one\/de\/jetzt-erhaeltlich-flucht-nach-berlin-von-will-tremper-darling-berlin-auf-dvd-und-bei-vod-portalen\/","og_site_name":"UCM.ONE","article_published_time":"2015-04-17T01:30:16+00:00","article_modified_time":"2023-03-10T08:49:35+00:00","og_image":[{"width":1920,"height":600,"url":"https:\/\/ucm.one\/wp-content\/uploads\/2015\/04\/B-Flucht-nach-Berlin.jpg","type":"image\/jpeg"}],"author":"Joachim Keil","twitter_card":"summary_large_image","twitter_misc":{"Verfasst von":"Joachim Keil","Gesch\u00e4tzte Lesezeit":"1\u00a0Minute"},"schema":{"@context":"https:\/\/schema.org","@graph":[{"@type":"Article","@id":"https:\/\/ucm.one\/de\/jetzt-erhaeltlich-flucht-nach-berlin-von-will-tremper-darling-berlin-auf-dvd-und-bei-vod-portalen\/#article","isPartOf":{"@id":"https:\/\/ucm.one\/de\/jetzt-erhaeltlich-flucht-nach-berlin-von-will-tremper-darling-berlin-auf-dvd-und-bei-vod-portalen\/"},"author":{"name":"Joachim Keil","@id":"https:\/\/ucm.one\/de\/#\/schema\/person\/4b959e467e8acc058836467a0ef8fa50"},"headline":"Jetzt erh\u00e4ltlich: &#8222;Flucht nach Berlin&#8220; von Will Tremper (Darling Berlin) auf DVD und bei VoD-Portalen","datePublished":"2015-04-17T01:30:16+00:00","dateModified":"2023-03-10T08:49:35+00:00","mainEntityOfPage":{"@id":"https:\/\/ucm.one\/de\/jetzt-erhaeltlich-flucht-nach-berlin-von-will-tremper-darling-berlin-auf-dvd-und-bei-vod-portalen\/"},"wordCount":183,"publisher":{"@id":"https:\/\/ucm.one\/de\/#organization"},"image":{"@id":"https:\/\/ucm.one\/de\/jetzt-erhaeltlich-flucht-nach-berlin-von-will-tremper-darling-berlin-auf-dvd-und-bei-vod-portalen\/#primaryimage"},"thumbnailUrl":"https:\/\/ucm.one\/wp-content\/uploads\/2015\/04\/B-Flucht-nach-Berlin.jpg","keywords":["1961","Berlin","Berliner Mauer","Christian Doermer","Darling Berlin","Darling Berlin Klassiker","DDR","Deutsche Teilung","Deutscher Filmpreis","Drama","Filmklassiker","Flucht nach Berlin","Gerda Blisse","Horst Niendorf","Joe Hembus","Karl Meixner","Narziss Sokatscheff","Ostdeutschland","Peter Thomas","Ralf Gregan","Reinhold Timm","S. Kubitzky","Staatssicherheitsdienst","Stasi","Susanne Korda","Thriller","Westdeutschland","Will Tremper","Wittigo von Einsiedel"],"articleSection":["Darling Berlin","Film","Filmklassiker","News"],"inLanguage":"de"},{"@type":"WebPage","@id":"https:\/\/ucm.one\/de\/jetzt-erhaeltlich-flucht-nach-berlin-von-will-tremper-darling-berlin-auf-dvd-und-bei-vod-portalen\/","url":"https:\/\/ucm.one\/de\/jetzt-erhaeltlich-flucht-nach-berlin-von-will-tremper-darling-berlin-auf-dvd-und-bei-vod-portalen\/","name":"Jetzt erh\u00e4ltlich: \"Flucht nach Berlin\" von Will Tremper (Darling Berlin) auf DVD und bei VoD-Portalen - UCM.ONE","isPartOf":{"@id":"https:\/\/ucm.one\/de\/#website"},"primaryImageOfPage":{"@id":"https:\/\/ucm.one\/de\/jetzt-erhaeltlich-flucht-nach-berlin-von-will-tremper-darling-berlin-auf-dvd-und-bei-vod-portalen\/#primaryimage"},"image":{"@id":"https:\/\/ucm.one\/de\/jetzt-erhaeltlich-flucht-nach-berlin-von-will-tremper-darling-berlin-auf-dvd-und-bei-vod-portalen\/#primaryimage"},"thumbnailUrl":"https:\/\/ucm.one\/wp-content\/uploads\/2015\/04\/B-Flucht-nach-Berlin.jpg","datePublished":"2015-04-17T01:30:16+00:00","dateModified":"2023-03-10T08:49:35+00:00","breadcrumb":{"@id":"https:\/\/ucm.one\/de\/jetzt-erhaeltlich-flucht-nach-berlin-von-will-tremper-darling-berlin-auf-dvd-und-bei-vod-portalen\/#breadcrumb"},"inLanguage":"de","potentialAction":[{"@type":"ReadAction","target":["https:\/\/ucm.one\/de\/jetzt-erhaeltlich-flucht-nach-berlin-von-will-tremper-darling-berlin-auf-dvd-und-bei-vod-portalen\/"]}]},{"@type":"ImageObject","inLanguage":"de","@id":"https:\/\/ucm.one\/de\/jetzt-erhaeltlich-flucht-nach-berlin-von-will-tremper-darling-berlin-auf-dvd-und-bei-vod-portalen\/#primaryimage","url":"https:\/\/ucm.one\/wp-content\/uploads\/2015\/04\/B-Flucht-nach-Berlin.jpg","contentUrl":"https:\/\/ucm.one\/wp-content\/uploads\/2015\/04\/B-Flucht-nach-Berlin.jpg","width":1920,"height":600},{"@type":"BreadcrumbList","@id":"https:\/\/ucm.one\/de\/jetzt-erhaeltlich-flucht-nach-berlin-von-will-tremper-darling-berlin-auf-dvd-und-bei-vod-portalen\/#breadcrumb","itemListElement":[{"@type":"ListItem","position":1,"name":"Home","item":"https:\/\/ucm.one\/de\/"},{"@type":"ListItem","position":2,"name":"Jetzt erh\u00e4ltlich: &#8220;Flucht nach Berlin&#8221; von Will Tremper (Darling Berlin) auf DVD und bei VoD-Portalen"}]},{"@type":"WebSite","@id":"https:\/\/ucm.one\/de\/#website","url":"https:\/\/ucm.one\/de\/","name":"UCM.ONE","description":"","publisher":{"@id":"https:\/\/ucm.one\/de\/#organization"},"potentialAction":[{"@type":"SearchAction","target":{"@type":"EntryPoint","urlTemplate":"https:\/\/ucm.one\/de\/?s={search_term_string}"},"query-input":{"@type":"PropertyValueSpecification","valueRequired":true,"valueName":"search_term_string"}}],"inLanguage":"de"},{"@type":"Organization","@id":"https:\/\/ucm.one\/de\/#organization","name":"UCM.ONE","url":"https:\/\/ucm.one\/de\/","logo":{"@type":"ImageObject","inLanguage":"de","@id":"https:\/\/ucm.one\/de\/#\/schema\/logo\/image\/","url":"https:\/\/ucm.one\/wp-content\/uploads\/2019\/10\/UCM.ONE-Logo-RGB.svg","contentUrl":"https:\/\/ucm.one\/wp-content\/uploads\/2019\/10\/UCM.ONE-Logo-RGB.svg","width":1,"height":1,"caption":"UCM.ONE"},"image":{"@id":"https:\/\/ucm.one\/de\/#\/schema\/logo\/image\/"}},{"@type":"Person","@id":"https:\/\/ucm.one\/de\/#\/schema\/person\/4b959e467e8acc058836467a0ef8fa50","name":"Joachim Keil","image":{"@type":"ImageObject","inLanguage":"de","@id":"https:\/\/secure.gravatar.com\/avatar\/10e1dfd05f2a7a7bc83cd44bae31e01c8ac15f974229211a2b1a49fa0a22fec0?s=96&d=mm&r=g","url":"https:\/\/secure.gravatar.com\/avatar\/10e1dfd05f2a7a7bc83cd44bae31e01c8ac15f974229211a2b1a49fa0a22fec0?s=96&d=mm&r=g","contentUrl":"https:\/\/secure.gravatar.com\/avatar\/10e1dfd05f2a7a7bc83cd44bae31e01c8ac15f974229211a2b1a49fa0a22fec0?s=96&d=mm&r=g","caption":"Joachim Keil"},"sameAs":["https:\/\/ucm.one"]}]}},"_links":{"self":[{"href":"https:\/\/ucm.one\/de\/wp-json\/wp\/v2\/posts\/13838","targetHints":{"allow":["GET"]}}],"collection":[{"href":"https:\/\/ucm.one\/de\/wp-json\/wp\/v2\/posts"}],"about":[{"href":"https:\/\/ucm.one\/de\/wp-json\/wp\/v2\/types\/post"}],"author":[{"embeddable":true,"href":"https:\/\/ucm.one\/de\/wp-json\/wp\/v2\/users\/2"}],"replies":[{"embeddable":true,"href":"https:\/\/ucm.one\/de\/wp-json\/wp\/v2\/comments?post=13838"}],"version-history":[{"count":0,"href":"https:\/\/ucm.one\/de\/wp-json\/wp\/v2\/posts\/13838\/revisions"}],"wp:featuredmedia":[{"embeddable":true,"href":"https:\/\/ucm.one\/de\/wp-json\/wp\/v2\/media\/13836"}],"wp:attachment":[{"href":"https:\/\/ucm.one\/de\/wp-json\/wp\/v2\/media?parent=13838"}],"wp:term":[{"taxonomy":"category","embeddable":true,"href":"https:\/\/ucm.one\/de\/wp-json\/wp\/v2\/categories?post=13838"},{"taxonomy":"post_tag","embeddable":true,"href":"https:\/\/ucm.one\/de\/wp-json\/wp\/v2\/tags?post=13838"}],"curies":[{"name":"wp","href":"https:\/\/api.w.org\/{rel}","templated":true}]}}