{"id":13753,"date":"2015-10-15T00:01:49","date_gmt":"2015-10-15T00:01:49","guid":{"rendered":"https:\/\/ucm.one\/?p=13753"},"modified":"2018-08-17T12:55:32","modified_gmt":"2018-08-17T12:55:32","slug":"kinostart-von-homesick-darling-berlin","status":"publish","type":"post","link":"https:\/\/ucm.one\/de\/kinostart-von-homesick-darling-berlin\/","title":{"rendered":"Kinostart von \u201cHomeSick\u201d (Darling Berlin)"},"content":{"rendered":"<div class=\"wpb-content-wrapper\"><p>[vc_row][vc_column][vc_column_text]Am 15. August ver\u00f6ffentlicht daredo media einen neuen Thriller auf dem Label Darling Berlin: &#8222;HomeSick&#8220; erz\u00e4hlt die Geschichte von Jessica, einer ehrgeizigen Cellosch\u00fclerin, die mit ihrem Freund Lorenz in eine neue Wohnung zieht. Wenn sie die ehrenvolle Einladung erh\u00e4lt, Deutschland in einem internationalen Wettbewerb f\u00fcr klassische Musik zu vertreten, scheint es ihre gro\u00dfe Chance zu sein &#8211; und gleichzeitig ein enormer Druck. In ihrem Haus bereitet sich Jessica akribisch auf den Wettbewerb vor. Doch ihre eigenen vier W\u00e4nde scheinen sie nicht zu sch\u00fctzen, da Jessica zunehmend kleinen und gro\u00dfen anonymen Schikanen ausgesetzt ist. Woran beteiligt sich der Nachbar, der geheimnisvoll hinter halbgeschlossenen Vorh\u00e4ngen auftaucht? Da Lorenz nichts davon bemerkt und daher Jessicas Annahmen kaum glauben kann, entsteht ein Konflikt zwischen dem jungen Paar. Der zunehmende Druck und Stress beginnen Jessicas Alltag merklich zu nagen und schon bald verschwimmen Realit\u00e4t und Imagination. Schlie\u00dflich findet Jessica ihr Leben in Tr\u00fcmmern, verursacht durch ihren eigenen Ehrgeiz. In der verzweifelten Hoffnung, ihr Gl\u00fcck wieder herzustellen, beginnt sie ihr Haus zu verteidigen &#8211; um jeden Preis &#8230;<\/p>\n<p>&nbsp;<\/p>\n<p><img decoding=\"async\" class=\"alignnone size-full wp-image-13720\" src=\"https:\/\/ucm.one\/wp-content\/uploads\/2015\/11\/B-HomeSick-N1.jpg\" alt=\"\" width=\"1920\" height=\"600\" srcset=\"https:\/\/ucm.one\/wp-content\/uploads\/2015\/11\/B-HomeSick-N1.jpg 1920w, https:\/\/ucm.one\/wp-content\/uploads\/2015\/11\/B-HomeSick-N1-300x94.jpg 300w, https:\/\/ucm.one\/wp-content\/uploads\/2015\/11\/B-HomeSick-N1-600x188.jpg 600w, https:\/\/ucm.one\/wp-content\/uploads\/2015\/11\/B-HomeSick-N1-768x240.jpg 768w, https:\/\/ucm.one\/wp-content\/uploads\/2015\/11\/B-HomeSick-N1-1024x320.jpg 1024w\" sizes=\"(max-width: 1920px) 100vw, 1920px\" \/><\/p>\n<p>&nbsp;<\/p>\n<p>Der Regisseur Jakob M. Erwa wollte Rockstar werden, aber dann drehte das Kino seinen Kopf. Er besuchte die Kunstschule Later Filmschule in M\u00fcnchen, die er 2007 erfolgreich abschloss. Mit seinem vielbeachteten Deb\u00fctfilm Heile Welt (2007) gewann er den &#8222;Grand Diagonale Award &#8211; Bester \u00f6sterreichischer Film&#8220; sowie den &#8222;Deutschen Unabh\u00e4ngigkeitspreis &#8211; Bester deutscher Film &#8222;beim Oldenburger Internationalen Filmfestival. Au\u00dferdem wurde sein Film zu zahlreichen internationalen Filmfestivals auf der ganzen Welt eingeladen. Er liebt neue Herausforderungen und unkonventionelle Ans\u00e4tze. Sein letzter Film HomeSick markiert einen neuen Schritt in seiner Karriere: Es ist seine erste eigene, unabh\u00e4ngige Produktion.<\/p>\n<p><strong>&#8222;HomeSick&#8220; &#8211; in den Kinos in Deutschland ab 25. Oktober 2015.<\/strong>[\/vc_column_text][\/vc_column][\/vc_row][vc_row][vc_column][vc_video link=&#8220;https:\/\/www.youtube.com\/watch?v=FaaI1BQM3OE&#8220;][\/vc_column][\/vc_row]<\/p>\n<\/div>","protected":false},"excerpt":{"rendered":"<p>[vc_row][vc_column][vc_column_text]Am 15. August ver\u00f6ffentlicht daredo media einen neuen Thriller auf dem Label Darling Berlin: &#8222;HomeSick&#8220; erz\u00e4hlt die Geschichte von Jessica, einer ehrgeizigen Cellosch\u00fclerin, die mit ihrem Freund Lorenz in eine neue Wohnung zieht. Wenn sie die ehrenvolle Einladung erh\u00e4lt, Deutschland in einem internationalen Wettbewerb f\u00fcr klassische Musik zu vertreten, scheint es ihre gro\u00dfe Chance zu&hellip;<\/p>\n","protected":false},"author":2,"featured_media":13751,"comment_status":"closed","ping_status":"closed","sticky":false,"template":"","format":"standard","meta":{"_acf_changed":false,"footnotes":""},"categories":[830,8,10,13],"tags":[3202,3203,2572,2266,3204,3205,3206,2704,3207,3208,3209,3210,3211,3212,3213,3214,3215,3216,3217,2374,3218,3219,3220,3221],"class_list":["post-13753","post","type-post","status-publish","format-standard","has-post-thumbnail","hentry","category-darling-berlin","category-film","category-kino","category-news","tag-aline-eydam","tag-barbara-sotelsek","tag-berlinale","tag-darling-berlin","tag-eric-bouwer","tag-esther-maria-pietsch","tag-fabian-pfeffer","tag-film","tag-graz","tag-heike-hanold-lynch","tag-hermann-beyer","tag-homesick","tag-jae-youn-seo","tag-jakob-m-erwa","tag-janusz-cichocki","tag-johannes-richard-voelkel","tag-karim-cherif","tag-lucia-luciano","tag-lutz-blochberger","tag-matthias-lier","tag-min-oh-zeilmann","tag-oesterreich","tag-ralph-kretschmar","tag-tatja-seibt","category-830","category-8","category-10","category-13","description-off"],"acf":[],"yoast_head":"<!-- This site is optimized with the Yoast SEO plugin v27.5 - https:\/\/yoast.com\/product\/yoast-seo-wordpress\/ -->\n<title>Kinostart von \u201cHomeSick\u201d (Darling Berlin) - UCM.ONE<\/title>\n<meta name=\"robots\" content=\"index, follow, max-snippet:-1, max-image-preview:large, max-video-preview:-1\" \/>\n<link rel=\"canonical\" href=\"https:\/\/ucm.one\/de\/kinostart-von-homesick-darling-berlin\/\" \/>\n<meta property=\"og:locale\" content=\"de_DE\" \/>\n<meta property=\"og:type\" content=\"article\" \/>\n<meta property=\"og:title\" content=\"Kinostart von \u201cHomeSick\u201d (Darling Berlin) - UCM.ONE\" \/>\n<meta property=\"og:description\" content=\"[vc_row][vc_column][vc_column_text]Am 15. August ver\u00f6ffentlicht daredo media einen neuen Thriller auf dem Label Darling Berlin: &#8222;HomeSick&#8220; erz\u00e4hlt die Geschichte von Jessica, einer ehrgeizigen Cellosch\u00fclerin, die mit ihrem Freund Lorenz in eine neue Wohnung zieht. Wenn sie die ehrenvolle Einladung erh\u00e4lt, Deutschland in einem internationalen Wettbewerb f\u00fcr klassische Musik zu vertreten, scheint es ihre gro\u00dfe Chance zu&hellip;\" \/>\n<meta property=\"og:url\" content=\"https:\/\/ucm.one\/de\/kinostart-von-homesick-darling-berlin\/\" \/>\n<meta property=\"og:site_name\" content=\"UCM.ONE\" \/>\n<meta property=\"article:published_time\" content=\"2015-10-15T00:01:49+00:00\" \/>\n<meta property=\"article:modified_time\" content=\"2018-08-17T12:55:32+00:00\" \/>\n<meta property=\"og:image\" content=\"https:\/\/ucm.one\/wp-content\/uploads\/2015\/10\/B-Homesick-Kino.jpg\" \/>\n\t<meta property=\"og:image:width\" content=\"1920\" \/>\n\t<meta property=\"og:image:height\" content=\"600\" \/>\n\t<meta property=\"og:image:type\" content=\"image\/jpeg\" \/>\n<meta name=\"author\" content=\"Joachim Keil\" \/>\n<meta name=\"twitter:card\" content=\"summary_large_image\" \/>\n<meta name=\"twitter:label1\" content=\"Verfasst von\" \/>\n\t<meta name=\"twitter:data1\" content=\"Joachim Keil\" \/>\n\t<meta name=\"twitter:label2\" content=\"Gesch\u00e4tzte Lesezeit\" \/>\n\t<meta name=\"twitter:data2\" content=\"2\u00a0Minuten\" \/>\n<!-- \/ Yoast SEO plugin. -->","yoast_head_json":{"title":"Kinostart von \u201cHomeSick\u201d (Darling Berlin) - UCM.ONE","robots":{"index":"index","follow":"follow","max-snippet":"max-snippet:-1","max-image-preview":"max-image-preview:large","max-video-preview":"max-video-preview:-1"},"canonical":"https:\/\/ucm.one\/de\/kinostart-von-homesick-darling-berlin\/","og_locale":"de_DE","og_type":"article","og_title":"Kinostart von \u201cHomeSick\u201d (Darling Berlin) - UCM.ONE","og_description":"[vc_row][vc_column][vc_column_text]Am 15. August ver\u00f6ffentlicht daredo media einen neuen Thriller auf dem Label Darling Berlin: &#8222;HomeSick&#8220; erz\u00e4hlt die Geschichte von Jessica, einer ehrgeizigen Cellosch\u00fclerin, die mit ihrem Freund Lorenz in eine neue Wohnung zieht. Wenn sie die ehrenvolle Einladung erh\u00e4lt, Deutschland in einem internationalen Wettbewerb f\u00fcr klassische Musik zu vertreten, scheint es ihre gro\u00dfe Chance zu&hellip;","og_url":"https:\/\/ucm.one\/de\/kinostart-von-homesick-darling-berlin\/","og_site_name":"UCM.ONE","article_published_time":"2015-10-15T00:01:49+00:00","article_modified_time":"2018-08-17T12:55:32+00:00","og_image":[{"width":1920,"height":600,"url":"https:\/\/ucm.one\/wp-content\/uploads\/2015\/10\/B-Homesick-Kino.jpg","type":"image\/jpeg"}],"author":"Joachim Keil","twitter_card":"summary_large_image","twitter_misc":{"Verfasst von":"Joachim Keil","Gesch\u00e4tzte Lesezeit":"2\u00a0Minuten"},"schema":{"@context":"https:\/\/schema.org","@graph":[{"@type":"Article","@id":"https:\/\/ucm.one\/de\/kinostart-von-homesick-darling-berlin\/#article","isPartOf":{"@id":"https:\/\/ucm.one\/de\/kinostart-von-homesick-darling-berlin\/"},"author":{"name":"Joachim Keil","@id":"https:\/\/ucm.one\/de\/#\/schema\/person\/4b959e467e8acc058836467a0ef8fa50"},"headline":"Kinostart von \u201cHomeSick\u201d (Darling Berlin)","datePublished":"2015-10-15T00:01:49+00:00","dateModified":"2018-08-17T12:55:32+00:00","mainEntityOfPage":{"@id":"https:\/\/ucm.one\/de\/kinostart-von-homesick-darling-berlin\/"},"wordCount":333,"publisher":{"@id":"https:\/\/ucm.one\/de\/#organization"},"image":{"@id":"https:\/\/ucm.one\/de\/kinostart-von-homesick-darling-berlin\/#primaryimage"},"thumbnailUrl":"https:\/\/ucm.one\/wp-content\/uploads\/2015\/10\/B-Homesick-Kino.jpg","keywords":["Aline Eydam","Barbara Sotelsek","Berlinale","Darling Berlin","Eric Bouwer","Esther Maria Pietsch","Fabian Pfeffer","Film","Graz","Heike Hanold-Lynch","Hermann Beyer","HomeSick","Jae Youn Seo","Jakob M. Erwa","Janusz Cichocki","Johannes Richard Voelkel","Karim Cherif","Lucia Luciano","Lutz Blochberger","Matthias Lier","Min-Oh Zeilmann","\u00d6sterreich","Ralph Kretschmar","Tatja Seibt"],"articleSection":["Darling Berlin","Film","Kino","News"],"inLanguage":"de"},{"@type":"WebPage","@id":"https:\/\/ucm.one\/de\/kinostart-von-homesick-darling-berlin\/","url":"https:\/\/ucm.one\/de\/kinostart-von-homesick-darling-berlin\/","name":"Kinostart von \u201cHomeSick\u201d (Darling Berlin) - UCM.ONE","isPartOf":{"@id":"https:\/\/ucm.one\/de\/#website"},"primaryImageOfPage":{"@id":"https:\/\/ucm.one\/de\/kinostart-von-homesick-darling-berlin\/#primaryimage"},"image":{"@id":"https:\/\/ucm.one\/de\/kinostart-von-homesick-darling-berlin\/#primaryimage"},"thumbnailUrl":"https:\/\/ucm.one\/wp-content\/uploads\/2015\/10\/B-Homesick-Kino.jpg","datePublished":"2015-10-15T00:01:49+00:00","dateModified":"2018-08-17T12:55:32+00:00","breadcrumb":{"@id":"https:\/\/ucm.one\/de\/kinostart-von-homesick-darling-berlin\/#breadcrumb"},"inLanguage":"de","potentialAction":[{"@type":"ReadAction","target":["https:\/\/ucm.one\/de\/kinostart-von-homesick-darling-berlin\/"]}]},{"@type":"ImageObject","inLanguage":"de","@id":"https:\/\/ucm.one\/de\/kinostart-von-homesick-darling-berlin\/#primaryimage","url":"https:\/\/ucm.one\/wp-content\/uploads\/2015\/10\/B-Homesick-Kino.jpg","contentUrl":"https:\/\/ucm.one\/wp-content\/uploads\/2015\/10\/B-Homesick-Kino.jpg","width":1920,"height":600},{"@type":"BreadcrumbList","@id":"https:\/\/ucm.one\/de\/kinostart-von-homesick-darling-berlin\/#breadcrumb","itemListElement":[{"@type":"ListItem","position":1,"name":"Home","item":"https:\/\/ucm.one\/de\/"},{"@type":"ListItem","position":2,"name":"Kinostart von \u201cHomeSick\u201d (Darling Berlin)"}]},{"@type":"WebSite","@id":"https:\/\/ucm.one\/de\/#website","url":"https:\/\/ucm.one\/de\/","name":"UCM.ONE","description":"","publisher":{"@id":"https:\/\/ucm.one\/de\/#organization"},"potentialAction":[{"@type":"SearchAction","target":{"@type":"EntryPoint","urlTemplate":"https:\/\/ucm.one\/de\/?s={search_term_string}"},"query-input":{"@type":"PropertyValueSpecification","valueRequired":true,"valueName":"search_term_string"}}],"inLanguage":"de"},{"@type":"Organization","@id":"https:\/\/ucm.one\/de\/#organization","name":"UCM.ONE","url":"https:\/\/ucm.one\/de\/","logo":{"@type":"ImageObject","inLanguage":"de","@id":"https:\/\/ucm.one\/de\/#\/schema\/logo\/image\/","url":"https:\/\/ucm.one\/wp-content\/uploads\/2019\/10\/UCM.ONE-Logo-RGB.svg","contentUrl":"https:\/\/ucm.one\/wp-content\/uploads\/2019\/10\/UCM.ONE-Logo-RGB.svg","width":1,"height":1,"caption":"UCM.ONE"},"image":{"@id":"https:\/\/ucm.one\/de\/#\/schema\/logo\/image\/"}},{"@type":"Person","@id":"https:\/\/ucm.one\/de\/#\/schema\/person\/4b959e467e8acc058836467a0ef8fa50","name":"Joachim Keil","image":{"@type":"ImageObject","inLanguage":"de","@id":"https:\/\/secure.gravatar.com\/avatar\/10e1dfd05f2a7a7bc83cd44bae31e01c8ac15f974229211a2b1a49fa0a22fec0?s=96&d=mm&r=g","url":"https:\/\/secure.gravatar.com\/avatar\/10e1dfd05f2a7a7bc83cd44bae31e01c8ac15f974229211a2b1a49fa0a22fec0?s=96&d=mm&r=g","contentUrl":"https:\/\/secure.gravatar.com\/avatar\/10e1dfd05f2a7a7bc83cd44bae31e01c8ac15f974229211a2b1a49fa0a22fec0?s=96&d=mm&r=g","caption":"Joachim Keil"},"sameAs":["https:\/\/ucm.one"]}]}},"_links":{"self":[{"href":"https:\/\/ucm.one\/de\/wp-json\/wp\/v2\/posts\/13753","targetHints":{"allow":["GET"]}}],"collection":[{"href":"https:\/\/ucm.one\/de\/wp-json\/wp\/v2\/posts"}],"about":[{"href":"https:\/\/ucm.one\/de\/wp-json\/wp\/v2\/types\/post"}],"author":[{"embeddable":true,"href":"https:\/\/ucm.one\/de\/wp-json\/wp\/v2\/users\/2"}],"replies":[{"embeddable":true,"href":"https:\/\/ucm.one\/de\/wp-json\/wp\/v2\/comments?post=13753"}],"version-history":[{"count":0,"href":"https:\/\/ucm.one\/de\/wp-json\/wp\/v2\/posts\/13753\/revisions"}],"wp:featuredmedia":[{"embeddable":true,"href":"https:\/\/ucm.one\/de\/wp-json\/wp\/v2\/media\/13751"}],"wp:attachment":[{"href":"https:\/\/ucm.one\/de\/wp-json\/wp\/v2\/media?parent=13753"}],"wp:term":[{"taxonomy":"category","embeddable":true,"href":"https:\/\/ucm.one\/de\/wp-json\/wp\/v2\/categories?post=13753"},{"taxonomy":"post_tag","embeddable":true,"href":"https:\/\/ucm.one\/de\/wp-json\/wp\/v2\/tags?post=13753"}],"curies":[{"name":"wp","href":"https:\/\/api.w.org\/{rel}","templated":true}]}}