{"id":13747,"date":"2015-10-23T19:53:20","date_gmt":"2015-10-23T19:53:20","guid":{"rendered":"https:\/\/ucm.one\/?p=13747"},"modified":"2019-02-03T22:58:09","modified_gmt":"2019-02-03T22:58:09","slug":"jetzt-erhaeltlich-iii-das-ritual-auf-blu-ray-dvd-und-bei-vod-portalen","status":"publish","type":"post","link":"https:\/\/ucm.one\/de\/jetzt-erhaeltlich-iii-das-ritual-auf-blu-ray-dvd-und-bei-vod-portalen\/","title":{"rendered":"Jetzt erh\u00e4ltlich: &#8222;III &#8211; Das Ritual&#8220; auf Blu-Ray, DVD und bei VoD-Portalen"},"content":{"rendered":"<div class=\"wpb-content-wrapper\"><p>[vc_row][vc_column][vc_column_text]W\u00e4hrend des Ausbruchs einer mysteri\u00f6sen t\u00f6dlichen Epidemie, die ein l\u00e4ndliches europ\u00e4isches Dorf verw\u00fcstet, versprechen die Schwestern Ayia und Mirra ihrer sterbenden Mutter, sich bis ans Ende ihres Lebens zu k\u00fcmmern. Als Mirra, die j\u00fcngere Schwester, der Epidemie zum Opfer f\u00e4llt, erkennt Ayia in ihrer Verzweiflung, dass die Schulmedizin ihre Schwester nicht retten wird. Im Haus des \u00f6rtlichen Priesters entdeckt Ayia eine Sammlung schamanischer B\u00fccher, die eine Reihe von mystischen Zeichnungen enth\u00e4lt, die sie als Ritual f\u00fcr spirituelle Heilung entschl\u00fcsselt, von dem sie glaubt, dass es ihre Schwester retten wird. Die schamanische Heilung beinhaltet eine v\u00f6llige Eintauchen in den Geist des Patienten, eine Reise in die tiefsten verborgenen Tiefen ihres Unterbewusstseins, wo schreckliche Monster und D\u00e4monen. Wird Ayia fertig werden, wenn sie in die dunklen Tiefen des Unterbewusstseins ihrer Schwester sieht, wo ein schreckliches Monster warten kann? Je n\u00e4her am Meeresboden, desto dunkler wird es &#8230;<\/p>\n<p><strong>&#8222;III &#8211; Die Rituale&#8220; (M-Square Pictures) Erscheinungstermin: 23. Oktober 2015 auf DVD, Blu-Ray und VOD.<\/strong>[\/vc_column_text][\/vc_column][\/vc_row][vc_row][vc_column][vc_video link=&#8220;https:\/\/www.youtube.com\/watch?v=I0ldFo9txgU&#8220;][\/vc_column][\/vc_row]<\/p>\n<\/div>","protected":false},"excerpt":{"rendered":"<p>[vc_row][vc_column][vc_column_text]W\u00e4hrend des Ausbruchs einer mysteri\u00f6sen t\u00f6dlichen Epidemie, die ein l\u00e4ndliches europ\u00e4isches Dorf verw\u00fcstet, versprechen die Schwestern Ayia und Mirra ihrer sterbenden Mutter, sich bis ans Ende ihres Lebens zu k\u00fcmmern. Als Mirra, die j\u00fcngere Schwester, der Epidemie zum Opfer f\u00e4llt, erkennt Ayia in ihrer Verzweiflung, dass die Schulmedizin ihre Schwester nicht retten wird. Im Haus&hellip;<\/p>\n","protected":false},"author":2,"featured_media":13744,"comment_status":"closed","ping_status":"closed","sticky":false,"template":"","format":"standard","meta":{"_acf_changed":false,"footnotes":""},"categories":[8,1046,13,752],"tags":[2704,2332,2322,3225,2805,2324,2326,3226,2327],"class_list":["post-13747","post","type-post","status-publish","format-standard","has-post-thumbnail","hentry","category-film","category-m-square-pictures","category-news","category-verleih","tag-film","tag-horror","tag-iii-das-ritual","tag-ljubow-ignatuschko","tag-m-square","tag-m-square-pictures","tag-pavel-khvaleev","tag-polina-dawjdowa","tag-russland","category-8","category-1046","category-13","category-752","description-off"],"acf":[],"yoast_head":"<!-- This site is optimized with the Yoast SEO plugin v27.5 - https:\/\/yoast.com\/product\/yoast-seo-wordpress\/ -->\n<title>Jetzt erh\u00e4ltlich: &quot;III - Das Ritual&quot; auf Blu-Ray, DVD und bei VoD-Portalen - UCM.ONE<\/title>\n<meta name=\"robots\" content=\"index, follow, max-snippet:-1, max-image-preview:large, max-video-preview:-1\" \/>\n<link rel=\"canonical\" href=\"https:\/\/ucm.one\/de\/jetzt-erhaeltlich-iii-das-ritual-auf-blu-ray-dvd-und-bei-vod-portalen\/\" \/>\n<meta property=\"og:locale\" content=\"de_DE\" \/>\n<meta property=\"og:type\" content=\"article\" \/>\n<meta property=\"og:title\" content=\"Jetzt erh\u00e4ltlich: &quot;III - Das Ritual&quot; auf Blu-Ray, DVD und bei VoD-Portalen - UCM.ONE\" \/>\n<meta property=\"og:description\" content=\"[vc_row][vc_column][vc_column_text]W\u00e4hrend des Ausbruchs einer mysteri\u00f6sen t\u00f6dlichen Epidemie, die ein l\u00e4ndliches europ\u00e4isches Dorf verw\u00fcstet, versprechen die Schwestern Ayia und Mirra ihrer sterbenden Mutter, sich bis ans Ende ihres Lebens zu k\u00fcmmern. Als Mirra, die j\u00fcngere Schwester, der Epidemie zum Opfer f\u00e4llt, erkennt Ayia in ihrer Verzweiflung, dass die Schulmedizin ihre Schwester nicht retten wird. Im Haus&hellip;\" \/>\n<meta property=\"og:url\" content=\"https:\/\/ucm.one\/de\/jetzt-erhaeltlich-iii-das-ritual-auf-blu-ray-dvd-und-bei-vod-portalen\/\" \/>\n<meta property=\"og:site_name\" content=\"UCM.ONE\" \/>\n<meta property=\"article:published_time\" content=\"2015-10-23T19:53:20+00:00\" \/>\n<meta property=\"article:modified_time\" content=\"2019-02-03T22:58:09+00:00\" \/>\n<meta property=\"og:image\" content=\"https:\/\/ucm.one\/wp-content\/uploads\/2015\/10\/B-III-45.jpg\" \/>\n\t<meta property=\"og:image:width\" content=\"1920\" \/>\n\t<meta property=\"og:image:height\" content=\"600\" \/>\n\t<meta property=\"og:image:type\" content=\"image\/jpeg\" \/>\n<meta name=\"author\" content=\"Joachim Keil\" \/>\n<meta name=\"twitter:card\" content=\"summary_large_image\" \/>\n<meta name=\"twitter:label1\" content=\"Verfasst von\" \/>\n\t<meta name=\"twitter:data1\" content=\"Joachim Keil\" \/>\n\t<meta name=\"twitter:label2\" content=\"Gesch\u00e4tzte Lesezeit\" \/>\n\t<meta name=\"twitter:data2\" content=\"1\u00a0Minute\" \/>\n<!-- \/ Yoast SEO plugin. -->","yoast_head_json":{"title":"Jetzt erh\u00e4ltlich: \"III - Das Ritual\" auf Blu-Ray, DVD und bei VoD-Portalen - UCM.ONE","robots":{"index":"index","follow":"follow","max-snippet":"max-snippet:-1","max-image-preview":"max-image-preview:large","max-video-preview":"max-video-preview:-1"},"canonical":"https:\/\/ucm.one\/de\/jetzt-erhaeltlich-iii-das-ritual-auf-blu-ray-dvd-und-bei-vod-portalen\/","og_locale":"de_DE","og_type":"article","og_title":"Jetzt erh\u00e4ltlich: \"III - Das Ritual\" auf Blu-Ray, DVD und bei VoD-Portalen - UCM.ONE","og_description":"[vc_row][vc_column][vc_column_text]W\u00e4hrend des Ausbruchs einer mysteri\u00f6sen t\u00f6dlichen Epidemie, die ein l\u00e4ndliches europ\u00e4isches Dorf verw\u00fcstet, versprechen die Schwestern Ayia und Mirra ihrer sterbenden Mutter, sich bis ans Ende ihres Lebens zu k\u00fcmmern. Als Mirra, die j\u00fcngere Schwester, der Epidemie zum Opfer f\u00e4llt, erkennt Ayia in ihrer Verzweiflung, dass die Schulmedizin ihre Schwester nicht retten wird. Im Haus&hellip;","og_url":"https:\/\/ucm.one\/de\/jetzt-erhaeltlich-iii-das-ritual-auf-blu-ray-dvd-und-bei-vod-portalen\/","og_site_name":"UCM.ONE","article_published_time":"2015-10-23T19:53:20+00:00","article_modified_time":"2019-02-03T22:58:09+00:00","og_image":[{"width":1920,"height":600,"url":"https:\/\/ucm.one\/wp-content\/uploads\/2015\/10\/B-III-45.jpg","type":"image\/jpeg"}],"author":"Joachim Keil","twitter_card":"summary_large_image","twitter_misc":{"Verfasst von":"Joachim Keil","Gesch\u00e4tzte Lesezeit":"1\u00a0Minute"},"schema":{"@context":"https:\/\/schema.org","@graph":[{"@type":"Article","@id":"https:\/\/ucm.one\/de\/jetzt-erhaeltlich-iii-das-ritual-auf-blu-ray-dvd-und-bei-vod-portalen\/#article","isPartOf":{"@id":"https:\/\/ucm.one\/de\/jetzt-erhaeltlich-iii-das-ritual-auf-blu-ray-dvd-und-bei-vod-portalen\/"},"author":{"name":"Joachim Keil","@id":"https:\/\/ucm.one\/de\/#\/schema\/person\/4b959e467e8acc058836467a0ef8fa50"},"headline":"Jetzt erh\u00e4ltlich: &#8222;III &#8211; Das Ritual&#8220; auf Blu-Ray, DVD und bei VoD-Portalen","datePublished":"2015-10-23T19:53:20+00:00","dateModified":"2019-02-03T22:58:09+00:00","mainEntityOfPage":{"@id":"https:\/\/ucm.one\/de\/jetzt-erhaeltlich-iii-das-ritual-auf-blu-ray-dvd-und-bei-vod-portalen\/"},"wordCount":220,"publisher":{"@id":"https:\/\/ucm.one\/de\/#organization"},"image":{"@id":"https:\/\/ucm.one\/de\/jetzt-erhaeltlich-iii-das-ritual-auf-blu-ray-dvd-und-bei-vod-portalen\/#primaryimage"},"thumbnailUrl":"https:\/\/ucm.one\/wp-content\/uploads\/2015\/10\/B-III-45.jpg","keywords":["Film","Horror","III - Das Ritual","Ljubow Ignatuschko","M-Square","M-Square Pictures","Pavel Khvaleev","Polina Dawjdowa","Russland"],"articleSection":["Film","M-Square Pictures","News","Verleih"],"inLanguage":"de"},{"@type":"WebPage","@id":"https:\/\/ucm.one\/de\/jetzt-erhaeltlich-iii-das-ritual-auf-blu-ray-dvd-und-bei-vod-portalen\/","url":"https:\/\/ucm.one\/de\/jetzt-erhaeltlich-iii-das-ritual-auf-blu-ray-dvd-und-bei-vod-portalen\/","name":"Jetzt erh\u00e4ltlich: \"III - Das Ritual\" auf Blu-Ray, DVD und bei VoD-Portalen - UCM.ONE","isPartOf":{"@id":"https:\/\/ucm.one\/de\/#website"},"primaryImageOfPage":{"@id":"https:\/\/ucm.one\/de\/jetzt-erhaeltlich-iii-das-ritual-auf-blu-ray-dvd-und-bei-vod-portalen\/#primaryimage"},"image":{"@id":"https:\/\/ucm.one\/de\/jetzt-erhaeltlich-iii-das-ritual-auf-blu-ray-dvd-und-bei-vod-portalen\/#primaryimage"},"thumbnailUrl":"https:\/\/ucm.one\/wp-content\/uploads\/2015\/10\/B-III-45.jpg","datePublished":"2015-10-23T19:53:20+00:00","dateModified":"2019-02-03T22:58:09+00:00","breadcrumb":{"@id":"https:\/\/ucm.one\/de\/jetzt-erhaeltlich-iii-das-ritual-auf-blu-ray-dvd-und-bei-vod-portalen\/#breadcrumb"},"inLanguage":"de","potentialAction":[{"@type":"ReadAction","target":["https:\/\/ucm.one\/de\/jetzt-erhaeltlich-iii-das-ritual-auf-blu-ray-dvd-und-bei-vod-portalen\/"]}]},{"@type":"ImageObject","inLanguage":"de","@id":"https:\/\/ucm.one\/de\/jetzt-erhaeltlich-iii-das-ritual-auf-blu-ray-dvd-und-bei-vod-portalen\/#primaryimage","url":"https:\/\/ucm.one\/wp-content\/uploads\/2015\/10\/B-III-45.jpg","contentUrl":"https:\/\/ucm.one\/wp-content\/uploads\/2015\/10\/B-III-45.jpg","width":1920,"height":600},{"@type":"BreadcrumbList","@id":"https:\/\/ucm.one\/de\/jetzt-erhaeltlich-iii-das-ritual-auf-blu-ray-dvd-und-bei-vod-portalen\/#breadcrumb","itemListElement":[{"@type":"ListItem","position":1,"name":"Home","item":"https:\/\/ucm.one\/de\/"},{"@type":"ListItem","position":2,"name":"Jetzt erh\u00e4ltlich: &#8220;III &#8211; Das Ritual&#8221; auf Blu-Ray, DVD und bei VoD-Portalen"}]},{"@type":"WebSite","@id":"https:\/\/ucm.one\/de\/#website","url":"https:\/\/ucm.one\/de\/","name":"UCM.ONE","description":"","publisher":{"@id":"https:\/\/ucm.one\/de\/#organization"},"potentialAction":[{"@type":"SearchAction","target":{"@type":"EntryPoint","urlTemplate":"https:\/\/ucm.one\/de\/?s={search_term_string}"},"query-input":{"@type":"PropertyValueSpecification","valueRequired":true,"valueName":"search_term_string"}}],"inLanguage":"de"},{"@type":"Organization","@id":"https:\/\/ucm.one\/de\/#organization","name":"UCM.ONE","url":"https:\/\/ucm.one\/de\/","logo":{"@type":"ImageObject","inLanguage":"de","@id":"https:\/\/ucm.one\/de\/#\/schema\/logo\/image\/","url":"https:\/\/ucm.one\/wp-content\/uploads\/2019\/10\/UCM.ONE-Logo-RGB.svg","contentUrl":"https:\/\/ucm.one\/wp-content\/uploads\/2019\/10\/UCM.ONE-Logo-RGB.svg","width":1,"height":1,"caption":"UCM.ONE"},"image":{"@id":"https:\/\/ucm.one\/de\/#\/schema\/logo\/image\/"}},{"@type":"Person","@id":"https:\/\/ucm.one\/de\/#\/schema\/person\/4b959e467e8acc058836467a0ef8fa50","name":"Joachim Keil","image":{"@type":"ImageObject","inLanguage":"de","@id":"https:\/\/secure.gravatar.com\/avatar\/10e1dfd05f2a7a7bc83cd44bae31e01c8ac15f974229211a2b1a49fa0a22fec0?s=96&d=mm&r=g","url":"https:\/\/secure.gravatar.com\/avatar\/10e1dfd05f2a7a7bc83cd44bae31e01c8ac15f974229211a2b1a49fa0a22fec0?s=96&d=mm&r=g","contentUrl":"https:\/\/secure.gravatar.com\/avatar\/10e1dfd05f2a7a7bc83cd44bae31e01c8ac15f974229211a2b1a49fa0a22fec0?s=96&d=mm&r=g","caption":"Joachim Keil"},"sameAs":["https:\/\/ucm.one"]}]}},"_links":{"self":[{"href":"https:\/\/ucm.one\/de\/wp-json\/wp\/v2\/posts\/13747","targetHints":{"allow":["GET"]}}],"collection":[{"href":"https:\/\/ucm.one\/de\/wp-json\/wp\/v2\/posts"}],"about":[{"href":"https:\/\/ucm.one\/de\/wp-json\/wp\/v2\/types\/post"}],"author":[{"embeddable":true,"href":"https:\/\/ucm.one\/de\/wp-json\/wp\/v2\/users\/2"}],"replies":[{"embeddable":true,"href":"https:\/\/ucm.one\/de\/wp-json\/wp\/v2\/comments?post=13747"}],"version-history":[{"count":0,"href":"https:\/\/ucm.one\/de\/wp-json\/wp\/v2\/posts\/13747\/revisions"}],"wp:featuredmedia":[{"embeddable":true,"href":"https:\/\/ucm.one\/de\/wp-json\/wp\/v2\/media\/13744"}],"wp:attachment":[{"href":"https:\/\/ucm.one\/de\/wp-json\/wp\/v2\/media?parent=13747"}],"wp:term":[{"taxonomy":"category","embeddable":true,"href":"https:\/\/ucm.one\/de\/wp-json\/wp\/v2\/categories?post=13747"},{"taxonomy":"post_tag","embeddable":true,"href":"https:\/\/ucm.one\/de\/wp-json\/wp\/v2\/tags?post=13747"}],"curies":[{"name":"wp","href":"https:\/\/api.w.org\/{rel}","templated":true}]}}