{"id":13688,"date":"2016-01-12T10:06:46","date_gmt":"2016-01-12T10:06:46","guid":{"rendered":"https:\/\/ucm.one\/?p=13688"},"modified":"2018-08-17T12:24:12","modified_gmt":"2018-08-17T12:24:12","slug":"schmitke-ist-nominiert-fuer-den-preis-der-tschechischen-filmkritik","status":"publish","type":"post","link":"https:\/\/ucm.one\/de\/schmitke-ist-nominiert-fuer-den-preis-der-tschechischen-filmkritik\/","title":{"rendered":"&#8222;Schmitke&#8220; ist nominiert f\u00fcr den &#8222;Preis der Tschechischen Filmkritik&#8220;"},"content":{"rendered":"<div class=\"wpb-content-wrapper\"><p>[vc_row][vc_column][vc_column_text]Darling Berlins neuer Film &#8222;Schmitke&#8220; ist in drei Kategorien f\u00fcr den Preis des tschechischen Filmkritikerverbandes nominiert. <strong>Peter Kurth<\/strong> steht f\u00fcr &#8222;<em><strong>Best Leading Character<\/strong><\/em>&#8222;, Toningenieur Philipp Schneider ist f\u00fcr <strong><em>Best Sound Design<\/em><\/strong> nominiert und Regisseur <strong>\u0160t\u011bp\u00e1n Altrichter<\/strong> wird als <strong><em>Newcomer des Jahres<\/em><\/strong> bezeichnet. Die Preisverleihung findet am 21. Januar im Archa-Theater in Prag statt und wird landesweit im Fernsehen \u00fcbertragen.<\/p>\n<p>Dar\u00fcber hinaus ist &#8222;Schmitke&#8220; auch f\u00fcr den <em><strong>Preis der TV- und Filmproduzenten<\/strong><\/em> nominiert. Zusammen mit den Czech Lions, deren Nominierungen in kurzer Zeit angek\u00fcndigt werden, sind dies die drei wichtigsten Filmpreise in der Tschechischen Republik.<\/p>\n<p>Das Darling Berlin-Team gratuliert allen Nominierten zu diesem gro\u00dfartigen Erfolg und dr\u00fcckt mit den Fingern, dass der Film alle Preise gewinnen wird, f\u00fcr die er nominiert ist.[\/vc_column_text][\/vc_column][\/vc_row][vc_row][vc_column][vc_video link=&#8220;https:\/\/www.youtube.com\/watch?v=cyTmEeXzPao&#8220;][\/vc_column][\/vc_row]<\/p>\n<\/div>","protected":false},"excerpt":{"rendered":"<p>[vc_row][vc_column][vc_column_text]Darling Berlins neuer Film &#8222;Schmitke&#8220; ist in drei Kategorien f\u00fcr den Preis des tschechischen Filmkritikerverbandes nominiert. Peter Kurth steht f\u00fcr &#8222;Best Leading Character&#8222;, Toningenieur Philipp Schneider ist f\u00fcr Best Sound Design nominiert und Regisseur \u0160t\u011bp\u00e1n Altrichter wird als Newcomer des Jahres bezeichnet. Die Preisverleihung findet am 21. Januar im Archa-Theater in Prag statt und wird&hellip;<\/p>\n","protected":false},"author":2,"featured_media":13685,"comment_status":"closed","ping_status":"closed","sticky":false,"template":"","format":"standard","meta":{"_acf_changed":false,"footnotes":""},"categories":[830,8,10,13,752],"tags":[3075,2962,3076,2266,2704,3077,3078,3079,3080,3081,3082,2372,3083,3084,3085,3086,3087,3088,3089,3090,3091],"class_list":["post-13688","post","type-post","status-publish","format-standard","has-post-thumbnail","hentry","category-darling-berlin","category-film","category-kino","category-news","category-verleih","tag-andrea-christina-furrer","tag-arthouse","tag-claudia-schebesta","tag-darling-berlin","tag-film","tag-helena-dvorakova","tag-irena-lamberkova","tag-jakub-zacek","tag-johanka-schmidtmajerova","tag-johann-juergens","tag-joerg-trentmann","tag-lana-cooper","tag-peter-kurth","tag-petr-vrsek","tag-schmitke","tag-stepan-altrichter","tag-stephan-grossmann","tag-susann-schimk","tag-tomas-vach","tag-tschechei","tag-vladimir-skultety","category-830","category-8","category-10","category-13","category-752","description-off"],"acf":[],"yoast_head":"<!-- This site is optimized with the Yoast SEO plugin v27.5 - https:\/\/yoast.com\/product\/yoast-seo-wordpress\/ -->\n<title>&quot;Schmitke&quot; ist nominiert f\u00fcr den &quot;Preis der Tschechischen Filmkritik&quot; - UCM.ONE<\/title>\n<meta name=\"robots\" content=\"index, follow, max-snippet:-1, max-image-preview:large, max-video-preview:-1\" \/>\n<link rel=\"canonical\" href=\"https:\/\/ucm.one\/de\/schmitke-ist-nominiert-fuer-den-preis-der-tschechischen-filmkritik\/\" \/>\n<meta property=\"og:locale\" content=\"de_DE\" \/>\n<meta property=\"og:type\" content=\"article\" \/>\n<meta property=\"og:title\" content=\"&quot;Schmitke&quot; ist nominiert f\u00fcr den &quot;Preis der Tschechischen Filmkritik&quot; - UCM.ONE\" \/>\n<meta property=\"og:description\" content=\"[vc_row][vc_column][vc_column_text]Darling Berlins neuer Film &#8222;Schmitke&#8220; ist in drei Kategorien f\u00fcr den Preis des tschechischen Filmkritikerverbandes nominiert. Peter Kurth steht f\u00fcr &#8222;Best Leading Character&#8222;, Toningenieur Philipp Schneider ist f\u00fcr Best Sound Design nominiert und Regisseur \u0160t\u011bp\u00e1n Altrichter wird als Newcomer des Jahres bezeichnet. Die Preisverleihung findet am 21. Januar im Archa-Theater in Prag statt und wird&hellip;\" \/>\n<meta property=\"og:url\" content=\"https:\/\/ucm.one\/de\/schmitke-ist-nominiert-fuer-den-preis-der-tschechischen-filmkritik\/\" \/>\n<meta property=\"og:site_name\" content=\"UCM.ONE\" \/>\n<meta property=\"article:published_time\" content=\"2016-01-12T10:06:46+00:00\" \/>\n<meta property=\"article:modified_time\" content=\"2018-08-17T12:24:12+00:00\" \/>\n<meta property=\"og:image\" content=\"https:\/\/ucm.one\/wp-content\/uploads\/2016\/01\/B-Schmitke-98.jpg\" \/>\n\t<meta property=\"og:image:width\" content=\"1920\" \/>\n\t<meta property=\"og:image:height\" content=\"600\" \/>\n\t<meta property=\"og:image:type\" content=\"image\/jpeg\" \/>\n<meta name=\"author\" content=\"Joachim Keil\" \/>\n<meta name=\"twitter:card\" content=\"summary_large_image\" \/>\n<meta name=\"twitter:label1\" content=\"Verfasst von\" \/>\n\t<meta name=\"twitter:data1\" content=\"Joachim Keil\" \/>\n\t<meta name=\"twitter:label2\" content=\"Gesch\u00e4tzte Lesezeit\" \/>\n\t<meta name=\"twitter:data2\" content=\"1\u00a0Minute\" \/>\n<!-- \/ Yoast SEO plugin. -->","yoast_head_json":{"title":"\"Schmitke\" ist nominiert f\u00fcr den \"Preis der Tschechischen Filmkritik\" - UCM.ONE","robots":{"index":"index","follow":"follow","max-snippet":"max-snippet:-1","max-image-preview":"max-image-preview:large","max-video-preview":"max-video-preview:-1"},"canonical":"https:\/\/ucm.one\/de\/schmitke-ist-nominiert-fuer-den-preis-der-tschechischen-filmkritik\/","og_locale":"de_DE","og_type":"article","og_title":"\"Schmitke\" ist nominiert f\u00fcr den \"Preis der Tschechischen Filmkritik\" - UCM.ONE","og_description":"[vc_row][vc_column][vc_column_text]Darling Berlins neuer Film &#8222;Schmitke&#8220; ist in drei Kategorien f\u00fcr den Preis des tschechischen Filmkritikerverbandes nominiert. Peter Kurth steht f\u00fcr &#8222;Best Leading Character&#8222;, Toningenieur Philipp Schneider ist f\u00fcr Best Sound Design nominiert und Regisseur \u0160t\u011bp\u00e1n Altrichter wird als Newcomer des Jahres bezeichnet. Die Preisverleihung findet am 21. Januar im Archa-Theater in Prag statt und wird&hellip;","og_url":"https:\/\/ucm.one\/de\/schmitke-ist-nominiert-fuer-den-preis-der-tschechischen-filmkritik\/","og_site_name":"UCM.ONE","article_published_time":"2016-01-12T10:06:46+00:00","article_modified_time":"2018-08-17T12:24:12+00:00","og_image":[{"width":1920,"height":600,"url":"https:\/\/ucm.one\/wp-content\/uploads\/2016\/01\/B-Schmitke-98.jpg","type":"image\/jpeg"}],"author":"Joachim Keil","twitter_card":"summary_large_image","twitter_misc":{"Verfasst von":"Joachim Keil","Gesch\u00e4tzte Lesezeit":"1\u00a0Minute"},"schema":{"@context":"https:\/\/schema.org","@graph":[{"@type":"Article","@id":"https:\/\/ucm.one\/de\/schmitke-ist-nominiert-fuer-den-preis-der-tschechischen-filmkritik\/#article","isPartOf":{"@id":"https:\/\/ucm.one\/de\/schmitke-ist-nominiert-fuer-den-preis-der-tschechischen-filmkritik\/"},"author":{"name":"Joachim Keil","@id":"https:\/\/ucm.one\/de\/#\/schema\/person\/4b959e467e8acc058836467a0ef8fa50"},"headline":"&#8222;Schmitke&#8220; ist nominiert f\u00fcr den &#8222;Preis der Tschechischen Filmkritik&#8220;","datePublished":"2016-01-12T10:06:46+00:00","dateModified":"2018-08-17T12:24:12+00:00","mainEntityOfPage":{"@id":"https:\/\/ucm.one\/de\/schmitke-ist-nominiert-fuer-den-preis-der-tschechischen-filmkritik\/"},"wordCount":173,"publisher":{"@id":"https:\/\/ucm.one\/de\/#organization"},"image":{"@id":"https:\/\/ucm.one\/de\/schmitke-ist-nominiert-fuer-den-preis-der-tschechischen-filmkritik\/#primaryimage"},"thumbnailUrl":"https:\/\/ucm.one\/wp-content\/uploads\/2016\/01\/B-Schmitke-98.jpg","keywords":["Andrea Christina Furrer","Arthouse","Claudia Schebesta","Darling Berlin","Film","Helena Dvor\u00e1kov\u00e1","Irena Lamberkov\u00e1","Jakub Z\u00e1cek","Johanka Schmidtmajerov\u00e1","Johann J\u00fcrgens","J\u00f6rg Trentmann","Lana Cooper","Peter Kurth","Petr Vrsek","Schmitke","\u0160t\u011bp\u00e1n Altrichter","Stephan Grossmann","Susann Schimk","Tom\u00e1s Vach","Tschechei","Vladim\u00edr Skult\u00e9ty"],"articleSection":["Darling Berlin","Film","Kino","News","Verleih"],"inLanguage":"de"},{"@type":"WebPage","@id":"https:\/\/ucm.one\/de\/schmitke-ist-nominiert-fuer-den-preis-der-tschechischen-filmkritik\/","url":"https:\/\/ucm.one\/de\/schmitke-ist-nominiert-fuer-den-preis-der-tschechischen-filmkritik\/","name":"\"Schmitke\" ist nominiert f\u00fcr den \"Preis der Tschechischen Filmkritik\" - UCM.ONE","isPartOf":{"@id":"https:\/\/ucm.one\/de\/#website"},"primaryImageOfPage":{"@id":"https:\/\/ucm.one\/de\/schmitke-ist-nominiert-fuer-den-preis-der-tschechischen-filmkritik\/#primaryimage"},"image":{"@id":"https:\/\/ucm.one\/de\/schmitke-ist-nominiert-fuer-den-preis-der-tschechischen-filmkritik\/#primaryimage"},"thumbnailUrl":"https:\/\/ucm.one\/wp-content\/uploads\/2016\/01\/B-Schmitke-98.jpg","datePublished":"2016-01-12T10:06:46+00:00","dateModified":"2018-08-17T12:24:12+00:00","breadcrumb":{"@id":"https:\/\/ucm.one\/de\/schmitke-ist-nominiert-fuer-den-preis-der-tschechischen-filmkritik\/#breadcrumb"},"inLanguage":"de","potentialAction":[{"@type":"ReadAction","target":["https:\/\/ucm.one\/de\/schmitke-ist-nominiert-fuer-den-preis-der-tschechischen-filmkritik\/"]}]},{"@type":"ImageObject","inLanguage":"de","@id":"https:\/\/ucm.one\/de\/schmitke-ist-nominiert-fuer-den-preis-der-tschechischen-filmkritik\/#primaryimage","url":"https:\/\/ucm.one\/wp-content\/uploads\/2016\/01\/B-Schmitke-98.jpg","contentUrl":"https:\/\/ucm.one\/wp-content\/uploads\/2016\/01\/B-Schmitke-98.jpg","width":1920,"height":600},{"@type":"BreadcrumbList","@id":"https:\/\/ucm.one\/de\/schmitke-ist-nominiert-fuer-den-preis-der-tschechischen-filmkritik\/#breadcrumb","itemListElement":[{"@type":"ListItem","position":1,"name":"Home","item":"https:\/\/ucm.one\/de\/"},{"@type":"ListItem","position":2,"name":"&#8220;Schmitke&#8221; ist nominiert f\u00fcr den &#8220;Preis der Tschechischen Filmkritik&#8221;"}]},{"@type":"WebSite","@id":"https:\/\/ucm.one\/de\/#website","url":"https:\/\/ucm.one\/de\/","name":"UCM.ONE","description":"","publisher":{"@id":"https:\/\/ucm.one\/de\/#organization"},"potentialAction":[{"@type":"SearchAction","target":{"@type":"EntryPoint","urlTemplate":"https:\/\/ucm.one\/de\/?s={search_term_string}"},"query-input":{"@type":"PropertyValueSpecification","valueRequired":true,"valueName":"search_term_string"}}],"inLanguage":"de"},{"@type":"Organization","@id":"https:\/\/ucm.one\/de\/#organization","name":"UCM.ONE","url":"https:\/\/ucm.one\/de\/","logo":{"@type":"ImageObject","inLanguage":"de","@id":"https:\/\/ucm.one\/de\/#\/schema\/logo\/image\/","url":"https:\/\/ucm.one\/wp-content\/uploads\/2019\/10\/UCM.ONE-Logo-RGB.svg","contentUrl":"https:\/\/ucm.one\/wp-content\/uploads\/2019\/10\/UCM.ONE-Logo-RGB.svg","width":1,"height":1,"caption":"UCM.ONE"},"image":{"@id":"https:\/\/ucm.one\/de\/#\/schema\/logo\/image\/"}},{"@type":"Person","@id":"https:\/\/ucm.one\/de\/#\/schema\/person\/4b959e467e8acc058836467a0ef8fa50","name":"Joachim Keil","image":{"@type":"ImageObject","inLanguage":"de","@id":"https:\/\/secure.gravatar.com\/avatar\/10e1dfd05f2a7a7bc83cd44bae31e01c8ac15f974229211a2b1a49fa0a22fec0?s=96&d=mm&r=g","url":"https:\/\/secure.gravatar.com\/avatar\/10e1dfd05f2a7a7bc83cd44bae31e01c8ac15f974229211a2b1a49fa0a22fec0?s=96&d=mm&r=g","contentUrl":"https:\/\/secure.gravatar.com\/avatar\/10e1dfd05f2a7a7bc83cd44bae31e01c8ac15f974229211a2b1a49fa0a22fec0?s=96&d=mm&r=g","caption":"Joachim Keil"},"sameAs":["https:\/\/ucm.one"]}]}},"_links":{"self":[{"href":"https:\/\/ucm.one\/de\/wp-json\/wp\/v2\/posts\/13688","targetHints":{"allow":["GET"]}}],"collection":[{"href":"https:\/\/ucm.one\/de\/wp-json\/wp\/v2\/posts"}],"about":[{"href":"https:\/\/ucm.one\/de\/wp-json\/wp\/v2\/types\/post"}],"author":[{"embeddable":true,"href":"https:\/\/ucm.one\/de\/wp-json\/wp\/v2\/users\/2"}],"replies":[{"embeddable":true,"href":"https:\/\/ucm.one\/de\/wp-json\/wp\/v2\/comments?post=13688"}],"version-history":[{"count":0,"href":"https:\/\/ucm.one\/de\/wp-json\/wp\/v2\/posts\/13688\/revisions"}],"wp:featuredmedia":[{"embeddable":true,"href":"https:\/\/ucm.one\/de\/wp-json\/wp\/v2\/media\/13685"}],"wp:attachment":[{"href":"https:\/\/ucm.one\/de\/wp-json\/wp\/v2\/media?parent=13688"}],"wp:term":[{"taxonomy":"category","embeddable":true,"href":"https:\/\/ucm.one\/de\/wp-json\/wp\/v2\/categories?post=13688"},{"taxonomy":"post_tag","embeddable":true,"href":"https:\/\/ucm.one\/de\/wp-json\/wp\/v2\/tags?post=13688"}],"curies":[{"name":"wp","href":"https:\/\/api.w.org\/{rel}","templated":true}]}}