{"id":13240,"date":"2018-04-12T18:13:04","date_gmt":"2018-04-12T18:13:04","guid":{"rendered":"https:\/\/ucm.one\/?p=13240"},"modified":"2019-01-27T22:36:51","modified_gmt":"2019-01-27T22:36:51","slug":"lost-in-the-living-darling-berlin-mit-aylin-tezel-und-tadhg-murphy-diesen-sommer-im-kino","status":"publish","type":"post","link":"https:\/\/ucm.one\/de\/lost-in-the-living-darling-berlin-mit-aylin-tezel-und-tadhg-murphy-diesen-sommer-im-kino\/","title":{"rendered":"\u201eLost in the Living&#8220; (Darling Berlin) mit Aylin Tezel und Tadhg Murphy diesen Sommer im Kino"},"content":{"rendered":"<div class=\"wpb-content-wrapper\"><p>[vc_row][vc_column][vc_column_text]Darling Berlin bringt \u201e<strong>Lost in the Living<\/strong>\u201c mit <strong>Aylin Tezel<\/strong> (Tatort Dortmund, Homeland) und<span style=\"color: #ff2600;\"><span style=\"caret-color: #ff2600;\">\u00a0<\/span><\/span><strong>Tadhg Murphy<\/strong> (Vikings) ins Kino. Der Film vom irischen Regisseur <strong>Robert Manson<\/strong> erz\u00e4hlt die Geschichte vom irischen Musiker Ois\u00edn (Tadgh Murphy), der mit seiner Band f\u00fcr ein paar Gigs nach Berlin kommt. Sie sind gespannt auf die Stadt und ihr legend\u00e4res Nachtleben, bis sich Ois\u00edn in Sabine (Aylin Tetzel) verliebt &#8230; Der Film startet im Sommer in ausgew\u00e4hlten Kinos.[\/vc_column_text][\/vc_column][\/vc_row][vc_row][vc_column][vc_video link=&#8220;https:\/\/www.youtube.com\/watch?v=19I6hTYOZuE&#8220;][\/vc_column][\/vc_row]<\/p>\n<\/div>","protected":false},"excerpt":{"rendered":"<p>[vc_row][vc_column][vc_column_text]Darling Berlin bringt \u201eLost in the Living\u201c mit Aylin Tezel (Tatort Dortmund, Homeland) und\u00a0Tadhg Murphy (Vikings) ins Kino. Der Film vom irischen Regisseur Robert Manson erz\u00e4hlt die Geschichte vom irischen Musiker Ois\u00edn (Tadgh Murphy), der mit seiner Band f\u00fcr ein paar Gigs nach Berlin kommt. Sie sind gespannt auf die Stadt und ihr legend\u00e4res Nachtleben,&hellip;<\/p>\n","protected":false},"author":2,"featured_media":13241,"comment_status":"closed","ping_status":"closed","sticky":false,"template":"","format":"standard","meta":{"_acf_changed":false,"footnotes":""},"categories":[830,8,10,13,752],"tags":[2498,2427,2428,2261,2266,2686,2429,2687,2430,2431,2282,2432,2433,2434,2435,2436,2437,2438,2439,2440,2441,2442,2443,2444,2445,2446,2447,2448,2688,2449,2689],"class_list":["post-13240","post","type-post","status-publish","format-standard","has-post-thumbnail","hentry","category-darling-berlin","category-film","category-kino","category-news","category-verleih","tag-achtung-berlin","tag-adelheid-kleineidam","tag-aylin-tezel","tag-berlin","tag-darling-berlin","tag-dublin","tag-fabian-greese","tag-homeland","tag-ian-mcfarlane","tag-irland","tag-jamila-saab","tag-jer-oleary","tag-john-kelly","tag-lalor-roddy","tag-liam-carney","tag-lisa-roling","tag-llia-loffe","tag-lost-in-the-living","tag-lydia-schamschula","tag-michel-muller","tag-narayan-van-maele","tag-nika-mcguigan","tag-robert-manson","tag-roy-duffy","tag-ruan-van-vliet","tag-stefan-richter","tag-stephen-patrick-hanna","tag-tadhg-murphy","tag-tatort","tag-vid-vidmar","tag-vikings","category-830","category-8","category-10","category-13","category-752","description-off"],"acf":[],"yoast_head":"<!-- This site is optimized with the Yoast SEO plugin v27.5 - https:\/\/yoast.com\/product\/yoast-seo-wordpress\/ -->\n<title>\u201eLost in the Living&quot; (Darling Berlin) mit Aylin Tezel und Tadhg Murphy diesen Sommer im Kino - UCM.ONE<\/title>\n<meta name=\"robots\" content=\"index, follow, max-snippet:-1, max-image-preview:large, max-video-preview:-1\" \/>\n<link rel=\"canonical\" href=\"https:\/\/ucm.one\/de\/lost-in-the-living-darling-berlin-mit-aylin-tezel-und-tadhg-murphy-diesen-sommer-im-kino\/\" \/>\n<meta property=\"og:locale\" content=\"de_DE\" \/>\n<meta property=\"og:type\" content=\"article\" \/>\n<meta property=\"og:title\" content=\"\u201eLost in the Living&quot; (Darling Berlin) mit Aylin Tezel und Tadhg Murphy diesen Sommer im Kino - UCM.ONE\" \/>\n<meta property=\"og:description\" content=\"[vc_row][vc_column][vc_column_text]Darling Berlin bringt \u201eLost in the Living\u201c mit Aylin Tezel (Tatort Dortmund, Homeland) und\u00a0Tadhg Murphy (Vikings) ins Kino. Der Film vom irischen Regisseur Robert Manson erz\u00e4hlt die Geschichte vom irischen Musiker Ois\u00edn (Tadgh Murphy), der mit seiner Band f\u00fcr ein paar Gigs nach Berlin kommt. Sie sind gespannt auf die Stadt und ihr legend\u00e4res Nachtleben,&hellip;\" \/>\n<meta property=\"og:url\" content=\"https:\/\/ucm.one\/de\/lost-in-the-living-darling-berlin-mit-aylin-tezel-und-tadhg-murphy-diesen-sommer-im-kino\/\" \/>\n<meta property=\"og:site_name\" content=\"UCM.ONE\" \/>\n<meta property=\"article:published_time\" content=\"2018-04-12T18:13:04+00:00\" \/>\n<meta property=\"article:modified_time\" content=\"2019-01-27T22:36:51+00:00\" \/>\n<meta property=\"og:image\" content=\"https:\/\/ucm.one\/wp-content\/uploads\/2018\/04\/B-Lost-in-the-Living-1.jpg\" \/>\n\t<meta property=\"og:image:width\" content=\"1920\" \/>\n\t<meta property=\"og:image:height\" content=\"598\" \/>\n\t<meta property=\"og:image:type\" content=\"image\/jpeg\" \/>\n<meta name=\"author\" content=\"Joachim Keil\" \/>\n<meta name=\"twitter:card\" content=\"summary_large_image\" \/>\n<meta name=\"twitter:label1\" content=\"Verfasst von\" \/>\n\t<meta name=\"twitter:data1\" content=\"Joachim Keil\" \/>\n\t<meta name=\"twitter:label2\" content=\"Gesch\u00e4tzte Lesezeit\" \/>\n\t<meta name=\"twitter:data2\" content=\"1\u00a0Minute\" \/>\n<!-- \/ Yoast SEO plugin. -->","yoast_head_json":{"title":"\u201eLost in the Living\" (Darling Berlin) mit Aylin Tezel und Tadhg Murphy diesen Sommer im Kino - UCM.ONE","robots":{"index":"index","follow":"follow","max-snippet":"max-snippet:-1","max-image-preview":"max-image-preview:large","max-video-preview":"max-video-preview:-1"},"canonical":"https:\/\/ucm.one\/de\/lost-in-the-living-darling-berlin-mit-aylin-tezel-und-tadhg-murphy-diesen-sommer-im-kino\/","og_locale":"de_DE","og_type":"article","og_title":"\u201eLost in the Living\" (Darling Berlin) mit Aylin Tezel und Tadhg Murphy diesen Sommer im Kino - UCM.ONE","og_description":"[vc_row][vc_column][vc_column_text]Darling Berlin bringt \u201eLost in the Living\u201c mit Aylin Tezel (Tatort Dortmund, Homeland) und\u00a0Tadhg Murphy (Vikings) ins Kino. Der Film vom irischen Regisseur Robert Manson erz\u00e4hlt die Geschichte vom irischen Musiker Ois\u00edn (Tadgh Murphy), der mit seiner Band f\u00fcr ein paar Gigs nach Berlin kommt. Sie sind gespannt auf die Stadt und ihr legend\u00e4res Nachtleben,&hellip;","og_url":"https:\/\/ucm.one\/de\/lost-in-the-living-darling-berlin-mit-aylin-tezel-und-tadhg-murphy-diesen-sommer-im-kino\/","og_site_name":"UCM.ONE","article_published_time":"2018-04-12T18:13:04+00:00","article_modified_time":"2019-01-27T22:36:51+00:00","og_image":[{"width":1920,"height":598,"url":"https:\/\/ucm.one\/wp-content\/uploads\/2018\/04\/B-Lost-in-the-Living-1.jpg","type":"image\/jpeg"}],"author":"Joachim Keil","twitter_card":"summary_large_image","twitter_misc":{"Verfasst von":"Joachim Keil","Gesch\u00e4tzte Lesezeit":"1\u00a0Minute"},"schema":{"@context":"https:\/\/schema.org","@graph":[{"@type":"Article","@id":"https:\/\/ucm.one\/de\/lost-in-the-living-darling-berlin-mit-aylin-tezel-und-tadhg-murphy-diesen-sommer-im-kino\/#article","isPartOf":{"@id":"https:\/\/ucm.one\/de\/lost-in-the-living-darling-berlin-mit-aylin-tezel-und-tadhg-murphy-diesen-sommer-im-kino\/"},"author":{"name":"Joachim Keil","@id":"https:\/\/ucm.one\/de\/#\/schema\/person\/4b959e467e8acc058836467a0ef8fa50"},"headline":"\u201eLost in the Living&#8220; (Darling Berlin) mit Aylin Tezel und Tadhg Murphy diesen Sommer im Kino","datePublished":"2018-04-12T18:13:04+00:00","dateModified":"2019-01-27T22:36:51+00:00","mainEntityOfPage":{"@id":"https:\/\/ucm.one\/de\/lost-in-the-living-darling-berlin-mit-aylin-tezel-und-tadhg-murphy-diesen-sommer-im-kino\/"},"wordCount":127,"publisher":{"@id":"https:\/\/ucm.one\/de\/#organization"},"image":{"@id":"https:\/\/ucm.one\/de\/lost-in-the-living-darling-berlin-mit-aylin-tezel-und-tadhg-murphy-diesen-sommer-im-kino\/#primaryimage"},"thumbnailUrl":"https:\/\/ucm.one\/wp-content\/uploads\/2018\/04\/B-Lost-in-the-Living-1.jpg","keywords":["achtung berlin","Adelheid Kleineidam","Aylin Tezel","Berlin","Darling Berlin","Dublin","Fabian Greese","Homeland","Ian McFarlane","Irland","Jamila Saab","Jer O\u2019Leary","John Kelly","Lalor Roddy","Liam Carney","Lisa Roling","Llia Loffe","Lost in the Living","Lydia Schamschula","Michel Muller","Narayan Van Maele","Nika McGuigan","Robert Manson","Roy Duffy","Ruan Van Vliet","Stefan Richter","Stephen Patrick Hanna","Tadhg Murphy","Tatort","Vid Vidmar","Vikings"],"articleSection":["Darling Berlin","Film","Kino","News","Verleih"],"inLanguage":"de"},{"@type":"WebPage","@id":"https:\/\/ucm.one\/de\/lost-in-the-living-darling-berlin-mit-aylin-tezel-und-tadhg-murphy-diesen-sommer-im-kino\/","url":"https:\/\/ucm.one\/de\/lost-in-the-living-darling-berlin-mit-aylin-tezel-und-tadhg-murphy-diesen-sommer-im-kino\/","name":"\u201eLost in the Living\" (Darling Berlin) mit Aylin Tezel und Tadhg Murphy diesen Sommer im Kino - UCM.ONE","isPartOf":{"@id":"https:\/\/ucm.one\/de\/#website"},"primaryImageOfPage":{"@id":"https:\/\/ucm.one\/de\/lost-in-the-living-darling-berlin-mit-aylin-tezel-und-tadhg-murphy-diesen-sommer-im-kino\/#primaryimage"},"image":{"@id":"https:\/\/ucm.one\/de\/lost-in-the-living-darling-berlin-mit-aylin-tezel-und-tadhg-murphy-diesen-sommer-im-kino\/#primaryimage"},"thumbnailUrl":"https:\/\/ucm.one\/wp-content\/uploads\/2018\/04\/B-Lost-in-the-Living-1.jpg","datePublished":"2018-04-12T18:13:04+00:00","dateModified":"2019-01-27T22:36:51+00:00","breadcrumb":{"@id":"https:\/\/ucm.one\/de\/lost-in-the-living-darling-berlin-mit-aylin-tezel-und-tadhg-murphy-diesen-sommer-im-kino\/#breadcrumb"},"inLanguage":"de","potentialAction":[{"@type":"ReadAction","target":["https:\/\/ucm.one\/de\/lost-in-the-living-darling-berlin-mit-aylin-tezel-und-tadhg-murphy-diesen-sommer-im-kino\/"]}]},{"@type":"ImageObject","inLanguage":"de","@id":"https:\/\/ucm.one\/de\/lost-in-the-living-darling-berlin-mit-aylin-tezel-und-tadhg-murphy-diesen-sommer-im-kino\/#primaryimage","url":"https:\/\/ucm.one\/wp-content\/uploads\/2018\/04\/B-Lost-in-the-Living-1.jpg","contentUrl":"https:\/\/ucm.one\/wp-content\/uploads\/2018\/04\/B-Lost-in-the-Living-1.jpg","width":1920,"height":598},{"@type":"BreadcrumbList","@id":"https:\/\/ucm.one\/de\/lost-in-the-living-darling-berlin-mit-aylin-tezel-und-tadhg-murphy-diesen-sommer-im-kino\/#breadcrumb","itemListElement":[{"@type":"ListItem","position":1,"name":"Home","item":"https:\/\/ucm.one\/de\/"},{"@type":"ListItem","position":2,"name":"\u201eLost in the Living&#8220; (Darling Berlin) mit Aylin Tezel und Tadhg Murphy diesen Sommer im Kino"}]},{"@type":"WebSite","@id":"https:\/\/ucm.one\/de\/#website","url":"https:\/\/ucm.one\/de\/","name":"UCM.ONE","description":"","publisher":{"@id":"https:\/\/ucm.one\/de\/#organization"},"potentialAction":[{"@type":"SearchAction","target":{"@type":"EntryPoint","urlTemplate":"https:\/\/ucm.one\/de\/?s={search_term_string}"},"query-input":{"@type":"PropertyValueSpecification","valueRequired":true,"valueName":"search_term_string"}}],"inLanguage":"de"},{"@type":"Organization","@id":"https:\/\/ucm.one\/de\/#organization","name":"UCM.ONE","url":"https:\/\/ucm.one\/de\/","logo":{"@type":"ImageObject","inLanguage":"de","@id":"https:\/\/ucm.one\/de\/#\/schema\/logo\/image\/","url":"https:\/\/ucm.one\/wp-content\/uploads\/2019\/10\/UCM.ONE-Logo-RGB.svg","contentUrl":"https:\/\/ucm.one\/wp-content\/uploads\/2019\/10\/UCM.ONE-Logo-RGB.svg","width":1,"height":1,"caption":"UCM.ONE"},"image":{"@id":"https:\/\/ucm.one\/de\/#\/schema\/logo\/image\/"}},{"@type":"Person","@id":"https:\/\/ucm.one\/de\/#\/schema\/person\/4b959e467e8acc058836467a0ef8fa50","name":"Joachim Keil","image":{"@type":"ImageObject","inLanguage":"de","@id":"https:\/\/secure.gravatar.com\/avatar\/10e1dfd05f2a7a7bc83cd44bae31e01c8ac15f974229211a2b1a49fa0a22fec0?s=96&d=mm&r=g","url":"https:\/\/secure.gravatar.com\/avatar\/10e1dfd05f2a7a7bc83cd44bae31e01c8ac15f974229211a2b1a49fa0a22fec0?s=96&d=mm&r=g","contentUrl":"https:\/\/secure.gravatar.com\/avatar\/10e1dfd05f2a7a7bc83cd44bae31e01c8ac15f974229211a2b1a49fa0a22fec0?s=96&d=mm&r=g","caption":"Joachim Keil"},"sameAs":["https:\/\/ucm.one"]}]}},"_links":{"self":[{"href":"https:\/\/ucm.one\/de\/wp-json\/wp\/v2\/posts\/13240","targetHints":{"allow":["GET"]}}],"collection":[{"href":"https:\/\/ucm.one\/de\/wp-json\/wp\/v2\/posts"}],"about":[{"href":"https:\/\/ucm.one\/de\/wp-json\/wp\/v2\/types\/post"}],"author":[{"embeddable":true,"href":"https:\/\/ucm.one\/de\/wp-json\/wp\/v2\/users\/2"}],"replies":[{"embeddable":true,"href":"https:\/\/ucm.one\/de\/wp-json\/wp\/v2\/comments?post=13240"}],"version-history":[{"count":0,"href":"https:\/\/ucm.one\/de\/wp-json\/wp\/v2\/posts\/13240\/revisions"}],"wp:featuredmedia":[{"embeddable":true,"href":"https:\/\/ucm.one\/de\/wp-json\/wp\/v2\/media\/13241"}],"wp:attachment":[{"href":"https:\/\/ucm.one\/de\/wp-json\/wp\/v2\/media?parent=13240"}],"wp:term":[{"taxonomy":"category","embeddable":true,"href":"https:\/\/ucm.one\/de\/wp-json\/wp\/v2\/categories?post=13240"},{"taxonomy":"post_tag","embeddable":true,"href":"https:\/\/ucm.one\/de\/wp-json\/wp\/v2\/tags?post=13240"}],"curies":[{"name":"wp","href":"https:\/\/api.w.org\/{rel}","templated":true}]}}