{"id":11968,"date":"2018-03-15T09:45:00","date_gmt":"2018-03-15T09:45:00","guid":{"rendered":"https:\/\/ucm.one\/?p=11968"},"modified":"2018-08-17T10:17:35","modified_gmt":"2018-08-17T10:17:35","slug":"rueckenwind-von-vorn-darling-berlin-startet-in-den-deutschen-kinos","status":"publish","type":"post","link":"https:\/\/ucm.one\/de\/rueckenwind-von-vorn-darling-berlin-startet-in-den-deutschen-kinos\/","title":{"rendered":"\u201eR\u00fcckenwind von vorn\u201c (Darling Berlin) startet in den deutschen Kinos"},"content":{"rendered":"<div class=\"wpb-content-wrapper\"><p>[vc_row][vc_column][vc_column_text]Einen Monat nach seiner Weltpremiere auf der Berlinale 2018 ist am Donnerstag den 15. M\u00e4rz der neue Film von <strong>Philipp Eichholtz<\/strong> \u201e<strong>R\u00fcckenwind von vorn<\/strong>\u201c in den deutschen Kinos gestartet.<\/p>\n<p>Der Film erz\u00e4hlt die Geschichte der jungen Berliner Lehrerin Charlie, die auf am\u00fcsante wie tragische Art ihr Leben und ihre Erwartungen daran neu verhandelt und neu bestimmt. \u201c<strong>R\u00fcckenwind von vorn<\/strong>\u201c ist nach \u201e<strong>Liebe Mich!<\/strong>\u201c und \u201e<strong>Luca tanzt leise<\/strong>\u201c der dritte Film von Regisseur <strong>Philipp Eichholtz<\/strong> auf unserem Label <strong>Darling Berlin<\/strong>.[\/vc_column_text][vc_column_text]<img decoding=\"async\" class=\"alignnone size-full wp-image-11986\" src=\"https:\/\/ucm.one\/wp-content\/uploads\/2018\/03\/1-1.jpg\" alt=\"\" width=\"1920\" height=\"1080\" srcset=\"https:\/\/ucm.one\/wp-content\/uploads\/2018\/03\/1-1.jpg 1920w, https:\/\/ucm.one\/wp-content\/uploads\/2018\/03\/1-1-300x169.jpg 300w, https:\/\/ucm.one\/wp-content\/uploads\/2018\/03\/1-1-600x338.jpg 600w, https:\/\/ucm.one\/wp-content\/uploads\/2018\/03\/1-1-768x432.jpg 768w, https:\/\/ucm.one\/wp-content\/uploads\/2018\/03\/1-1-1024x576.jpg 1024w\" sizes=\"(max-width: 1920px) 100vw, 1920px\" \/>[\/vc_column_text][\/vc_column][\/vc_row][vc_row][vc_column][vc_column_text]Inhaltsangabe: <strong>Ist Erwachsen werden einfach \u2013 und Erwachsen sein schwer?<\/strong> Die Berlinerin Charlie findet es verdammt schwer, die Erwartungen ihres Umfelds und ihre eigenen auseinander zu halten. Ihr Freund Marco m\u00f6chte ein Kind, und ihr Kollege Gerry mutma\u00dft ganz ungefragt: \u201eF\u00fcnf Jahre zusammen? Na, da seid ihr doch bestimmt bald zu dritt\u2026?\u201c Doch Charlie ist sich \u00fcberhaupt nicht sicher: Ist das sch\u00f6n, ein Kind zu haben, oder verschwindet sie selbst dabei mit ihren Bed\u00fcrfnissen? Charlie wird in ihrem Beruf als Lehrerin ganz sch\u00f6n gefordert und so richtig gut l\u00e4uft es mit Marco gerade nicht. Dabei war am Anfang alles so wunderbar leicht und spontan. Sie h\u00e4tte gern wieder etwas von der Aufregung von fr\u00fcher, als sie bis in den Morgen tanzen ging. Anderen f\u00e4llt das leichter: Gerry kauft sich einen Wohnwagen und will sich Richtung Balkan treiben lassen, ihre beste Freundin bricht mit dem Rucksack nach Asien auf. Und dann wird auch noch Charlies geliebte, lebenslustige Oma krank. Ist es so, das Erwachsen sein?[\/vc_column_text][\/vc_column][\/vc_row][vc_row][vc_column][vc_video link=&#8220;https:\/\/www.youtube.com\/watch?v=zKXTSeiibeo&#8220;][\/vc_column][\/vc_row][vc_row][vc_column][vc_column_text]Weitere Informationen \u00fcber den \u00a0Film &#8222;<strong>R\u00fcckenwind von vorn<\/strong>&#8220; auf <a href=\"http:\/\/www.darlingberlin.de\/rueckenwind-von-vorn.html\">www.darlingberlin.de<\/a>.[\/vc_column_text][\/vc_column][\/vc_row]<\/p>\n<\/div>","protected":false},"excerpt":{"rendered":"<p>[vc_row][vc_column][vc_column_text]Einen Monat nach seiner Weltpremiere auf der Berlinale 2018 ist am Donnerstag den 15. M\u00e4rz der neue Film von Philipp Eichholtz \u201eR\u00fcckenwind von vorn\u201c in den deutschen Kinos gestartet. Der Film erz\u00e4hlt die Geschichte der jungen Berliner Lehrerin Charlie, die auf am\u00fcsante wie tragische Art ihr Leben und ihre Erwartungen daran neu verhandelt und neu&hellip;<\/p>\n","protected":false},"author":2,"featured_media":11985,"comment_status":"closed","ping_status":"closed","sticky":false,"template":"","format":"standard","meta":{"_acf_changed":false,"footnotes":""},"categories":[830,8,10,13,752],"tags":[2700,2652,2701,2261,2703,2656,2266,2661,2373,2707,2376,2513,2708,2709],"class_list":["post-11968","post","type-post","status-publish","format-standard","has-post-thumbnail","hentry","category-darling-berlin","category-film","category-kino","category-news","category-verleih","tag-aleksandar-radenkovic","tag-amelie-kiefer","tag-angelika-waller","tag-berlin","tag-claudius-von-stolzmann","tag-daniel-zillmann","tag-darling-berlin","tag-karin-hanczewski","tag-martina-schoene-radunski","tag-natalia-bobrich","tag-philipp-eichholtz","tag-rueckenwind-von-vorn","tag-ruth-bickelhaupt","tag-victoria-schulz","category-830","category-8","category-10","category-13","category-752","description-off"],"acf":[],"yoast_head":"<!-- This site is optimized with the Yoast SEO plugin v27.5 - https:\/\/yoast.com\/product\/yoast-seo-wordpress\/ -->\n<title>\u201eR\u00fcckenwind von vorn\u201c (Darling Berlin) startet in den deutschen Kinos - UCM.ONE<\/title>\n<meta name=\"robots\" content=\"index, follow, max-snippet:-1, max-image-preview:large, max-video-preview:-1\" \/>\n<link rel=\"canonical\" href=\"https:\/\/ucm.one\/de\/rueckenwind-von-vorn-darling-berlin-startet-in-den-deutschen-kinos\/\" \/>\n<meta property=\"og:locale\" content=\"de_DE\" \/>\n<meta property=\"og:type\" content=\"article\" \/>\n<meta property=\"og:title\" content=\"\u201eR\u00fcckenwind von vorn\u201c (Darling Berlin) startet in den deutschen Kinos - UCM.ONE\" \/>\n<meta property=\"og:description\" content=\"[vc_row][vc_column][vc_column_text]Einen Monat nach seiner Weltpremiere auf der Berlinale 2018 ist am Donnerstag den 15. M\u00e4rz der neue Film von Philipp Eichholtz \u201eR\u00fcckenwind von vorn\u201c in den deutschen Kinos gestartet. Der Film erz\u00e4hlt die Geschichte der jungen Berliner Lehrerin Charlie, die auf am\u00fcsante wie tragische Art ihr Leben und ihre Erwartungen daran neu verhandelt und neu&hellip;\" \/>\n<meta property=\"og:url\" content=\"https:\/\/ucm.one\/de\/rueckenwind-von-vorn-darling-berlin-startet-in-den-deutschen-kinos\/\" \/>\n<meta property=\"og:site_name\" content=\"UCM.ONE\" \/>\n<meta property=\"article:published_time\" content=\"2018-03-15T09:45:00+00:00\" \/>\n<meta property=\"article:modified_time\" content=\"2018-08-17T10:17:35+00:00\" \/>\n<meta property=\"og:image\" content=\"https:\/\/ucm.one\/wp-content\/uploads\/2018\/03\/B-R\u00fcckenwind-180316.jpg\" \/>\n\t<meta property=\"og:image:width\" content=\"1920\" \/>\n\t<meta property=\"og:image:height\" content=\"600\" \/>\n\t<meta property=\"og:image:type\" content=\"image\/jpeg\" \/>\n<meta name=\"author\" content=\"Joachim Keil\" \/>\n<meta name=\"twitter:card\" content=\"summary_large_image\" \/>\n<meta name=\"twitter:label1\" content=\"Verfasst von\" \/>\n\t<meta name=\"twitter:data1\" content=\"Joachim Keil\" \/>\n\t<meta name=\"twitter:label2\" content=\"Gesch\u00e4tzte Lesezeit\" \/>\n\t<meta name=\"twitter:data2\" content=\"2\u00a0Minuten\" \/>\n<!-- \/ Yoast SEO plugin. -->","yoast_head_json":{"title":"\u201eR\u00fcckenwind von vorn\u201c (Darling Berlin) startet in den deutschen Kinos - UCM.ONE","robots":{"index":"index","follow":"follow","max-snippet":"max-snippet:-1","max-image-preview":"max-image-preview:large","max-video-preview":"max-video-preview:-1"},"canonical":"https:\/\/ucm.one\/de\/rueckenwind-von-vorn-darling-berlin-startet-in-den-deutschen-kinos\/","og_locale":"de_DE","og_type":"article","og_title":"\u201eR\u00fcckenwind von vorn\u201c (Darling Berlin) startet in den deutschen Kinos - UCM.ONE","og_description":"[vc_row][vc_column][vc_column_text]Einen Monat nach seiner Weltpremiere auf der Berlinale 2018 ist am Donnerstag den 15. M\u00e4rz der neue Film von Philipp Eichholtz \u201eR\u00fcckenwind von vorn\u201c in den deutschen Kinos gestartet. Der Film erz\u00e4hlt die Geschichte der jungen Berliner Lehrerin Charlie, die auf am\u00fcsante wie tragische Art ihr Leben und ihre Erwartungen daran neu verhandelt und neu&hellip;","og_url":"https:\/\/ucm.one\/de\/rueckenwind-von-vorn-darling-berlin-startet-in-den-deutschen-kinos\/","og_site_name":"UCM.ONE","article_published_time":"2018-03-15T09:45:00+00:00","article_modified_time":"2018-08-17T10:17:35+00:00","og_image":[{"width":1920,"height":600,"url":"https:\/\/ucm.one\/wp-content\/uploads\/2018\/03\/B-R\u00fcckenwind-180316.jpg","type":"image\/jpeg"}],"author":"Joachim Keil","twitter_card":"summary_large_image","twitter_misc":{"Verfasst von":"Joachim Keil","Gesch\u00e4tzte Lesezeit":"2\u00a0Minuten"},"schema":{"@context":"https:\/\/schema.org","@graph":[{"@type":"Article","@id":"https:\/\/ucm.one\/de\/rueckenwind-von-vorn-darling-berlin-startet-in-den-deutschen-kinos\/#article","isPartOf":{"@id":"https:\/\/ucm.one\/de\/rueckenwind-von-vorn-darling-berlin-startet-in-den-deutschen-kinos\/"},"author":{"name":"Joachim Keil","@id":"https:\/\/ucm.one\/de\/#\/schema\/person\/4b959e467e8acc058836467a0ef8fa50"},"headline":"\u201eR\u00fcckenwind von vorn\u201c (Darling Berlin) startet in den deutschen Kinos","datePublished":"2018-03-15T09:45:00+00:00","dateModified":"2018-08-17T10:17:35+00:00","mainEntityOfPage":{"@id":"https:\/\/ucm.one\/de\/rueckenwind-von-vorn-darling-berlin-startet-in-den-deutschen-kinos\/"},"wordCount":345,"publisher":{"@id":"https:\/\/ucm.one\/de\/#organization"},"image":{"@id":"https:\/\/ucm.one\/de\/rueckenwind-von-vorn-darling-berlin-startet-in-den-deutschen-kinos\/#primaryimage"},"thumbnailUrl":"https:\/\/ucm.one\/wp-content\/uploads\/2018\/03\/B-R\u00fcckenwind-180316.jpg","keywords":["Aleksandar Radenkovic","Amelie Kiefer","Angelika Waller","Berlin","Claudius von Stolzmann","Daniel Zillmann","Darling Berlin","Karin Hanczewski","Martina Sch\u00f6ne-Radunski","Natalia Bobrich","Philipp Eichholtz","R\u00fcckenwind von vorn","Ruth Bickelhaupt","Victoria Schulz"],"articleSection":["Darling Berlin","Film","Kino","News","Verleih"],"inLanguage":"de"},{"@type":"WebPage","@id":"https:\/\/ucm.one\/de\/rueckenwind-von-vorn-darling-berlin-startet-in-den-deutschen-kinos\/","url":"https:\/\/ucm.one\/de\/rueckenwind-von-vorn-darling-berlin-startet-in-den-deutschen-kinos\/","name":"\u201eR\u00fcckenwind von vorn\u201c (Darling Berlin) startet in den deutschen Kinos - UCM.ONE","isPartOf":{"@id":"https:\/\/ucm.one\/de\/#website"},"primaryImageOfPage":{"@id":"https:\/\/ucm.one\/de\/rueckenwind-von-vorn-darling-berlin-startet-in-den-deutschen-kinos\/#primaryimage"},"image":{"@id":"https:\/\/ucm.one\/de\/rueckenwind-von-vorn-darling-berlin-startet-in-den-deutschen-kinos\/#primaryimage"},"thumbnailUrl":"https:\/\/ucm.one\/wp-content\/uploads\/2018\/03\/B-R\u00fcckenwind-180316.jpg","datePublished":"2018-03-15T09:45:00+00:00","dateModified":"2018-08-17T10:17:35+00:00","breadcrumb":{"@id":"https:\/\/ucm.one\/de\/rueckenwind-von-vorn-darling-berlin-startet-in-den-deutschen-kinos\/#breadcrumb"},"inLanguage":"de","potentialAction":[{"@type":"ReadAction","target":["https:\/\/ucm.one\/de\/rueckenwind-von-vorn-darling-berlin-startet-in-den-deutschen-kinos\/"]}]},{"@type":"ImageObject","inLanguage":"de","@id":"https:\/\/ucm.one\/de\/rueckenwind-von-vorn-darling-berlin-startet-in-den-deutschen-kinos\/#primaryimage","url":"https:\/\/ucm.one\/wp-content\/uploads\/2018\/03\/B-R\u00fcckenwind-180316.jpg","contentUrl":"https:\/\/ucm.one\/wp-content\/uploads\/2018\/03\/B-R\u00fcckenwind-180316.jpg","width":1920,"height":600},{"@type":"BreadcrumbList","@id":"https:\/\/ucm.one\/de\/rueckenwind-von-vorn-darling-berlin-startet-in-den-deutschen-kinos\/#breadcrumb","itemListElement":[{"@type":"ListItem","position":1,"name":"Home","item":"https:\/\/ucm.one\/de\/"},{"@type":"ListItem","position":2,"name":"\u201eR\u00fcckenwind von vorn\u201c (Darling Berlin) startet in den deutschen Kinos"}]},{"@type":"WebSite","@id":"https:\/\/ucm.one\/de\/#website","url":"https:\/\/ucm.one\/de\/","name":"UCM.ONE","description":"","publisher":{"@id":"https:\/\/ucm.one\/de\/#organization"},"potentialAction":[{"@type":"SearchAction","target":{"@type":"EntryPoint","urlTemplate":"https:\/\/ucm.one\/de\/?s={search_term_string}"},"query-input":{"@type":"PropertyValueSpecification","valueRequired":true,"valueName":"search_term_string"}}],"inLanguage":"de"},{"@type":"Organization","@id":"https:\/\/ucm.one\/de\/#organization","name":"UCM.ONE","url":"https:\/\/ucm.one\/de\/","logo":{"@type":"ImageObject","inLanguage":"de","@id":"https:\/\/ucm.one\/de\/#\/schema\/logo\/image\/","url":"https:\/\/ucm.one\/wp-content\/uploads\/2019\/10\/UCM.ONE-Logo-RGB.svg","contentUrl":"https:\/\/ucm.one\/wp-content\/uploads\/2019\/10\/UCM.ONE-Logo-RGB.svg","width":1,"height":1,"caption":"UCM.ONE"},"image":{"@id":"https:\/\/ucm.one\/de\/#\/schema\/logo\/image\/"}},{"@type":"Person","@id":"https:\/\/ucm.one\/de\/#\/schema\/person\/4b959e467e8acc058836467a0ef8fa50","name":"Joachim Keil","image":{"@type":"ImageObject","inLanguage":"de","@id":"https:\/\/secure.gravatar.com\/avatar\/10e1dfd05f2a7a7bc83cd44bae31e01c8ac15f974229211a2b1a49fa0a22fec0?s=96&d=mm&r=g","url":"https:\/\/secure.gravatar.com\/avatar\/10e1dfd05f2a7a7bc83cd44bae31e01c8ac15f974229211a2b1a49fa0a22fec0?s=96&d=mm&r=g","contentUrl":"https:\/\/secure.gravatar.com\/avatar\/10e1dfd05f2a7a7bc83cd44bae31e01c8ac15f974229211a2b1a49fa0a22fec0?s=96&d=mm&r=g","caption":"Joachim Keil"},"sameAs":["https:\/\/ucm.one"]}]}},"_links":{"self":[{"href":"https:\/\/ucm.one\/de\/wp-json\/wp\/v2\/posts\/11968","targetHints":{"allow":["GET"]}}],"collection":[{"href":"https:\/\/ucm.one\/de\/wp-json\/wp\/v2\/posts"}],"about":[{"href":"https:\/\/ucm.one\/de\/wp-json\/wp\/v2\/types\/post"}],"author":[{"embeddable":true,"href":"https:\/\/ucm.one\/de\/wp-json\/wp\/v2\/users\/2"}],"replies":[{"embeddable":true,"href":"https:\/\/ucm.one\/de\/wp-json\/wp\/v2\/comments?post=11968"}],"version-history":[{"count":0,"href":"https:\/\/ucm.one\/de\/wp-json\/wp\/v2\/posts\/11968\/revisions"}],"wp:featuredmedia":[{"embeddable":true,"href":"https:\/\/ucm.one\/de\/wp-json\/wp\/v2\/media\/11985"}],"wp:attachment":[{"href":"https:\/\/ucm.one\/de\/wp-json\/wp\/v2\/media?parent=11968"}],"wp:term":[{"taxonomy":"category","embeddable":true,"href":"https:\/\/ucm.one\/de\/wp-json\/wp\/v2\/categories?post=11968"},{"taxonomy":"post_tag","embeddable":true,"href":"https:\/\/ucm.one\/de\/wp-json\/wp\/v2\/tags?post=11968"}],"curies":[{"name":"wp","href":"https:\/\/api.w.org\/{rel}","templated":true}]}}