{"id":108596,"date":"2024-10-25T19:12:38","date_gmt":"2024-10-25T19:12:38","guid":{"rendered":"https:\/\/ucm.one\/?p=108596"},"modified":"2024-10-28T10:53:40","modified_gmt":"2024-10-28T10:53:40","slug":"dawn-of-solace-kuendigen-neues-album-affliction-vortex-an-und-veroeffentlichen-video-zur-ersten-single-murder","status":"publish","type":"post","link":"https:\/\/ucm.one\/de\/dawn-of-solace-kuendigen-neues-album-affliction-vortex-an-und-veroeffentlichen-video-zur-ersten-single-murder\/","title":{"rendered":"\ud83c\udfb5 &#8218;Dawn of Solace&#8216; k\u00fcndigen neues Album &#8218;Affliction Vortex&#8216; an und ver\u00f6ffentlichen Video zur ersten Single &#8218;Murder&#8216;"},"content":{"rendered":"<div class=\"wpb-content-wrapper\"><p>[vc_row][vc_column][vc_column_text css=&#8220;&#8220;]<\/p>\n<div>\n<p align=\"LEFT\"><strong>Dawn of Solace<\/strong>, das musikalische Soloprojekt von <strong>Tuomas Saukkonen<\/strong> (<strong>Wolfheart<\/strong>,\u00a0<strong>Before the Dawn<\/strong>), hat die Weichen f\u00fcr ihr mit Spannung erwartetes neues Studioalbum \u201e<strong>Affliction Vortex<\/strong>\u201c gestellt, welches \u00fcber <strong>Noble Demon<\/strong> erscheinen wird und schon ab heute auf CD und als streng limitierte Vinyl-.Auflage vorbestellt werden kann.<\/p>\n<\/div>\n<div><\/div>\n<p>[\/vc_column_text][\/vc_column][\/vc_row][vc_row][vc_column width=&#8220;2\/4&#8243;][vc_column_text css=&#8220;&#8220;]Als Vorgeschmack auf die Ver\u00f6ffentlichung hat die Band die erste Single \u201e<strong>Murder<\/strong>\u201c vorgestellt, ein St\u00fcck, welches die f\u00fcr\u00a0<strong>Dawn of Solace<\/strong> typische Mischung aus finnischer Melancholie und unerbittlicher Intensit\u00e4t meisterhaft verk\u00f6rpert. Der Song erscheint gemeinsam mit einem brandneuen Musikvideo unter der Regie von <strong>Winter Notes Production<\/strong>.[\/vc_column_text][vc_column_text css=&#8220;&#8220;]<strong>Tuomas Saukkonen<\/strong> \u00fcber den Track<strong>:<\/strong> \u201e<em>Murder war der erste Song, der geschrieben wurde, und normalerweise ist das auch meine erste Wahl f\u00fcr die erste Single. Ein majest\u00e4tisches Leuchtfeuer, das den Rest des kreativen Prozesses mit seinem kalten und dunklen Licht leitete.<\/em>\u201c[\/vc_column_text][vc_column_text css=&#8220;&#8220;]<strong>Dawn of Solace<\/strong>, die 2005 als Saukkonens Nebenprojekt gegr\u00fcndet wurden, verk\u00f6rperten eine andere Schattierung musikalischer Kreativit\u00e4t, und ihr Deb\u00fctalbum \u201e<strong>The Darkness<\/strong>\u201c erblickte 2006 das Licht der Welt. Trotz einer jahrzehntelangen Pause aufgrund rechtlicher Verwicklungen hielt die treue Fangemeinde der Band die Flamme am lodern, und das Deb\u00fctalbum erreichte auf digitalen Plattformen wie Spotify eine gro\u00dfe Resonanz.[\/vc_column_text][\/vc_column][vc_column width=&#8220;1\/4&#8243;][vc_single_image image=&#8220;108597&#8243; img_size=&#8220;full&#8220; onclick=&#8220;link_image&#8220; css=&#8220;&#8220;][vc_btn title=&#8220;Download \/ Streaming&#8220; style=&#8220;flat&#8220; color=&#8220;sky&#8220; size=&#8220;xs&#8220; align=&#8220;center&#8220; i_icon_fontawesome=&#8220;fas fa-external-link-square-alt&#8220; css=&#8220;.vc_custom_1730057241007{margin-top: -25px !important;}&#8220; button_block=&#8220;true&#8220; add_icon=&#8220;true&#8220; link=&#8220;url:https%3A%2F%2Fmusic.nobledemon.com%2Fmurder|title:Download%20%2F%20Streaming|target:_blank&#8220;][\/vc_column][vc_column width=&#8220;1\/4&#8243;][vc_single_image image=&#8220;107850&#8243; img_size=&#8220;full&#8220; onclick=&#8220;link_image&#8220; css=&#8220;&#8220;][vc_btn title=&#8220;Vorverkauf \/ Vormerken&#8220; style=&#8220;flat&#8220; color=&#8220;black&#8220; size=&#8220;xs&#8220; align=&#8220;center&#8220; i_icon_fontawesome=&#8220;fas fa-external-link-square-alt&#8220; css=&#8220;.vc_custom_1730057105774{margin-top: -25px !important;}&#8220; button_block=&#8220;true&#8220; add_icon=&#8220;true&#8220; link=&#8220;url:https%3A%2F%2Fmusic.nobledemon.com%2Fvortex|title:Download%20%2F%20Streaming|target:_blank&#8220;][vc_btn title=&#8220;Shop&#8220; style=&#8220;flat&#8220; color=&#8220;juicy-pink&#8220; size=&#8220;xs&#8220; align=&#8220;center&#8220; i_icon_fontawesome=&#8220;fas fa-shopping-cart&#8220; css=&#8220;.vc_custom_1730057216830{margin-top: -15px !important;}&#8220; button_block=&#8220;true&#8220; add_icon=&#8220;true&#8220; link=&#8220;url:https%3A%2F%2Fucm.one%2Fde%2Fprodukt%2Fdawn-of-solace-affliction-vortex%2F|title:Shop&#8220;][vc_btn title=&#8220;Record Shop X&#8220; style=&#8220;flat&#8220; color=&#8220;orange&#8220; size=&#8220;xs&#8220; align=&#8220;center&#8220; i_icon_fontawesome=&#8220;far fa-dot-circle&#8220; css=&#8220;.vc_custom_1730112775387{margin-top: -15px !important;}&#8220; button_block=&#8220;true&#8220; add_icon=&#8220;true&#8220; link=&#8220;url:https%3A%2F%2Fwww.recordshopx.com%2Fartist%2Fdawn_of_solace%2Faffliction_vortex%2F|title:Record%20Shop%20X|target:_blank&#8220;][vc_btn title=&#8220;Bandcamp&#8220; style=&#8220;flat&#8220; color=&#8220;inverse&#8220; size=&#8220;xs&#8220; align=&#8220;center&#8220; i_icon_fontawesome=&#8220;fab fa-bandcamp&#8220; css=&#8220;.vc_custom_1730112818029{margin-top: -15px !important;}&#8220; button_block=&#8220;true&#8220; add_icon=&#8220;true&#8220; link=&#8220;url:https%3A%2F%2Fdawnofsolace.bandcamp.com%2Falbum%2Faffliction-vortex|title:Affliction%20Vortex|target:_blank&#8220;][vc_empty_space height=&#8220;15px&#8220;][\/vc_column][\/vc_row][vc_row][vc_column][vc_column_text css=&#8220;&#8220;]<\/p>\n<div>\n<p align=\"LEFT\">2019 markierte einen Neuanfang, als endlich alle Hindernisse f\u00fcr die Fortsetzung der Band \u00fcberwunden wurden und eine neue Allianz mit dem deutschen Label <strong>Noble Demon<\/strong> geschmiedet wurde. Diese Partnerschaft war eine der Hauptantriebskr\u00e4fte, die <strong>Dawn of Solace<\/strong> zur\u00fcck in die internationale Szene des melancholischen Metals brachten, inkl. zwei Full-Length-Alben (\u201e<strong>Waves<\/strong>\u201c 2020, \u201e<strong>Flames of Perdition<\/strong>\u201c 2022) und eine Unplugged-EP, bis sich die Band Anfang 2024 ins Studio begab, um ihr bis dato vielseitigstes Album zu produzieren. Das dabei entstandene Werk \u201e<strong>Affliction Vortex<\/strong>\u201c verk\u00f6rpert nordische Melancholie und unverf\u00e4lschte finnische Dunkelheit und erscheint am 14. Februar 2025.<\/p>\n<\/div>\n<div><\/div>\n<p>[\/vc_column_text][vc_separator][vc_column_text css=&#8220;.vc_custom_1730059275093{margin-bottom: -1px !important;border-bottom-width: -1px !important;padding-bottom: -1px !important;}&#8220;]<span style=\"font-size: 14pt;\">CD und Vinyl-Editionen des Albums &#8222;<strong>Affliction Vortex<\/strong>&#8222;:<\/span>[\/vc_column_text][vc_empty_space height=&#8220;8px&#8220;][vc_row_inner][vc_column_inner width=&#8220;1\/3&#8243;][vc_single_image image=&#8220;107854&#8243; img_size=&#8220;full&#8220; onclick=&#8220;link_image&#8220; css=&#8220;&#8220;][vc_empty_space height=&#8220;1px&#8220; css=&#8220;.vc_custom_1629280384190{margin-top: -5px !important;}&#8220;][vc_column_text css=&#8220;.vc_custom_1630106331715{margin-top: -25px !important;}&#8220;]<\/p>\n<p style=\"text-align: center;\"><span style=\"font-size: 8pt;\">CD Digipak<\/span><\/p>\n<p>[\/vc_column_text][\/vc_column_inner][vc_column_inner width=&#8220;1\/3&#8243;][vc_single_image image=&#8220;107850&#8243; img_size=&#8220;full&#8220; onclick=&#8220;link_image&#8220; css=&#8220;&#8220;][vc_empty_space height=&#8220;1px&#8220; css=&#8220;.vc_custom_1629280384190{margin-top: -5px !important;}&#8220;][vc_column_text css=&#8220;.vc_custom_1730059372351{margin-top: -25px !important;}&#8220;]<\/p>\n<p style=\"text-align: center;\"><span style=\"font-size: 8pt;\">Frontcover<\/span><\/p>\n<p>[\/vc_column_text][\/vc_column_inner][vc_column_inner width=&#8220;1\/3&#8243;][vc_single_image image=&#8220;107856&#8243; img_size=&#8220;full&#8220; onclick=&#8220;link_image&#8220; css=&#8220;&#8220;][vc_empty_space height=&#8220;1px&#8220; css=&#8220;.vc_custom_1629280384190{margin-top: -5px !important;}&#8220;][vc_column_text css=&#8220;.vc_custom_1730059332399{margin-top: -25px !important;}&#8220;]<\/p>\n<p style=\"text-align: center;\"><span style=\"font-size: 8pt;\">LP (mit Brown Marbled Vinyl)<\/span><\/p>\n<p>[\/vc_column_text][\/vc_column_inner][\/vc_row_inner][\/vc_column][\/vc_row][vc_row][vc_column][vc_column_text css=&#8220;.vc_custom_1730058478244{margin-bottom: -1px !important;border-bottom-width: -1px !important;padding-bottom: -1px !important;}&#8220;]<span style=\"font-size: large;\">Merchandise zum Album &#8222;<\/span><strong><span style=\"font-size: large;\">Affliction Vortex<\/span><\/strong><span style=\"font-size: large;\">&#8222;:<\/span>[\/vc_column_text][vc_empty_space height=&#8220;8px&#8220;][vc_row_inner][vc_column_inner width=&#8220;1\/3&#8243;][vc_single_image image=&#8220;107863&#8243; img_size=&#8220;full&#8220; onclick=&#8220;link_image&#8220; css=&#8220;&#8220;][vc_empty_space height=&#8220;35px&#8220; css=&#8220;.vc_custom_1629592408338{margin-top: -5px !important;}&#8220;][vc_column_text css=&#8220;.vc_custom_1730058763325{margin-top: -57px !important;}&#8220;]<\/p>\n<p class=\"product_title entry-title\" style=\"text-align: center;\"><span style=\"font-size: 8pt;\">Affliction Vortex | Vortex Edition\u201d (T-Shirt)<\/span><\/p>\n<p>[\/vc_column_text][\/vc_column_inner][vc_column_inner width=&#8220;1\/3&#8243;][vc_single_image image=&#8220;107879&#8243; img_size=&#8220;full&#8220; onclick=&#8220;link_image&#8220; css=&#8220;&#8220;][vc_empty_space height=&#8220;35px&#8220; css=&#8220;.vc_custom_1629592408338{margin-top: -5px !important;}&#8220;][vc_column_text css=&#8220;.vc_custom_1730058790252{margin-top: -57px !important;}&#8220;]<\/p>\n<p class=\"product_title entry-title\" style=\"text-align: center;\"><span style=\"font-size: 8pt;\">Affliction Vortex | Murder Edition\u201d (T-Shirt)<\/span><\/p>\n<p>[\/vc_column_text][\/vc_column_inner][vc_column_inner width=&#8220;1\/3&#8243;][vc_single_image image=&#8220;107892&#8243; img_size=&#8220;full&#8220; onclick=&#8220;link_image&#8220; css=&#8220;&#8220;][vc_empty_space height=&#8220;35px&#8220; css=&#8220;.vc_custom_1629592408338{margin-top: -5px !important;}&#8220;][vc_column_text css=&#8220;.vc_custom_1730058847369{margin-top: -57px !important;}&#8220;]<\/p>\n<p class=\"product_title entry-title\" style=\"text-align: center;\"><span style=\"font-size: 8pt;\">Affliction Vortex (Zipped Hoodie)<\/span><\/p>\n<p>[\/vc_column_text][\/vc_column_inner][\/vc_row_inner][\/vc_column][\/vc_row][vc_row][vc_column width=&#8220;3\/4&#8243;][vc_column_text css=&#8220;&#8220;]Die CD in einem Digipak, die streng limitierte LP in braunen &#8222;marbeled&#8220; Vinyl, die beiden T-Shirts sowie das Zipped Hoodie von &#8222;<strong>Affliction Vortex<\/strong>&#8220; k\u00f6nnen ab heute vorbestellt werden.[\/vc_column_text][\/vc_column][vc_column width=&#8220;1\/4&#8243;][vc_btn title=&#8220;Shop&#8220; style=&#8220;flat&#8220; color=&#8220;juicy-pink&#8220; size=&#8220;xs&#8220; align=&#8220;center&#8220; i_icon_fontawesome=&#8220;fas fa-shopping-cart&#8220; css=&#8220;.vc_custom_1730058957157{margin-top: -20px !important;}&#8220; button_block=&#8220;true&#8220; add_icon=&#8220;true&#8220; link=&#8220;url:https%3A%2F%2Fucm.one%2Fde%2F%3Fs%3D%2522Affliction%2BVortex%2522%26post_type%3Dproduct|title:Dawn%20of%20Solace%20-%20Affliction%20Vortex&#8220;][vc_btn title=&#8220;Bandcamp&#8220; style=&#8220;flat&#8220; color=&#8220;inverse&#8220; size=&#8220;xs&#8220; align=&#8220;center&#8220; i_icon_fontawesome=&#8220;fab fa-bandcamp&#8220; css=&#8220;.vc_custom_1730059026445{margin-top: -15px !important;}&#8220; button_block=&#8220;true&#8220; add_icon=&#8220;true&#8220; link=&#8220;url:https%3A%2F%2Fdawnofsolace.bandcamp.com%2Falbum%2Faffliction-vortex|title:Dawn%20of%20Solace%20-%20Affliction%20Vortex|target:_blank&#8220;][\/vc_column][\/vc_row][vc_row][vc_column][vc_separator][\/vc_column][\/vc_row][vc_row][vc_column][vc_single_image image=&#8220;108601&#8243; img_size=&#8220;full&#8220; css=&#8220;&#8220;][\/vc_column][\/vc_row][vc_row][vc_column][vc_video link=&#8220;https:\/\/www.youtube.com\/watch?v=YjNd8slpc-4&#8243; css=&#8220;&#8220; title=&#8220;Murder (Official Music Video)&#8220;][\/vc_column][\/vc_row][vc_row][vc_column width=&#8220;1\/2&#8243;][vc_column_text]Weitere Informationen \u00fcber die Band: <a title=\"Dawn of Solace\" href=\"\/de\/dawn-of-solace\/\">Dawn of Solace<\/a>[\/vc_column_text][\/vc_column][vc_column width=&#8220;1\/2&#8243;][vc_column_text]Weitere Informationen \u00fcber das Label: <a title=\"Noble Demon\" href=\"https:\/\/ucm.one\/de\/musik-labels\/noble-demon\/\">Noble Demon<\/a>[\/vc_column_text][\/vc_column][\/vc_row]<\/p>\n<\/div>","protected":false},"excerpt":{"rendered":"<p>[vc_row][vc_column][vc_column_text css=&#8220;&#8220;] Dawn of Solace, das musikalische Soloprojekt von Tuomas Saukkonen (Wolfheart,\u00a0Before the Dawn), hat die Weichen f\u00fcr ihr mit Spannung erwartetes neues Studioalbum \u201eAffliction Vortex\u201c gestellt, welches \u00fcber Noble Demon erscheinen wird und schon ab heute auf CD und als streng limitierte Vinyl-.Auflage vorbestellt werden kann. [\/vc_column_text][\/vc_column][\/vc_row][vc_row][vc_column width=&#8220;2\/4&#8243;][vc_column_text css=&#8220;&#8220;]Als Vorgeschmack auf die Ver\u00f6ffentlichung hat&hellip;<\/p>\n","protected":false},"author":2,"featured_media":108599,"comment_status":"closed","ping_status":"closed","sticky":false,"template":"","format":"standard","meta":{"_acf_changed":false,"footnotes":""},"categories":[9,13,7077],"tags":[18254,7098,7084,7091,7455,10185,8020,7079,8106,7094,7128,7095,7097],"class_list":["post-108596","post","type-post","status-publish","format-standard","has-post-thumbnail","hentry","category-musik","category-news","category-noble-demon","tag-affliction-vortex","tag-before-the-dawn","tag-dawn-of-solace","tag-doom-metal","tag-gothic-metal","tag-merchandising","tag-mikko-heikkilae","tag-noble-demon","tag-saku-moilanen-de","tag-the-darkness","tag-tuomas-saukkonen","tag-waves","tag-wolfheart","category-9","category-13","category-7077","description-off"],"acf":[],"yoast_head":"<!-- This site is optimized with the Yoast SEO plugin v27.5 - https:\/\/yoast.com\/product\/yoast-seo-wordpress\/ -->\n<title>&#039;Dawn of Solace&#039; k\u00fcndigen neues Album &#039;Affliction Vortex&#039; an<\/title>\n<meta name=\"description\" content=\"Als Vorgeschmack hat die Band die Single \u201eMurder\u201c vorgestellt, welche die finnischer Melancholie und Intensit\u00e4t meisterhaft verk\u00f6rpert.\" \/>\n<meta name=\"robots\" content=\"index, follow, max-snippet:-1, max-image-preview:large, max-video-preview:-1\" \/>\n<link rel=\"canonical\" href=\"https:\/\/ucm.one\/de\/dawn-of-solace-kuendigen-neues-album-affliction-vortex-an-und-veroeffentlichen-video-zur-ersten-single-murder\/\" \/>\n<meta property=\"og:locale\" content=\"de_DE\" \/>\n<meta property=\"og:type\" content=\"article\" \/>\n<meta property=\"og:title\" content=\"&#039;Dawn of Solace&#039; k\u00fcndigen neues Album &#039;Affliction Vortex&#039; an\" \/>\n<meta property=\"og:description\" content=\"Als Vorgeschmack hat die Band die Single \u201eMurder\u201c vorgestellt, welche die finnischer Melancholie und Intensit\u00e4t meisterhaft verk\u00f6rpert.\" \/>\n<meta property=\"og:url\" content=\"https:\/\/ucm.one\/de\/dawn-of-solace-kuendigen-neues-album-affliction-vortex-an-und-veroeffentlichen-video-zur-ersten-single-murder\/\" \/>\n<meta property=\"og:site_name\" content=\"UCM.ONE\" \/>\n<meta property=\"article:published_time\" content=\"2024-10-25T19:12:38+00:00\" \/>\n<meta property=\"article:modified_time\" content=\"2024-10-28T10:53:40+00:00\" \/>\n<meta property=\"og:image\" content=\"https:\/\/ucm.one\/wp-content\/uploads\/2024\/10\/C-Dawn-of-Solace-Affliction-Vortex.jpg\" \/>\n\t<meta property=\"og:image:width\" content=\"1000\" \/>\n\t<meta property=\"og:image:height\" content=\"1000\" \/>\n\t<meta property=\"og:image:type\" content=\"image\/jpeg\" \/>\n<meta name=\"author\" content=\"Joachim Keil\" \/>\n<meta name=\"twitter:card\" content=\"summary_large_image\" \/>\n<meta name=\"twitter:title\" content=\"&#039;Dawn of Solace&#039; k\u00fcndigen neues Album &#039;Affliction Vortex&#039; an\" \/>\n<meta name=\"twitter:description\" content=\"Als Vorgeschmack hat die Band die Single \u201eMurder\u201c vorgestellt, welche die finnischer Melancholie und Intensit\u00e4t meisterhaft verk\u00f6rpert.\" \/>\n<meta name=\"twitter:image\" content=\"https:\/\/ucm.one\/wp-content\/uploads\/2024\/10\/C-Dawn-of-Solace-Affliction-Vortex.jpg\" \/>\n<meta name=\"twitter:label1\" content=\"Verfasst von\" \/>\n\t<meta name=\"twitter:data1\" content=\"Joachim Keil\" \/>\n\t<meta name=\"twitter:label2\" content=\"Gesch\u00e4tzte Lesezeit\" \/>\n\t<meta name=\"twitter:data2\" content=\"6\u00a0Minuten\" \/>\n<!-- \/ Yoast SEO plugin. -->","yoast_head_json":{"title":"'Dawn of Solace' k\u00fcndigen neues Album 'Affliction Vortex' an","description":"Als Vorgeschmack hat die Band die Single \u201eMurder\u201c vorgestellt, welche die finnischer Melancholie und Intensit\u00e4t meisterhaft verk\u00f6rpert.","robots":{"index":"index","follow":"follow","max-snippet":"max-snippet:-1","max-image-preview":"max-image-preview:large","max-video-preview":"max-video-preview:-1"},"canonical":"https:\/\/ucm.one\/de\/dawn-of-solace-kuendigen-neues-album-affliction-vortex-an-und-veroeffentlichen-video-zur-ersten-single-murder\/","og_locale":"de_DE","og_type":"article","og_title":"'Dawn of Solace' k\u00fcndigen neues Album 'Affliction Vortex' an","og_description":"Als Vorgeschmack hat die Band die Single \u201eMurder\u201c vorgestellt, welche die finnischer Melancholie und Intensit\u00e4t meisterhaft verk\u00f6rpert.","og_url":"https:\/\/ucm.one\/de\/dawn-of-solace-kuendigen-neues-album-affliction-vortex-an-und-veroeffentlichen-video-zur-ersten-single-murder\/","og_site_name":"UCM.ONE","article_published_time":"2024-10-25T19:12:38+00:00","article_modified_time":"2024-10-28T10:53:40+00:00","og_image":[{"width":1000,"height":1000,"url":"https:\/\/ucm.one\/wp-content\/uploads\/2024\/10\/C-Dawn-of-Solace-Affliction-Vortex.jpg","type":"image\/jpeg"}],"author":"Joachim Keil","twitter_card":"summary_large_image","twitter_title":"'Dawn of Solace' k\u00fcndigen neues Album 'Affliction Vortex' an","twitter_description":"Als Vorgeschmack hat die Band die Single \u201eMurder\u201c vorgestellt, welche die finnischer Melancholie und Intensit\u00e4t meisterhaft verk\u00f6rpert.","twitter_image":"https:\/\/ucm.one\/wp-content\/uploads\/2024\/10\/C-Dawn-of-Solace-Affliction-Vortex.jpg","twitter_misc":{"Verfasst von":"Joachim Keil","Gesch\u00e4tzte Lesezeit":"6\u00a0Minuten"},"schema":{"@context":"https:\/\/schema.org","@graph":[{"@type":"Article","@id":"https:\/\/ucm.one\/de\/dawn-of-solace-kuendigen-neues-album-affliction-vortex-an-und-veroeffentlichen-video-zur-ersten-single-murder\/#article","isPartOf":{"@id":"https:\/\/ucm.one\/de\/dawn-of-solace-kuendigen-neues-album-affliction-vortex-an-und-veroeffentlichen-video-zur-ersten-single-murder\/"},"author":{"name":"Joachim Keil","@id":"https:\/\/ucm.one\/de\/#\/schema\/person\/4b959e467e8acc058836467a0ef8fa50"},"headline":"\ud83c\udfb5 &#8218;Dawn of Solace&#8216; k\u00fcndigen neues Album &#8218;Affliction Vortex&#8216; an und ver\u00f6ffentlichen Video zur ersten Single &#8218;Murder&#8216;","datePublished":"2024-10-25T19:12:38+00:00","dateModified":"2024-10-28T10:53:40+00:00","mainEntityOfPage":{"@id":"https:\/\/ucm.one\/de\/dawn-of-solace-kuendigen-neues-album-affliction-vortex-an-und-veroeffentlichen-video-zur-ersten-single-murder\/"},"wordCount":1253,"publisher":{"@id":"https:\/\/ucm.one\/de\/#organization"},"image":{"@id":"https:\/\/ucm.one\/de\/dawn-of-solace-kuendigen-neues-album-affliction-vortex-an-und-veroeffentlichen-video-zur-ersten-single-murder\/#primaryimage"},"thumbnailUrl":"https:\/\/ucm.one\/wp-content\/uploads\/2024\/10\/B-Dawn-of-Solace-Affliction-Vortex-VVK.jpg","keywords":["Affliction Vortex","Before the Dawn","Dawn of Solace","Doom Metal","Gothic Metal","Merchandising","Mikko Heikkil\u00e4","Noble Demon","Saku Moilanen","The Darkness","Tuomas Saukkonen","Waves","Wolfheart"],"articleSection":["Musik","News","Noble Demon"],"inLanguage":"de"},{"@type":"WebPage","@id":"https:\/\/ucm.one\/de\/dawn-of-solace-kuendigen-neues-album-affliction-vortex-an-und-veroeffentlichen-video-zur-ersten-single-murder\/","url":"https:\/\/ucm.one\/de\/dawn-of-solace-kuendigen-neues-album-affliction-vortex-an-und-veroeffentlichen-video-zur-ersten-single-murder\/","name":"'Dawn of Solace' k\u00fcndigen neues Album 'Affliction Vortex' an","isPartOf":{"@id":"https:\/\/ucm.one\/de\/#website"},"primaryImageOfPage":{"@id":"https:\/\/ucm.one\/de\/dawn-of-solace-kuendigen-neues-album-affliction-vortex-an-und-veroeffentlichen-video-zur-ersten-single-murder\/#primaryimage"},"image":{"@id":"https:\/\/ucm.one\/de\/dawn-of-solace-kuendigen-neues-album-affliction-vortex-an-und-veroeffentlichen-video-zur-ersten-single-murder\/#primaryimage"},"thumbnailUrl":"https:\/\/ucm.one\/wp-content\/uploads\/2024\/10\/B-Dawn-of-Solace-Affliction-Vortex-VVK.jpg","datePublished":"2024-10-25T19:12:38+00:00","dateModified":"2024-10-28T10:53:40+00:00","description":"Als Vorgeschmack hat die Band die Single \u201eMurder\u201c vorgestellt, welche die finnischer Melancholie und Intensit\u00e4t meisterhaft verk\u00f6rpert.","breadcrumb":{"@id":"https:\/\/ucm.one\/de\/dawn-of-solace-kuendigen-neues-album-affliction-vortex-an-und-veroeffentlichen-video-zur-ersten-single-murder\/#breadcrumb"},"inLanguage":"de","potentialAction":[{"@type":"ReadAction","target":["https:\/\/ucm.one\/de\/dawn-of-solace-kuendigen-neues-album-affliction-vortex-an-und-veroeffentlichen-video-zur-ersten-single-murder\/"]}]},{"@type":"ImageObject","inLanguage":"de","@id":"https:\/\/ucm.one\/de\/dawn-of-solace-kuendigen-neues-album-affliction-vortex-an-und-veroeffentlichen-video-zur-ersten-single-murder\/#primaryimage","url":"https:\/\/ucm.one\/wp-content\/uploads\/2024\/10\/B-Dawn-of-Solace-Affliction-Vortex-VVK.jpg","contentUrl":"https:\/\/ucm.one\/wp-content\/uploads\/2024\/10\/B-Dawn-of-Solace-Affliction-Vortex-VVK.jpg","width":1920,"height":600},{"@type":"BreadcrumbList","@id":"https:\/\/ucm.one\/de\/dawn-of-solace-kuendigen-neues-album-affliction-vortex-an-und-veroeffentlichen-video-zur-ersten-single-murder\/#breadcrumb","itemListElement":[{"@type":"ListItem","position":1,"name":"Home","item":"https:\/\/ucm.one\/de\/"},{"@type":"ListItem","position":2,"name":"\ud83c\udfb5 &#8216;Dawn of Solace&#8217; k\u00fcndigen neues Album &#8216;Affliction Vortex&#8217; an und ver\u00f6ffentlichen Video zur ersten Single &#8216;Murder&#8217;"}]},{"@type":"WebSite","@id":"https:\/\/ucm.one\/de\/#website","url":"https:\/\/ucm.one\/de\/","name":"UCM.ONE","description":"","publisher":{"@id":"https:\/\/ucm.one\/de\/#organization"},"potentialAction":[{"@type":"SearchAction","target":{"@type":"EntryPoint","urlTemplate":"https:\/\/ucm.one\/de\/?s={search_term_string}"},"query-input":{"@type":"PropertyValueSpecification","valueRequired":true,"valueName":"search_term_string"}}],"inLanguage":"de"},{"@type":"Organization","@id":"https:\/\/ucm.one\/de\/#organization","name":"UCM.ONE","url":"https:\/\/ucm.one\/de\/","logo":{"@type":"ImageObject","inLanguage":"de","@id":"https:\/\/ucm.one\/de\/#\/schema\/logo\/image\/","url":"https:\/\/ucm.one\/wp-content\/uploads\/2019\/10\/UCM.ONE-Logo-RGB.svg","contentUrl":"https:\/\/ucm.one\/wp-content\/uploads\/2019\/10\/UCM.ONE-Logo-RGB.svg","width":1,"height":1,"caption":"UCM.ONE"},"image":{"@id":"https:\/\/ucm.one\/de\/#\/schema\/logo\/image\/"}},{"@type":"Person","@id":"https:\/\/ucm.one\/de\/#\/schema\/person\/4b959e467e8acc058836467a0ef8fa50","name":"Joachim Keil","image":{"@type":"ImageObject","inLanguage":"de","@id":"https:\/\/secure.gravatar.com\/avatar\/10e1dfd05f2a7a7bc83cd44bae31e01c8ac15f974229211a2b1a49fa0a22fec0?s=96&d=mm&r=g","url":"https:\/\/secure.gravatar.com\/avatar\/10e1dfd05f2a7a7bc83cd44bae31e01c8ac15f974229211a2b1a49fa0a22fec0?s=96&d=mm&r=g","contentUrl":"https:\/\/secure.gravatar.com\/avatar\/10e1dfd05f2a7a7bc83cd44bae31e01c8ac15f974229211a2b1a49fa0a22fec0?s=96&d=mm&r=g","caption":"Joachim Keil"},"sameAs":["https:\/\/ucm.one"]}]}},"_links":{"self":[{"href":"https:\/\/ucm.one\/de\/wp-json\/wp\/v2\/posts\/108596","targetHints":{"allow":["GET"]}}],"collection":[{"href":"https:\/\/ucm.one\/de\/wp-json\/wp\/v2\/posts"}],"about":[{"href":"https:\/\/ucm.one\/de\/wp-json\/wp\/v2\/types\/post"}],"author":[{"embeddable":true,"href":"https:\/\/ucm.one\/de\/wp-json\/wp\/v2\/users\/2"}],"replies":[{"embeddable":true,"href":"https:\/\/ucm.one\/de\/wp-json\/wp\/v2\/comments?post=108596"}],"version-history":[{"count":8,"href":"https:\/\/ucm.one\/de\/wp-json\/wp\/v2\/posts\/108596\/revisions"}],"predecessor-version":[{"id":109115,"href":"https:\/\/ucm.one\/de\/wp-json\/wp\/v2\/posts\/108596\/revisions\/109115"}],"wp:featuredmedia":[{"embeddable":true,"href":"https:\/\/ucm.one\/de\/wp-json\/wp\/v2\/media\/108599"}],"wp:attachment":[{"href":"https:\/\/ucm.one\/de\/wp-json\/wp\/v2\/media?parent=108596"}],"wp:term":[{"taxonomy":"category","embeddable":true,"href":"https:\/\/ucm.one\/de\/wp-json\/wp\/v2\/categories?post=108596"},{"taxonomy":"post_tag","embeddable":true,"href":"https:\/\/ucm.one\/de\/wp-json\/wp\/v2\/tags?post=108596"}],"curies":[{"name":"wp","href":"https:\/\/api.w.org\/{rel}","templated":true}]}}