{"id":10838,"date":"2018-02-21T17:38:39","date_gmt":"2018-02-21T17:38:39","guid":{"rendered":"https:\/\/ucm.one\/?p=10838"},"modified":"2018-08-17T10:20:30","modified_gmt":"2018-08-17T10:20:30","slug":"presseecho-zum-kinostart-koenigin-von-niendorf","status":"publish","type":"post","link":"https:\/\/ucm.one\/de\/presseecho-zum-kinostart-koenigin-von-niendorf\/","title":{"rendered":"Presseecho zum Kinostart &#8222;K\u00f6nigin von Niendorf&#8220;"},"content":{"rendered":"<div class=\"wpb-content-wrapper\"><p>[vc_row][vc_column][vc_column_text]Am Donnerstag den 15. Februar 2018 startete der Familienfilm &#8222;<strong>K\u00f6nigin von Niendorf<\/strong>&#8220; (Darling Berlin) bundesweit in den Kinos. Nachfolgend einige Stimmen aus dem Presseecho zum Film:<\/p>\n<p><strong>3sat:<\/strong> <em>\u201eGanz nebenbei wird hier ein Star geboren.\u201c<\/em><\/p>\n<p><strong>Artechock M\u00fcnchen:<\/strong> <em>\u201eBerliner Schule f\u00fcr Kinder? Das soll gehen? Ich verspreche es und bitte jeden, der Zweifel hegen sollte, es auszu\u00adpro\u00adbieren; Eltern mit ihren Kindern, Enkel mit ihren Gro\u00df\u00adel\u00adtern oder am besten alle zuammen. Sie werden sehen, dass es geht, erst Recht mit einer so tollen Haupt\u00addar\u00adstel\u00adlerin wie Lisa Moell.\u201c<\/em><\/p>\n<p><strong>Berliner Film Festivals:<\/strong> <em>&#8222;&#8230;.Nun legt sie mit \u201cK\u00f6nigin von Niendorf\u201d einen bezaubernden, ber\u00fchrenden und warmherzigen Film vor, der das Potenzial mitbringt, viele Kinder und Erwachsene in den Kinos\u00e4len zu begeistern. (&#8230;.) \u201cK\u00f6nigin von Niendorf\u201d ist eine einf\u00fchlsam und ruhig inszenierte Geschichte von einem starken M\u00e4dchen, von wahrer Freundschaft und einem trotz ernster Momente doch wild-idyllischen Kindheitssommer auf dem Land.&#8220;<\/em><\/p>\n<p><strong>dradio Kakadu:<\/strong> <em>\u201eEin kleiner Film, der im Ganzen, ganz ganz gro\u00df ist.\u201c<\/em><\/p>\n<p><strong>epd Film:<\/strong> <em>\u201eSo werden Regenschauer zur unmittelbaren Naturerfahrung und die Sommern\u00e4chte zu lakonisch inszenierter Idylle, untermalt von Liedern zwischen Leichtigkeit und H\u00e4rte. Lisa Moell spielt Lea, wie sie stoisch und ohne eine offensichtliche emotionale Regung durch den Sommer gleitet. Film &amp; TV Kameramann &#8222;Joya Thomes <strong>K\u00f6nigin von Niendorf<\/strong> ist ein Kinderfilm f\u00fcr Kinder und Erwachsene gleicherma\u00dfen, der uns ins l\u00e4ndliche Brandenburg und in die Welt der zehnj\u00e4hrigen Lea entf\u00fchrt. Eine beachtliche Leistung von Jungdarstellerin Lisa Moell, die das Publikum bezaubert.&#8220;<\/em><\/p>\n<p><strong>Film Rezensionen:<\/strong> <em>\u201eMitrei\u00dfender Kinderfilm \u00fcber einen ganz besonderen Sommer.\u201c<\/em><\/p>\n<p><strong>Filmdienst:<\/strong> <em>&#8222;Die junge Filmemacherin Joya Thome hat ihr schmal budgetiertes Spielfilmdeb\u00fct via Crowdfunding finanziert, weil der Zeit raubende Gang durch die F\u00f6rderinstanzen nicht zuletzt die faszinierende Hauptdarstellerin Lisa Moell durchs blo\u00dfe Altern besch\u00e4digt h\u00e4tte. Eine mutige und sehr kluge Entscheidung, denn Moells geradezu stoisches Spiel und ihre zutiefst melancholische Anmutung sind das Kapital, auf das der Film bauen kann. Aufgrund ihrer sehr eigenen, schon nicht mehr kindlichen Ernsthaftigkeit glaubt man gerne, dass Lea den Jungs nicht verr\u00e4t, was sie im Keller des Feuerwehrmannes tats\u00e4chlich beobachtet hat &#8230;&#8220;<\/em><\/p>\n<p><strong>FilmFestSpecial: <\/strong><em>&#8222;Die St\u00e4rke des Films ist, dass er die Kinder ganz im Blick hat, sie spielen und nicht S\u00e4tze aufsagen l\u00e4sst.&#8220;<\/em><\/p>\n<p><strong>HR2:<\/strong> <em>\u201eMein pers\u00f6nlicher Favorit ist der Erstlingsfilm von Joya Thome. Ein wunderbar einf\u00fchlsamer Film.\u201c<\/em><\/p>\n<p><strong>Kinderfilmblog:<\/strong> <em>&#8222;Der sch\u00f6nste, beste deutsche Kinderfilm seit langem.&#8220;<\/em><\/p>\n<p><strong>Neue Osnabr\u00fccker Zeitung:<\/strong><em> \u201eDer tolle Kinderfilm \u201e<strong>K\u00f6nigin von Niendorf<\/strong>\u201c verzaubert als eine Art Sommerm\u00e4rchen einer irgendwie aus der Zeit gefallenen Landidylle, in der sich eine Coming-of-Age-Geschichte um den zaghaften \u00dcbergang von der Kindheit in die Jugend abspielt.\u201c<\/em><\/p>\n<p><strong>SR1 Filmtipp:<\/strong> <em>&#8222;Das Ganze ist richtig toll gespielt, unterhaltsam aber zwischendrin auch durchaus ernsthaft. Ich bin mir sicher, auch Erwachsene werden diesen Film ganz zauberhaft finden.\u201c<\/em><\/p>\n<p><strong>S\u00fcddeutsche Zeitung:<\/strong> <em>&#8222;K\u00f6nigin von Niendorf&#8220; ist nicht nur ein Film f\u00fcr Kinder. Thome trifft damit auch Erwachsene, die sich an Baumhaus-Abenteuer und Chupa Chups erinnern &#8211; und nicht vergessen haben, dass die Welt einmal zu klein f\u00fcr ihre Sehns\u00fcchte war.\u201c<\/em><\/p>\n<p><strong>Tagesschau24:<\/strong> <em>\u201eDie K\u00f6nigin von Niendorf ist nicht nur f\u00fcr Kinder sehenswert, sondern auch f\u00fcr Erwachsene die sich von einer Kindheit auf dem Land begeistern lassen.\u201c<\/em><\/p>\n<p><strong>Tip Berlin:<\/strong> <em>\u201eDieses fein ausgelotete Spannungsfeld macht den Film auch f\u00fcr Erwachsene h\u00f6chst sehenswert. Kinder haben indes gro\u00dfen Spa\u00df an den Abenteuern einer Jugend auf dem Land.\u201c<\/em><\/p>\n<p><strong>Welt am Sonntag Kompakt:<\/strong> <em>\u201eDie <strong>K\u00f6nigin von Niendorf<\/strong> verzaubert auch das erwachsene Publikum.\u201c<\/em>[\/vc_column_text][\/vc_column][\/vc_row][vc_row][vc_column][vc_video link=&#8220;https:\/\/www.youtube.com\/watch?v=1qsFq1Y5lTg&amp;t=16s&#8220; title=&#8220;K\u00f6nigin von Niendorf (Trailer)&#8220;][\/vc_column][\/vc_row][vc_row][vc_column][vc_column_text]<em><span style=\"color: #808080; font-size: 10pt;\">Der Banner zum Artikel (oben) zeigt das &#8222;<strong>K\u00f6nigin von Niendorf Team&#8220;<\/strong> beim Kinostart im <strong>City Kino Wedding<\/strong>.<\/span><\/em>[\/vc_column_text][\/vc_column][\/vc_row]<\/p>\n<\/div>","protected":false},"excerpt":{"rendered":"<p>[vc_row][vc_column][vc_column_text]Am Donnerstag den 15. Februar 2018 startete der Familienfilm &#8222;K\u00f6nigin von Niendorf&#8220; (Darling Berlin) bundesweit in den Kinos. Nachfolgend einige Stimmen aus dem Presseecho zum Film: 3sat: \u201eGanz nebenbei wird hier ein Star geboren.\u201c Artechock M\u00fcnchen: \u201eBerliner Schule f\u00fcr Kinder? Das soll gehen? Ich verspreche es und bitte jeden, der Zweifel hegen sollte, es auszu\u00adpro\u00adbieren;&hellip;<\/p>\n","protected":false},"author":2,"featured_media":10840,"comment_status":"closed","ping_status":"closed","sticky":false,"template":"","format":"standard","meta":{"_acf_changed":false,"footnotes":""},"categories":[830,8,10,13,752],"tags":[2498,2261,2572,2757,2266,2284,2285,2286,2650,2319],"class_list":["post-10838","post","type-post","status-publish","format-standard","has-post-thumbnail","hentry","category-darling-berlin","category-film","category-kino","category-news","category-verleih","tag-achtung-berlin","tag-berlin","tag-berlinale","tag-berlinale-2018","tag-darling-berlin","tag-joya-thome","tag-koenigin-von-niendorf","tag-lisa-moell","tag-niendorf","tag-queen-of-niendorf","category-830","category-8","category-10","category-13","category-752","description-off"],"acf":[],"yoast_head":"<!-- This site is optimized with the Yoast SEO plugin v27.5 - https:\/\/yoast.com\/product\/yoast-seo-wordpress\/ -->\n<title>Presseecho zum Kinostart &quot;K\u00f6nigin von Niendorf&quot; - UCM.ONE<\/title>\n<meta name=\"robots\" content=\"index, follow, max-snippet:-1, max-image-preview:large, max-video-preview:-1\" \/>\n<link rel=\"canonical\" href=\"https:\/\/ucm.one\/de\/presseecho-zum-kinostart-koenigin-von-niendorf\/\" \/>\n<meta property=\"og:locale\" content=\"de_DE\" \/>\n<meta property=\"og:type\" content=\"article\" \/>\n<meta property=\"og:title\" content=\"Presseecho zum Kinostart &quot;K\u00f6nigin von Niendorf&quot; - UCM.ONE\" \/>\n<meta property=\"og:description\" content=\"[vc_row][vc_column][vc_column_text]Am Donnerstag den 15. Februar 2018 startete der Familienfilm &#8222;K\u00f6nigin von Niendorf&#8220; (Darling Berlin) bundesweit in den Kinos. Nachfolgend einige Stimmen aus dem Presseecho zum Film: 3sat: \u201eGanz nebenbei wird hier ein Star geboren.\u201c Artechock M\u00fcnchen: \u201eBerliner Schule f\u00fcr Kinder? Das soll gehen? Ich verspreche es und bitte jeden, der Zweifel hegen sollte, es auszu\u00adpro\u00adbieren;&hellip;\" \/>\n<meta property=\"og:url\" content=\"https:\/\/ucm.one\/de\/presseecho-zum-kinostart-koenigin-von-niendorf\/\" \/>\n<meta property=\"og:site_name\" content=\"UCM.ONE\" \/>\n<meta property=\"article:published_time\" content=\"2018-02-21T17:38:39+00:00\" \/>\n<meta property=\"article:modified_time\" content=\"2018-08-17T10:20:30+00:00\" \/>\n<meta property=\"og:image\" content=\"https:\/\/ucm.one\/wp-content\/uploads\/2018\/02\/B-Premiere-KvN-1.jpg\" \/>\n\t<meta property=\"og:image:width\" content=\"1918\" \/>\n\t<meta property=\"og:image:height\" content=\"600\" \/>\n\t<meta property=\"og:image:type\" content=\"image\/jpeg\" \/>\n<meta name=\"author\" content=\"Joachim Keil\" \/>\n<meta name=\"twitter:card\" content=\"summary_large_image\" \/>\n<meta name=\"twitter:label1\" content=\"Verfasst von\" \/>\n\t<meta name=\"twitter:data1\" content=\"Joachim Keil\" \/>\n\t<meta name=\"twitter:label2\" content=\"Gesch\u00e4tzte Lesezeit\" \/>\n\t<meta name=\"twitter:data2\" content=\"3\u00a0Minuten\" \/>\n<!-- \/ Yoast SEO plugin. -->","yoast_head_json":{"title":"Presseecho zum Kinostart \"K\u00f6nigin von Niendorf\" - UCM.ONE","robots":{"index":"index","follow":"follow","max-snippet":"max-snippet:-1","max-image-preview":"max-image-preview:large","max-video-preview":"max-video-preview:-1"},"canonical":"https:\/\/ucm.one\/de\/presseecho-zum-kinostart-koenigin-von-niendorf\/","og_locale":"de_DE","og_type":"article","og_title":"Presseecho zum Kinostart \"K\u00f6nigin von Niendorf\" - UCM.ONE","og_description":"[vc_row][vc_column][vc_column_text]Am Donnerstag den 15. Februar 2018 startete der Familienfilm &#8222;K\u00f6nigin von Niendorf&#8220; (Darling Berlin) bundesweit in den Kinos. Nachfolgend einige Stimmen aus dem Presseecho zum Film: 3sat: \u201eGanz nebenbei wird hier ein Star geboren.\u201c Artechock M\u00fcnchen: \u201eBerliner Schule f\u00fcr Kinder? Das soll gehen? Ich verspreche es und bitte jeden, der Zweifel hegen sollte, es auszu\u00adpro\u00adbieren;&hellip;","og_url":"https:\/\/ucm.one\/de\/presseecho-zum-kinostart-koenigin-von-niendorf\/","og_site_name":"UCM.ONE","article_published_time":"2018-02-21T17:38:39+00:00","article_modified_time":"2018-08-17T10:20:30+00:00","og_image":[{"width":1918,"height":600,"url":"https:\/\/ucm.one\/wp-content\/uploads\/2018\/02\/B-Premiere-KvN-1.jpg","type":"image\/jpeg"}],"author":"Joachim Keil","twitter_card":"summary_large_image","twitter_misc":{"Verfasst von":"Joachim Keil","Gesch\u00e4tzte Lesezeit":"3\u00a0Minuten"},"schema":{"@context":"https:\/\/schema.org","@graph":[{"@type":"Article","@id":"https:\/\/ucm.one\/de\/presseecho-zum-kinostart-koenigin-von-niendorf\/#article","isPartOf":{"@id":"https:\/\/ucm.one\/de\/presseecho-zum-kinostart-koenigin-von-niendorf\/"},"author":{"name":"Joachim Keil","@id":"https:\/\/ucm.one\/de\/#\/schema\/person\/4b959e467e8acc058836467a0ef8fa50"},"headline":"Presseecho zum Kinostart &#8222;K\u00f6nigin von Niendorf&#8220;","datePublished":"2018-02-21T17:38:39+00:00","dateModified":"2018-08-17T10:20:30+00:00","mainEntityOfPage":{"@id":"https:\/\/ucm.one\/de\/presseecho-zum-kinostart-koenigin-von-niendorf\/"},"wordCount":673,"publisher":{"@id":"https:\/\/ucm.one\/de\/#organization"},"image":{"@id":"https:\/\/ucm.one\/de\/presseecho-zum-kinostart-koenigin-von-niendorf\/#primaryimage"},"thumbnailUrl":"https:\/\/ucm.one\/wp-content\/uploads\/2018\/02\/B-Premiere-KvN-1.jpg","keywords":["achtung berlin","Berlin","Berlinale","Berlinale 2018","Darling Berlin","Joya Thome","K\u00f6nigin von Niendorf","Lisa Moell","Niendorf","Queen of Niendorf"],"articleSection":["Darling Berlin","Film","Kino","News","Verleih"],"inLanguage":"de"},{"@type":"WebPage","@id":"https:\/\/ucm.one\/de\/presseecho-zum-kinostart-koenigin-von-niendorf\/","url":"https:\/\/ucm.one\/de\/presseecho-zum-kinostart-koenigin-von-niendorf\/","name":"Presseecho zum Kinostart \"K\u00f6nigin von Niendorf\" - UCM.ONE","isPartOf":{"@id":"https:\/\/ucm.one\/de\/#website"},"primaryImageOfPage":{"@id":"https:\/\/ucm.one\/de\/presseecho-zum-kinostart-koenigin-von-niendorf\/#primaryimage"},"image":{"@id":"https:\/\/ucm.one\/de\/presseecho-zum-kinostart-koenigin-von-niendorf\/#primaryimage"},"thumbnailUrl":"https:\/\/ucm.one\/wp-content\/uploads\/2018\/02\/B-Premiere-KvN-1.jpg","datePublished":"2018-02-21T17:38:39+00:00","dateModified":"2018-08-17T10:20:30+00:00","breadcrumb":{"@id":"https:\/\/ucm.one\/de\/presseecho-zum-kinostart-koenigin-von-niendorf\/#breadcrumb"},"inLanguage":"de","potentialAction":[{"@type":"ReadAction","target":["https:\/\/ucm.one\/de\/presseecho-zum-kinostart-koenigin-von-niendorf\/"]}]},{"@type":"ImageObject","inLanguage":"de","@id":"https:\/\/ucm.one\/de\/presseecho-zum-kinostart-koenigin-von-niendorf\/#primaryimage","url":"https:\/\/ucm.one\/wp-content\/uploads\/2018\/02\/B-Premiere-KvN-1.jpg","contentUrl":"https:\/\/ucm.one\/wp-content\/uploads\/2018\/02\/B-Premiere-KvN-1.jpg","width":1918,"height":600},{"@type":"BreadcrumbList","@id":"https:\/\/ucm.one\/de\/presseecho-zum-kinostart-koenigin-von-niendorf\/#breadcrumb","itemListElement":[{"@type":"ListItem","position":1,"name":"Home","item":"https:\/\/ucm.one\/de\/"},{"@type":"ListItem","position":2,"name":"Presseecho zum Kinostart &#8220;K\u00f6nigin von Niendorf&#8221;"}]},{"@type":"WebSite","@id":"https:\/\/ucm.one\/de\/#website","url":"https:\/\/ucm.one\/de\/","name":"UCM.ONE","description":"","publisher":{"@id":"https:\/\/ucm.one\/de\/#organization"},"potentialAction":[{"@type":"SearchAction","target":{"@type":"EntryPoint","urlTemplate":"https:\/\/ucm.one\/de\/?s={search_term_string}"},"query-input":{"@type":"PropertyValueSpecification","valueRequired":true,"valueName":"search_term_string"}}],"inLanguage":"de"},{"@type":"Organization","@id":"https:\/\/ucm.one\/de\/#organization","name":"UCM.ONE","url":"https:\/\/ucm.one\/de\/","logo":{"@type":"ImageObject","inLanguage":"de","@id":"https:\/\/ucm.one\/de\/#\/schema\/logo\/image\/","url":"https:\/\/ucm.one\/wp-content\/uploads\/2019\/10\/UCM.ONE-Logo-RGB.svg","contentUrl":"https:\/\/ucm.one\/wp-content\/uploads\/2019\/10\/UCM.ONE-Logo-RGB.svg","width":1,"height":1,"caption":"UCM.ONE"},"image":{"@id":"https:\/\/ucm.one\/de\/#\/schema\/logo\/image\/"}},{"@type":"Person","@id":"https:\/\/ucm.one\/de\/#\/schema\/person\/4b959e467e8acc058836467a0ef8fa50","name":"Joachim Keil","image":{"@type":"ImageObject","inLanguage":"de","@id":"https:\/\/secure.gravatar.com\/avatar\/10e1dfd05f2a7a7bc83cd44bae31e01c8ac15f974229211a2b1a49fa0a22fec0?s=96&d=mm&r=g","url":"https:\/\/secure.gravatar.com\/avatar\/10e1dfd05f2a7a7bc83cd44bae31e01c8ac15f974229211a2b1a49fa0a22fec0?s=96&d=mm&r=g","contentUrl":"https:\/\/secure.gravatar.com\/avatar\/10e1dfd05f2a7a7bc83cd44bae31e01c8ac15f974229211a2b1a49fa0a22fec0?s=96&d=mm&r=g","caption":"Joachim Keil"},"sameAs":["https:\/\/ucm.one"]}]}},"_links":{"self":[{"href":"https:\/\/ucm.one\/de\/wp-json\/wp\/v2\/posts\/10838","targetHints":{"allow":["GET"]}}],"collection":[{"href":"https:\/\/ucm.one\/de\/wp-json\/wp\/v2\/posts"}],"about":[{"href":"https:\/\/ucm.one\/de\/wp-json\/wp\/v2\/types\/post"}],"author":[{"embeddable":true,"href":"https:\/\/ucm.one\/de\/wp-json\/wp\/v2\/users\/2"}],"replies":[{"embeddable":true,"href":"https:\/\/ucm.one\/de\/wp-json\/wp\/v2\/comments?post=10838"}],"version-history":[{"count":0,"href":"https:\/\/ucm.one\/de\/wp-json\/wp\/v2\/posts\/10838\/revisions"}],"wp:featuredmedia":[{"embeddable":true,"href":"https:\/\/ucm.one\/de\/wp-json\/wp\/v2\/media\/10840"}],"wp:attachment":[{"href":"https:\/\/ucm.one\/de\/wp-json\/wp\/v2\/media?parent=10838"}],"wp:term":[{"taxonomy":"category","embeddable":true,"href":"https:\/\/ucm.one\/de\/wp-json\/wp\/v2\/categories?post=10838"},{"taxonomy":"post_tag","embeddable":true,"href":"https:\/\/ucm.one\/de\/wp-json\/wp\/v2\/tags?post=10838"}],"curies":[{"name":"wp","href":"https:\/\/api.w.org\/{rel}","templated":true}]}}