{"id":106695,"date":"2024-09-12T22:27:58","date_gmt":"2024-09-12T22:27:58","guid":{"rendered":"https:\/\/ucm.one\/?p=106695"},"modified":"2024-09-12T22:35:37","modified_gmt":"2024-09-12T22:35:37","slug":"rock-n-roll-ringo-rockt-jetzt-berlin","status":"publish","type":"post","link":"https:\/\/ucm.one\/de\/rock-n-roll-ringo-rockt-jetzt-berlin\/","title":{"rendered":"\ud83c\udfac  Rock \u2019n\u2019 Roll Ringo rockt jetzt Berlin"},"content":{"rendered":"<div class=\"wpb-content-wrapper\"><p>[vc_row][vc_column][vc_column_text css=&#8220;&#8220;]Nach der Weltpremiere in der <strong>Filmwelt Herne<\/strong>, dem Kinostart in Deutschland und einer erfolgreichen, ausverkauften Kinotour durch NRW schl\u00e4gt jetzt der neue Film von <strong>Dominik Galizia<\/strong>, \u201e<strong>Rock \u2019n\u2019 Roll Ringo<\/strong>\u201c, auch in Berlin voll ein.[\/vc_column_text][vc_column_text css=&#8220;&#8220;]<\/p>\n<p style=\"font-weight: 400;\">Am Mittwochabend war Kino 1 des <strong>Alhambra-Kinos<\/strong> im Wedding ausverkauft, woraufhin spontan eine Zusatzvorstellung 15 Minuten sp\u00e4ter im neuen Luxussaal des <strong>Cineplex<\/strong>-Kinos an der M\u00fcllerstra\u00dfe organisiert wurde. Heute, am Donnerstag, ist das Team um Hauptdarsteller <strong>Martin &#8222;Heiko&#8220; Rohde<\/strong> zu Gast im <strong>Freiluftkino Hasenheide<\/strong> mit 800 Pl\u00e4tzen in Neuk\u00f6lln, wo es nur noch wenige Tickets an der Abendkasse geben wird. Trotz des kalten Wetters haben nur wenige ihre Tickets zur\u00fcckgegeben, die sofort wieder verkauft wurden. Auf Instagram organisieren die Fans Decken, Sitzkissen und planen,bei 16 Grad \u201eenger zusammenzur\u00fccken\u201c.<\/p>\n<p>[\/vc_column_text][\/vc_column][\/vc_row][vc_row][vc_column width=&#8220;1\/2&#8243;][vc_single_image image=&#8220;106696&#8243; img_size=&#8220;full&#8220; onclick=&#8220;link_image&#8220; css=&#8220;&#8220;][\/vc_column][vc_column width=&#8220;1\/2&#8243;][vc_single_image image=&#8220;106698&#8243; img_size=&#8220;full&#8220; onclick=&#8220;link_image&#8220; css=&#8220;&#8220;][\/vc_column][\/vc_row][vc_row][vc_column][vc_column_text css=&#8220;&#8220;]<\/p>\n<p style=\"font-weight: 400;\">\u201e<strong>Rock \u2019n\u2019 Roll Ringo<\/strong>\u201c ist der Nachfolger von \u201e<strong>Heikos Welt<\/strong>\u201c, der im Berliner Wedding spielte. Diesmal tauscht <strong>Martin Rohde<\/strong> die Rolle des Weddinger Heiko gegen die des Ger\u00fcstbauers Ringo aus Herne im Ruhrpott ein. Nachdem er seinen Job verloren hat, heuert Ringo auf der Kirmes als Boxer an, um mit den Preisgeldern den Lebenstraum seiner Tochter zu erf\u00fcllen. Der Antiheld ger\u00e4t jedoch immer tiefer ins Ungl\u00fcck &#8230; \u201e<strong>Rock \u2019n\u2019 Roll Ringo<\/strong>\u201c l\u00e4uft weiter in Berlin, unter anderem im <strong>City Kino Wedding<\/strong>, dem <strong>Filmrauschpalast<\/strong>, im <strong>Yorck Kino Passage Neuk\u00f6lln<\/strong>, im <strong>Ladenkino<\/strong>, <strong>Kino Zukunft<\/strong>, <strong>Tilsiter<\/strong> und im <strong>Cineplex Titania Steglitz<\/strong> sowie im <strong>ALA Cineplex<\/strong> vor den Toren Berlins in Falkensee.<\/p>\n<p>[\/vc_column_text][vc_column_text css=&#8220;&#8220;]<\/p>\n<p style=\"font-weight: 400;\">N\u00e4chste Woche setzt Regisseur <strong>Dominik Galizia<\/strong> die Kinotour mit dem dritten Teil fort. Er macht Station im <strong>Broadway-Kino<\/strong> in seiner Heimatstadt Trier. Danach folgen Augsburg, M\u00fcnchen und Leipzig.<\/p>\n<p>[\/vc_column_text][\/vc_column][\/vc_row][vc_row][vc_column width=&#8220;3\/4&#8243;][vc_column_text css=&#8220;&#8220;]<span style=\"font-size: 14pt;\"><strong><span style=\"font-family: Arial;\">Inhalt<\/span><\/strong><\/span><\/p>\n<p><span style=\"font-family: Arial;\">Ringo Fleisch (33), Ger\u00fcstbauer aus Herne, steigt eines Tages angetrunken auf ein Ger\u00fcst und verletzt bei einem Unfall einen Kollegen. Er verliert seinen Job. Frustriert heuert er als Monteur auf einer Kirmes an, die in Crange gastiert. Die bunten Lichter, der Tumult des Kirmeslebens und die schr\u00e4gen Typen faszinieren ihn und bieten ihm ein neues Zuhause. Er geht mit auf Tour und l\u00e4sst seine geh\u00f6rlose Tochter Mia (12) bei seiner Mutter zur\u00fcck. Zum ersten Mal verl\u00e4sst Ringo Crange, ohne zu wissen, wann er zur\u00fcckkehren wird.<\/span><\/p>\n<p><span style=\"font-family: Arial;\">Auf der Kirmes trifft Ringo auf den Boxbudenchef Fr\u00e4nkie, der von Ringos Statur begeistert ist und ihn \u00fcberredet, in seiner Bude als Preisboxer zu k\u00e4mpfen. Ringo ist skeptisch, l\u00e4sst sich aber \u00fcberreden. Fr\u00e4nkie wird sein Mentor und lockt ihn mit schnellem Geld, einem adrenalingeladenen Leben und einem Starstatus auf der Kirmes. Er verpasst ihm den Kampfnamen <em>&#8222;Rock &#8217;n&#8216; Roll Ringo&#8220;<\/em>. Von Kampf zu Kampf taucht Ringo tiefer in die Kirmesfamilie ein. Der Gro\u00dfe Hainz, ein Pantomime, wird zu seinem loyalen Kompagnon.<\/span><\/p>\n<p><span style=\"font-family: Arial;\">Durch Jenny vom Autoscooter lernt er das schnelle Leben der Kirmes kennen, auch wenn er immer wieder mit ihrem Bruder Mirko aneinanderger\u00e4t. Jenny und Ringo entwickeln eine wilde Freundschaft, eine Mischung aus Zuneigung und gegenseitigem Nutzen. Doch Ringo treibt ein anderes Ziel an: Am Ende der Kirmessaison will er mit seiner Tochter Mia auf einem Kaj\u00fctenboot zur Nordsee segeln. Um den Traum seiner Tochter zu erf\u00fcllen, l\u00e4sst sich Ringo immer tiefer auf das Kirmesleben ein, am Ende macht er sogar bei einem Raub mit. Der Film endet tragisch, obwohl der Traum Wirklichkeit wird.<\/span>[\/vc_column_text][\/vc_column][vc_column width=&#8220;1\/4&#8243;][vc_single_image image=&#8220;101697&#8243; img_size=&#8220;full&#8220; onclick=&#8220;link_image&#8220; css=&#8220;&#8220;][\/vc_column][\/vc_row][vc_row][vc_column][vc_separator][vc_video link=&#8220;https:\/\/youtu.be\/7TRZIlN9OvY&#8220; css=&#8220;&#8220; title=&#8220;Rock &#8217;n&#8216; Roll Ringo | Trailer \u1d34\u1d30&#8220;][\/vc_column][\/vc_row][vc_row][vc_column][vc_empty_space height=&#8220;15px&#8220;][vc_column_text css=&#8220;.vc_custom_1726180354299{margin-bottom: 7px !important;}&#8220;]<span style=\"font-family: Arial; font-size: 12pt;\">Hier kann &#8222;<strong>Rock &#8217;n&#8216; Roll Ringo<\/strong>&#8220; u.a. ab heute (in der zweiten Woche) gesehen werden:<\/span>[\/vc_column_text][vc_empty_space height=&#8220;-7px&#8220;][vc_row_inner css=&#8220;.vc_custom_1652177293014{border-top-width: 5px !important;border-bottom-width: 5px !important;background-color: #efefef !important;border-radius: 5px !important;}&#8220;][vc_column_inner width=&#8220;1\/2&#8243;][vc_column_text css=&#8220;.vc_custom_1726180137111{margin-right: 5px !important;margin-bottom: -25px !important;margin-left: 5px !important;padding-top: 12px !important;padding-bottom: 12px !important;}&#8220;]<\/p>\n<table style=\"border-collapse: collapse; width: 100.222865%; height: 324px;\">\n<tbody>\n<tr style=\"height: 22px;\">\n<td style=\"width: 35.459681%; height: 22px;\"><strong>Augsburg:<br \/>\n<\/strong><\/td>\n<td style=\"width: 5321.602092%; height: 22px;\">Liliom<\/td>\n<\/tr>\n<tr style=\"height: 20px;\">\n<td style=\"height: 151px; width: 35.459681%; vertical-align: top;\" rowspan=\"10\" scope=\"col\"><strong>Berlin:<\/strong><br \/>\n<strong><br \/>\n<\/strong><strong><br \/>\n<\/strong><\/td>\n<td style=\"width: 5321.602092%; height: 10px;\">Kino Zukunft<\/td>\n<\/tr>\n<tr style=\"height: 20px;\">\n<td style=\"width: 5321.602092%; height: 10px;\">Ladenkino B-ware<\/td>\n<\/tr>\n<tr style=\"height: 20px;\">\n<td style=\"width: 5321.602092%; height: 10px;\">Tilsiter Lichtspiele<\/td>\n<\/tr>\n<tr style=\"height: 20px;\">\n<td style=\"width: 5321.602092%; height: 10px;\">Filmrauschpalast<\/td>\n<\/tr>\n<tr style=\"height: 20px;\">\n<td style=\"width: 5321.602092%; height: 10px;\">Freiluftkino Hasenheide<\/td>\n<\/tr>\n<tr style=\"height: 22px;\">\n<td style=\"width: 5321.602092%; height: 22px;\">City Kino Wedding<\/td>\n<\/tr>\n<tr style=\"height: 20px;\">\n<td style=\"width: 5321.602092%; height: 22px;\">Sputnik am S\u00fcdstern<\/td>\n<\/tr>\n<tr style=\"height: 20px;\">\n<td style=\"width: 5321.602092%; height: 25px;\">Cineplex Alhambra<\/td>\n<\/tr>\n<tr style=\"height: 20px;\">\n<td style=\"width: 5321.602092%; height: 10px;\">Cineplex Steglitz<\/td>\n<\/tr>\n<tr style=\"height: 22px;\">\n<td style=\"width: 5321.602092%; height: 22px;\">Cineplex Spandau<\/td>\n<\/tr>\n<tr style=\"height: 22px;\">\n<td style=\"width: 35.459681%; vertical-align: top; height: 22px;\"><strong>Brandenburg:<\/strong><\/td>\n<td style=\"width: 5321.602092%; height: 22px;\">Cinemotion<\/td>\n<\/tr>\n<tr style=\"height: 21px;\">\n<td style=\"width: 35.459681%; vertical-align: top; height: 43px;\" rowspan=\"2\"><strong>Dortmund:<\/strong><br \/>\n<strong><br \/>\n<\/strong><\/td>\n<td style=\"width: 5321.602092%; height: 21px;\">Schauburg<\/td>\n<\/tr>\n<tr style=\"height: 22px;\">\n<td style=\"width: 5321.602092%; height: 22px;\">Filmb\u00fchne<\/td>\n<\/tr>\n<tr style=\"height: 22px;\">\n<td style=\"width: 35.459681%; vertical-align: top; height: 22px;\"><strong>Dresden:<\/strong><\/td>\n<td style=\"width: 5321.602092%; height: 22px;\">Schauburg<\/td>\n<\/tr>\n<tr style=\"height: 22px;\">\n<td style=\"width: 35.459681%; vertical-align: top; height: 10px;\"><strong>D\u00fcsseldorf:<\/strong><strong><br \/>\n<\/strong><\/td>\n<td style=\"width: 5321.602092%; height: 10px; vertical-align: top;\">Metropol<\/td>\n<\/tr>\n<tr style=\"height: 22px;\">\n<td style=\"width: 35.459681%; vertical-align: top; height: 22px;\"><strong>Falkensee:<\/strong><\/td>\n<td style=\"width: 5321.602092%; vertical-align: top; height: 22px;\">Cineplex ALA<\/td>\n<\/tr>\n<tr>\n<td style=\"width: 35.459681%; vertical-align: top;\"><strong>Halle:<\/strong><\/td>\n<td style=\"width: 5321.602092%; vertical-align: top;\">Luchskino<\/td>\n<\/tr>\n<tr style=\"height: 20px;\">\n<td style=\"height: 10px; width: 35.459681%;\" scope=\"col\"><strong>Hamburg:<\/strong><\/td>\n<td style=\"width: 5321.602092%; height: 10px;\">Studio Kino<\/td>\n<\/tr>\n<\/tbody>\n<\/table>\n<p>[\/vc_column_text][\/vc_column_inner][vc_column_inner width=&#8220;1\/2&#8243;][vc_column_text css=&#8220;.vc_custom_1726180172483{margin-right: 5px !important;margin-bottom: -2px !important;margin-left: 5px !important;padding-top: 12px !important;padding-bottom: 12px !important;}&#8220;]<\/p>\n<table style=\"border-collapse: collapse; width: 100.222865%; height: 140px;\">\n<tbody>\n<tr style=\"height: 20px;\">\n<td style=\"height: 10px; width: 35.459681%;\" scope=\"col\"><strong>Hann M\u00fcnden:<\/strong><\/td>\n<td style=\"width: 5321.602092%; height: 10px;\">Capitol<\/td>\n<\/tr>\n<tr style=\"height: 22px;\">\n<td style=\"width: 35.459681%; height: 22px;\"><strong>Heidelberg:<br \/>\n<\/strong><\/td>\n<td style=\"width: 5321.602092%; height: 22px;\">Karlstorkino<\/td>\n<\/tr>\n<tr style=\"height: 22px;\">\n<td style=\"width: 35.459681%; vertical-align: top; height: 22px;\"><strong>Herne:<\/strong><\/td>\n<td style=\"width: 5321.602092%; height: 22px;\">Filmwelt<\/td>\n<\/tr>\n<tr style=\"height: 22px;\">\n<td style=\"width: 35.459681%; vertical-align: top; height: 22px;\"><strong>Jena:<\/strong><\/td>\n<td style=\"width: 5321.602092%; height: 22px;\">Kino am Markt<\/td>\n<\/tr>\n<tr style=\"height: 21px;\">\n<td style=\"width: 35.459681%; vertical-align: top; height: 10px;\"><strong>Kassel:<\/strong><strong><br \/>\n<\/strong><\/td>\n<td style=\"width: 5321.602092%; height: 10px;\">Filmladen<\/td>\n<\/tr>\n<tr style=\"height: 22px;\">\n<td style=\"width: 35.459681%; vertical-align: top; height: 22px;\" rowspan=\"2\"><strong>K\u00f6ln:<\/strong><br \/>\n<strong>\u00a0<\/strong><\/td>\n<td style=\"width: 5321.602092%; height: 22px;\">Cinedom<\/td>\n<\/tr>\n<tr style=\"height: 22px;\">\n<td style=\"width: 5321.602092%; height: 10px; vertical-align: top;\">Filmpalette<\/td>\n<\/tr>\n<tr style=\"height: 22px;\">\n<td style=\"width: 35.459681%; vertical-align: top; height: 22px;\"><strong>Kornwestheim:<\/strong><\/td>\n<td style=\"width: 5321.602092%; vertical-align: top; height: 22px;\">Capitol Lichtspiele<\/td>\n<\/tr>\n<tr>\n<td style=\"width: 35.459681%; vertical-align: top;\" rowspan=\"2\"><strong>Leipzig:<\/strong><\/td>\n<td style=\"width: 5321.602092%; vertical-align: top;\">Cineplex<\/td>\n<\/tr>\n<tr>\n<td style=\"width: 5321.602092%; vertical-align: top;\">Luru<\/td>\n<\/tr>\n<tr>\n<td style=\"width: 35.459681%; vertical-align: top;\"><strong>L\u00fcbeck:<\/strong><\/td>\n<td style=\"width: 5321.602092%; vertical-align: top;\">Koki<\/td>\n<\/tr>\n<tr>\n<td style=\"width: 35.459681%; vertical-align: top;\"><strong>L\u00fcdenscheid:<\/strong><\/td>\n<td style=\"width: 5321.602092%; vertical-align: top;\">Parktheater<\/td>\n<\/tr>\n<tr>\n<td style=\"width: 35.459681%; vertical-align: top;\"><strong>M\u00fcnchen:<\/strong><\/td>\n<td style=\"width: 5321.602092%; vertical-align: top;\">Leopold Kinos<\/td>\n<\/tr>\n<tr>\n<td style=\"width: 35.459681%; vertical-align: top;\"><strong>M\u00fcnster:<\/strong><\/td>\n<td style=\"width: 5321.602092%; vertical-align: top;\">Cinema Kurbelkiste<\/td>\n<\/tr>\n<tr>\n<td style=\"width: 35.459681%; vertical-align: top;\"><strong>Orianienburg:<\/strong><\/td>\n<td style=\"width: 5321.602092%; vertical-align: top;\">Cinemotion Kino<\/td>\n<\/tr>\n<tr>\n<td style=\"width: 35.459681%; vertical-align: top;\"><strong>Preetz:<\/strong><\/td>\n<td style=\"width: 5321.602092%; vertical-align: top;\">Capitol<\/td>\n<\/tr>\n<tr>\n<td style=\"width: 35.459681%; vertical-align: top;\"><strong>Saarbr\u00fccken:<\/strong><\/td>\n<td style=\"width: 5321.602092%; vertical-align: top;\">Filmhaus<\/td>\n<\/tr>\n<tr>\n<td style=\"width: 35.459681%; vertical-align: top;\"><strong>Trier:<\/strong><\/td>\n<td style=\"width: 5321.602092%; vertical-align: top;\">Broadway<\/td>\n<\/tr>\n<\/tbody>\n<\/table>\n<p>[\/vc_column_text][vc_empty_space height=&#8220;20px&#8220;][vc_column_text css=&#8220;.vc_custom_1725620333308{border-bottom-width: 15px !important;border-left-width: 5px !important;padding-right: 5px !important;background-color: #efefef !important;}&#8220;]<span style=\"font-family: Arial;\">Weitere Vorstellungen und Links zu den Kinos: <\/span><span style=\"font-family: Arial;\"><a href=\"https:\/\/www.kino-zeit.de\/kinoprogramm\/film\/60198-rock-n-roll-ringo-2024\" target=\"_blank\" rel=\"noopener\">www.kino-zeit.de<\/a><\/span>[\/vc_column_text][\/vc_column_inner][\/vc_row_inner][vc_empty_space][\/vc_column][\/vc_row][vc_row][vc_column width=&#8220;1\/2&#8243;][vc_column_text css=&#8220;&#8220;]Weitere Informationen \u00fcber den Film: <a title=\"Heikos Welt (2021) von Dominik Galizia | Darling Berlin\" href=\"https:\/\/ucm.one\/de\/rock-n-roll-ringo\/\">Rock &#8217;n&#8216; Roll Ringo<\/a>[\/vc_column_text][\/vc_column][vc_column width=&#8220;1\/2&#8243;][vc_column_text css=&#8220;&#8220;]Weitere Informationen \u00fcber das Filmlabel: <a title=\"Darling Berlin\" href=\"https:\/\/ucm.one\/de\/film-labels\/artkeim\">Artkeim\u00b2<\/a>[\/vc_column_text][\/vc_column][\/vc_row]<\/p>\n<\/div>","protected":false},"excerpt":{"rendered":"<p>[vc_row][vc_column][vc_column_text css=&#8220;&#8220;]Nach der Weltpremiere in der Filmwelt Herne, dem Kinostart in Deutschland und einer erfolgreichen, ausverkauften Kinotour durch NRW schl\u00e4gt jetzt der neue Film von Dominik Galizia, \u201eRock \u2019n\u2019 Roll Ringo\u201c, auch in Berlin voll ein.[\/vc_column_text][vc_column_text css=&#8220;&#8220;] Am Mittwochabend war Kino 1 des Alhambra-Kinos im Wedding ausverkauft, woraufhin spontan eine Zusatzvorstellung 15 Minuten sp\u00e4ter im&hellip;<\/p>\n","protected":false},"author":2,"featured_media":106702,"comment_status":"closed","ping_status":"closed","sticky":false,"template":"","format":"standard","meta":{"_acf_changed":false,"footnotes":""},"categories":[828,8,10,13,752,7528],"tags":[18084,12507,18085,18086,18096,11434,18095,11433,11427,16538,16540,16536,18083,17348,2511,16535],"class_list":["post-106695","post","type-post","status-publish","format-standard","has-post-thumbnail","hentry","category-artkeim","category-film","category-kino","category-news","category-verleih","category-weltvertrieb","tag-alexander-schoeller","tag-artheim","tag-asp","tag-charly-schultz","tag-cineplex","tag-dominik-galizia","tag-freiluftkino-hasenheide","tag-heiko","tag-heikos-welt","tag-larissa-sirah-herden","tag-margarethe-tiesel","tag-martin-rohde","tag-massuda-kassem","tag-mutter-vater","tag-peter-trabner","tag-rock-n-roll-ringo","category-828","category-8","category-10","category-13","category-752","category-7528","description-off"],"acf":[],"yoast_head":"<!-- This site is optimized with the Yoast SEO plugin v27.5 - https:\/\/yoast.com\/product\/yoast-seo-wordpress\/ -->\n<title>Rock \u2019n\u2019 Roll Ringo rockt jetzt Berlin<\/title>\n<meta name=\"description\" content=\"Nach der Weltpremiere in der Filmwelt Herne schl\u00e4gt jetzt der neue Film von Dominik Galizia, \u201eRock \u2019n\u2019 Roll Ringo\u201c, auch in Berlin voll ein.\" \/>\n<meta name=\"robots\" content=\"index, follow, max-snippet:-1, max-image-preview:large, max-video-preview:-1\" \/>\n<link rel=\"canonical\" href=\"https:\/\/ucm.one\/de\/rock-n-roll-ringo-rockt-jetzt-berlin\/\" \/>\n<meta property=\"og:locale\" content=\"de_DE\" \/>\n<meta property=\"og:type\" content=\"article\" \/>\n<meta property=\"og:title\" content=\"Rock \u2019n\u2019 Roll Ringo rockt jetzt Berlin\" \/>\n<meta property=\"og:description\" content=\"Nach der Weltpremiere in der Filmwelt Herne schl\u00e4gt jetzt der neue Film von Dominik Galizia, \u201eRock \u2019n\u2019 Roll Ringo\u201c, auch in Berlin voll ein.\" \/>\n<meta property=\"og:url\" content=\"https:\/\/ucm.one\/de\/rock-n-roll-ringo-rockt-jetzt-berlin\/\" \/>\n<meta property=\"og:site_name\" content=\"UCM.ONE\" \/>\n<meta property=\"article:published_time\" content=\"2024-09-12T22:27:58+00:00\" \/>\n<meta property=\"article:modified_time\" content=\"2024-09-12T22:35:37+00:00\" \/>\n<meta property=\"og:image\" content=\"https:\/\/ucm.one\/wp-content\/uploads\/2024\/09\/Rock-N-Roll-Ringo-Berlin-DE-1080x1080-1.jpg\" \/>\n\t<meta property=\"og:image:width\" content=\"1080\" \/>\n\t<meta property=\"og:image:height\" content=\"1080\" \/>\n\t<meta property=\"og:image:type\" content=\"image\/jpeg\" \/>\n<meta name=\"author\" content=\"Joachim Keil\" \/>\n<meta name=\"twitter:card\" content=\"summary_large_image\" \/>\n<meta name=\"twitter:title\" content=\"Rock \u2019n\u2019 Roll Ringo rockt jetzt Berlin\" \/>\n<meta name=\"twitter:description\" content=\"Nach der Weltpremiere in der Filmwelt Herne schl\u00e4gt jetzt der neue Film von Dominik Galizia, \u201eRock \u2019n\u2019 Roll Ringo\u201c, auch in Berlin voll ein.\" \/>\n<meta name=\"twitter:image\" content=\"https:\/\/ucm.one\/wp-content\/uploads\/2024\/09\/Rock-N-Roll-Ringo-Berlin-DE-1080x1080-1.jpg\" \/>\n<meta name=\"twitter:label1\" content=\"Verfasst von\" \/>\n\t<meta name=\"twitter:data1\" content=\"Joachim Keil\" \/>\n\t<meta name=\"twitter:label2\" content=\"Gesch\u00e4tzte Lesezeit\" \/>\n\t<meta name=\"twitter:data2\" content=\"5\u00a0Minuten\" \/>\n<!-- \/ Yoast SEO plugin. -->","yoast_head_json":{"title":"Rock \u2019n\u2019 Roll Ringo rockt jetzt Berlin","description":"Nach der Weltpremiere in der Filmwelt Herne schl\u00e4gt jetzt der neue Film von Dominik Galizia, \u201eRock \u2019n\u2019 Roll Ringo\u201c, auch in Berlin voll ein.","robots":{"index":"index","follow":"follow","max-snippet":"max-snippet:-1","max-image-preview":"max-image-preview:large","max-video-preview":"max-video-preview:-1"},"canonical":"https:\/\/ucm.one\/de\/rock-n-roll-ringo-rockt-jetzt-berlin\/","og_locale":"de_DE","og_type":"article","og_title":"Rock \u2019n\u2019 Roll Ringo rockt jetzt Berlin","og_description":"Nach der Weltpremiere in der Filmwelt Herne schl\u00e4gt jetzt der neue Film von Dominik Galizia, \u201eRock \u2019n\u2019 Roll Ringo\u201c, auch in Berlin voll ein.","og_url":"https:\/\/ucm.one\/de\/rock-n-roll-ringo-rockt-jetzt-berlin\/","og_site_name":"UCM.ONE","article_published_time":"2024-09-12T22:27:58+00:00","article_modified_time":"2024-09-12T22:35:37+00:00","og_image":[{"width":1080,"height":1080,"url":"https:\/\/ucm.one\/wp-content\/uploads\/2024\/09\/Rock-N-Roll-Ringo-Berlin-DE-1080x1080-1.jpg","type":"image\/jpeg"}],"author":"Joachim Keil","twitter_card":"summary_large_image","twitter_title":"Rock \u2019n\u2019 Roll Ringo rockt jetzt Berlin","twitter_description":"Nach der Weltpremiere in der Filmwelt Herne schl\u00e4gt jetzt der neue Film von Dominik Galizia, \u201eRock \u2019n\u2019 Roll Ringo\u201c, auch in Berlin voll ein.","twitter_image":"https:\/\/ucm.one\/wp-content\/uploads\/2024\/09\/Rock-N-Roll-Ringo-Berlin-DE-1080x1080-1.jpg","twitter_misc":{"Verfasst von":"Joachim Keil","Gesch\u00e4tzte Lesezeit":"5\u00a0Minuten"},"schema":{"@context":"https:\/\/schema.org","@graph":[{"@type":"Article","@id":"https:\/\/ucm.one\/de\/rock-n-roll-ringo-rockt-jetzt-berlin\/#article","isPartOf":{"@id":"https:\/\/ucm.one\/de\/rock-n-roll-ringo-rockt-jetzt-berlin\/"},"author":{"name":"Joachim Keil","@id":"https:\/\/ucm.one\/de\/#\/schema\/person\/4b959e467e8acc058836467a0ef8fa50"},"headline":"\ud83c\udfac Rock \u2019n\u2019 Roll Ringo rockt jetzt Berlin","datePublished":"2024-09-12T22:27:58+00:00","dateModified":"2024-09-12T22:35:37+00:00","mainEntityOfPage":{"@id":"https:\/\/ucm.one\/de\/rock-n-roll-ringo-rockt-jetzt-berlin\/"},"wordCount":995,"publisher":{"@id":"https:\/\/ucm.one\/de\/#organization"},"image":{"@id":"https:\/\/ucm.one\/de\/rock-n-roll-ringo-rockt-jetzt-berlin\/#primaryimage"},"thumbnailUrl":"https:\/\/ucm.one\/wp-content\/uploads\/2024\/09\/Rock-N-Roll-Ringo-Berlin-DE-1920x600-1.jpg","keywords":["Alexander Schoeller","Artheim\u00b2","ASP","Charly Schultz","Cineplex","Dominik Galizia","Freiluftkino Hasenheide","Heiko","Heikos Welt","Larissa Sirah Herden","Margarethe Tiesel","Martin Rohde","Massuda Kassem","Mutter + Vater","Peter Trabner","Rock 'n' Roll Ringo"],"articleSection":["Artkeim\u00b2","Film","Kino","News","Verleih","Weltvertrieb"],"inLanguage":"de"},{"@type":"WebPage","@id":"https:\/\/ucm.one\/de\/rock-n-roll-ringo-rockt-jetzt-berlin\/","url":"https:\/\/ucm.one\/de\/rock-n-roll-ringo-rockt-jetzt-berlin\/","name":"Rock \u2019n\u2019 Roll Ringo rockt jetzt Berlin","isPartOf":{"@id":"https:\/\/ucm.one\/de\/#website"},"primaryImageOfPage":{"@id":"https:\/\/ucm.one\/de\/rock-n-roll-ringo-rockt-jetzt-berlin\/#primaryimage"},"image":{"@id":"https:\/\/ucm.one\/de\/rock-n-roll-ringo-rockt-jetzt-berlin\/#primaryimage"},"thumbnailUrl":"https:\/\/ucm.one\/wp-content\/uploads\/2024\/09\/Rock-N-Roll-Ringo-Berlin-DE-1920x600-1.jpg","datePublished":"2024-09-12T22:27:58+00:00","dateModified":"2024-09-12T22:35:37+00:00","description":"Nach der Weltpremiere in der Filmwelt Herne schl\u00e4gt jetzt der neue Film von Dominik Galizia, \u201eRock \u2019n\u2019 Roll Ringo\u201c, auch in Berlin voll ein.","breadcrumb":{"@id":"https:\/\/ucm.one\/de\/rock-n-roll-ringo-rockt-jetzt-berlin\/#breadcrumb"},"inLanguage":"de","potentialAction":[{"@type":"ReadAction","target":["https:\/\/ucm.one\/de\/rock-n-roll-ringo-rockt-jetzt-berlin\/"]}]},{"@type":"ImageObject","inLanguage":"de","@id":"https:\/\/ucm.one\/de\/rock-n-roll-ringo-rockt-jetzt-berlin\/#primaryimage","url":"https:\/\/ucm.one\/wp-content\/uploads\/2024\/09\/Rock-N-Roll-Ringo-Berlin-DE-1920x600-1.jpg","contentUrl":"https:\/\/ucm.one\/wp-content\/uploads\/2024\/09\/Rock-N-Roll-Ringo-Berlin-DE-1920x600-1.jpg","width":1920,"height":600},{"@type":"BreadcrumbList","@id":"https:\/\/ucm.one\/de\/rock-n-roll-ringo-rockt-jetzt-berlin\/#breadcrumb","itemListElement":[{"@type":"ListItem","position":1,"name":"Home","item":"https:\/\/ucm.one\/de\/"},{"@type":"ListItem","position":2,"name":"\ud83c\udfac Rock \u2019n\u2019 Roll Ringo rockt jetzt Berlin"}]},{"@type":"WebSite","@id":"https:\/\/ucm.one\/de\/#website","url":"https:\/\/ucm.one\/de\/","name":"UCM.ONE","description":"","publisher":{"@id":"https:\/\/ucm.one\/de\/#organization"},"potentialAction":[{"@type":"SearchAction","target":{"@type":"EntryPoint","urlTemplate":"https:\/\/ucm.one\/de\/?s={search_term_string}"},"query-input":{"@type":"PropertyValueSpecification","valueRequired":true,"valueName":"search_term_string"}}],"inLanguage":"de"},{"@type":"Organization","@id":"https:\/\/ucm.one\/de\/#organization","name":"UCM.ONE","url":"https:\/\/ucm.one\/de\/","logo":{"@type":"ImageObject","inLanguage":"de","@id":"https:\/\/ucm.one\/de\/#\/schema\/logo\/image\/","url":"https:\/\/ucm.one\/wp-content\/uploads\/2019\/10\/UCM.ONE-Logo-RGB.svg","contentUrl":"https:\/\/ucm.one\/wp-content\/uploads\/2019\/10\/UCM.ONE-Logo-RGB.svg","width":1,"height":1,"caption":"UCM.ONE"},"image":{"@id":"https:\/\/ucm.one\/de\/#\/schema\/logo\/image\/"}},{"@type":"Person","@id":"https:\/\/ucm.one\/de\/#\/schema\/person\/4b959e467e8acc058836467a0ef8fa50","name":"Joachim Keil","image":{"@type":"ImageObject","inLanguage":"de","@id":"https:\/\/secure.gravatar.com\/avatar\/10e1dfd05f2a7a7bc83cd44bae31e01c8ac15f974229211a2b1a49fa0a22fec0?s=96&d=mm&r=g","url":"https:\/\/secure.gravatar.com\/avatar\/10e1dfd05f2a7a7bc83cd44bae31e01c8ac15f974229211a2b1a49fa0a22fec0?s=96&d=mm&r=g","contentUrl":"https:\/\/secure.gravatar.com\/avatar\/10e1dfd05f2a7a7bc83cd44bae31e01c8ac15f974229211a2b1a49fa0a22fec0?s=96&d=mm&r=g","caption":"Joachim Keil"},"sameAs":["https:\/\/ucm.one"]}]}},"_links":{"self":[{"href":"https:\/\/ucm.one\/de\/wp-json\/wp\/v2\/posts\/106695","targetHints":{"allow":["GET"]}}],"collection":[{"href":"https:\/\/ucm.one\/de\/wp-json\/wp\/v2\/posts"}],"about":[{"href":"https:\/\/ucm.one\/de\/wp-json\/wp\/v2\/types\/post"}],"author":[{"embeddable":true,"href":"https:\/\/ucm.one\/de\/wp-json\/wp\/v2\/users\/2"}],"replies":[{"embeddable":true,"href":"https:\/\/ucm.one\/de\/wp-json\/wp\/v2\/comments?post=106695"}],"version-history":[{"count":4,"href":"https:\/\/ucm.one\/de\/wp-json\/wp\/v2\/posts\/106695\/revisions"}],"predecessor-version":[{"id":106705,"href":"https:\/\/ucm.one\/de\/wp-json\/wp\/v2\/posts\/106695\/revisions\/106705"}],"wp:featuredmedia":[{"embeddable":true,"href":"https:\/\/ucm.one\/de\/wp-json\/wp\/v2\/media\/106702"}],"wp:attachment":[{"href":"https:\/\/ucm.one\/de\/wp-json\/wp\/v2\/media?parent=106695"}],"wp:term":[{"taxonomy":"category","embeddable":true,"href":"https:\/\/ucm.one\/de\/wp-json\/wp\/v2\/categories?post=106695"},{"taxonomy":"post_tag","embeddable":true,"href":"https:\/\/ucm.one\/de\/wp-json\/wp\/v2\/tags?post=106695"}],"curies":[{"name":"wp","href":"https:\/\/api.w.org\/{rel}","templated":true}]}}