{"id":105345,"date":"2024-06-27T15:08:13","date_gmt":"2024-06-27T15:08:13","guid":{"rendered":"https:\/\/ucm.one\/?p=105345"},"modified":"2024-07-06T15:54:12","modified_gmt":"2024-07-06T15:54:12","slug":"finnische-band-grain-of-pain-veroeffentlichen-lyric-video-zur-single-the-witch","status":"publish","type":"post","link":"https:\/\/ucm.one\/de\/finnische-band-grain-of-pain-veroeffentlichen-lyric-video-zur-single-the-witch\/","title":{"rendered":"\ud83c\udfb5 Finnische Band &#8222;Grain of Pain&#8220; ver\u00f6ffentlichen Lyric-Video zur Single &#8222;The Witch&#8220;"},"content":{"rendered":"<div class=\"wpb-content-wrapper\"><p>[vc_row][vc_column][vc_column_text css=&#8220;&#8220;]Die finnische Doom Metal Band\u00a0<strong>Grain of Pain<\/strong>\u00a0hat ein Lyric-Video zum Song\u00a0<strong>&#8222;The Witch&#8220; <\/strong>ver\u00f6ffentlicht. Die Komposition ist auf dem Deb\u00fctalbum\u00a0<strong>&#8222;The Moon Lights The Way&#8220;<\/strong>\u00a0enthalten, welches am\u00a0<strong>31. Mai<\/strong>\u00a0\u00fcber<strong>\u00a0Noble Demon\u00a0<\/strong>ver\u00f6ffentlicht wurde.[\/vc_column_text][\/vc_column][\/vc_row][vc_row][vc_column width=&#8220;2\/4&#8243;][vc_column_text css=&#8220;&#8220;]In einem Kommentar zu dem St\u00fcck gibt Mastermind\u00a0<strong>Timo Solonen\u00a0<\/strong>folgenden Einblick: &#8222;<em>Mehr Gl\u00fcck. In schwachen Momenten im Leben, nach wem oder nach was man greift. Und war es das wert? Ich wollte einen etwas anderen, aber dennoch dunklen Song komponieren.<\/em>&#8222;[\/vc_column_text][vc_column_text css=&#8220;&#8220;]Das Line-up von\u00a0<strong>Grain of Pain <\/strong>besteht aus einer Reihe hochkar\u00e4tiger Musiker, allen voran\u00a0<strong>Timo Solonen<\/strong>, der nicht nur seine F\u00e4higkeiten als Komponist unter Beweis stellt, sondern auch Growls und Gitarren beisteuert.[\/vc_column_text][vc_column_text css=&#8220;&#8220;]Neben ihm stehen\u00a0<strong>Juho R\u00e4ih\u00e4<\/strong>\u00a0an der Gitarre,\u00a0<strong>Lars Eikind<\/strong>\u00a0am Bass und mit cleanen Vocals,\u00a0<strong>Juuso Raatikainen<\/strong>\u00a0am Schlagzeug und\u00a0<strong>Sini Pajunen<\/strong>, die ihren fesselnden Gesang beisteuert. Last but not least bereichert\u00a0<strong>Taka Eliel<\/strong>\u00a0mit seinen Backing Growls den d\u00fcsteren Sound der Band.[\/vc_column_text][\/vc_column][vc_column width=&#8220;1\/4&#8243;][vc_single_image image=&#8220;105348&#8243; img_size=&#8220;full&#8220; onclick=&#8220;link_image&#8220; css=&#8220;&#8220;][vc_btn title=&#8220;The Witch<br \/>\n<small>2024\u30fbSingle<\/small>&#8220; shape=&#8220;square&#8220; color=&#8220;white&#8220; size=&#8220;xs&#8220; align=&#8220;center&#8220; css=&#8220;.vc_custom_1720278751005{margin-top: -35px !important;}&#8220; button_block=&#8220;true&#8220; link=&#8220;url:https%3A%2F%2Fmusic.nobledemon.com%2Fway|title:The%20Witch|target:_blank&#8220;][vc_btn title=&#8220;Download \/ Streaming&#8220; style=&#8220;flat&#8220; color=&#8220;sky&#8220; size=&#8220;sm&#8220; align=&#8220;center&#8220; i_icon_fontawesome=&#8220;fas fa-external-link-square-alt&#8220; css=&#8220;.vc_custom_1714915709489{margin-top: -20px !important;}&#8220; button_block=&#8220;true&#8220; add_icon=&#8220;true&#8220; link=&#8220;url:https%3A%2F%2Fmusic.nobledemon.com%2Fway|title:The%20Moon%20Lights%20The%20Way|target:_blank&#8220;][vc_empty_space height=&#8220;1px&#8220;][\/vc_column][vc_column width=&#8220;1\/4&#8243;][vc_single_image image=&#8220;104080&#8243; img_size=&#8220;full&#8220; onclick=&#8220;link_image&#8220;][vc_btn title=&#8220;The Moon Lights The Way<br \/>\n<small>2024\u30fbAlbum<\/small>&#8220; shape=&#8220;square&#8220; color=&#8220;white&#8220; size=&#8220;xs&#8220; align=&#8220;center&#8220; css=&#8220;.vc_custom_1714915731173{margin-top: -35px !important;}&#8220; button_block=&#8220;true&#8220; link=&#8220;url:https%3A%2F%2Fmusic.nobledemon.com%2Fway|title:The%20Moon%20Lights%20The%20Way|target:_blank&#8220;][vc_btn title=&#8220;Download \/ Streaming&#8220; style=&#8220;flat&#8220; color=&#8220;sky&#8220; size=&#8220;sm&#8220; align=&#8220;center&#8220; i_icon_fontawesome=&#8220;fas fa-external-link-square-alt&#8220; css=&#8220;.vc_custom_1720278721038{margin-top: -20px !important;}&#8220; button_block=&#8220;true&#8220; add_icon=&#8220;true&#8220; link=&#8220;url:https%3A%2F%2Fmusic.nobledemon.com%2Fway|title:The%20Moon%20Lights%20The%20Way|target:_blank&#8220;][vc_empty_space height=&#8220;1px&#8220;][\/vc_column][\/vc_row][vc_row][vc_column][vc_column_text css=&#8220;&#8220;]<\/p>\n<div>Der Sound von\u00a0<strong>Grain of Pain<\/strong>\u00a0zeichnet sich durch seine emotionale Tiefe aus und sch\u00f6pft aus einer Vielzahl von Einfl\u00fcssen, um eine einzigartige Mischung aus dunklen Atmosph\u00e4ren und kraftvollen Melodien zu kreieren. Das K\u00f6nnen der Band hat bereits f\u00fcr Aufsehen gesorgt: <strong>Lars Eikind<\/strong> gewann den prestigetr\u00e4chtigen\u00a0<em><strong>Spellemannsprisen<\/strong><\/em>\u00a0in Norwegen und sowohl <strong>Juho R\u00e4ih\u00e4<\/strong> als auch <strong>Juuso Raatikainen<\/strong> wurden mit\u00a0<strong>Swallow the Sun<\/strong>\u00a0f\u00fcr einen\u00a0<strong>finnischen Grammy<\/strong>\u00a0nominiert.<\/div>\n<p>[\/vc_column_text][\/vc_column][\/vc_row][vc_row][vc_column][vc_separator][vc_video link=&#8220;https:\/\/youtu.be\/2Ztm6b8dtgg?si=4_f7AGIev3O_-v1k&#8220; css=&#8220;&#8220; title=&#8220;Grain Of Pain &#8211; The Witch&#8220;][\/vc_column][\/vc_row][vc_row][vc_column width=&#8220;1\/2&#8243;][vc_column_text]Weitere Informationen \u00fcber die Band: <a title=\"Grain of Pain | Noble Demon\" href=\"https:\/\/ucm.one\/de\/grain-of-pain\/\">Grain of Pain<\/a>[\/vc_column_text][\/vc_column][vc_column width=&#8220;1\/2&#8243;][vc_column_text]Weitere Informationen \u00fcber das Label: <a title=\"Noble Demon\" href=\"https:\/\/ucm.one\/de\/musik-labels\/noble-demon\/\">Noble Demon<\/a>[\/vc_column_text][\/vc_column][\/vc_row]<\/p>\n<\/div>","protected":false},"excerpt":{"rendered":"<p>[vc_row][vc_column][vc_column_text css=&#8220;&#8220;]Die finnische Doom Metal Band\u00a0Grain of Pain\u00a0hat ein Lyric-Video zum Song\u00a0&#8222;The Witch&#8220; ver\u00f6ffentlicht. Die Komposition ist auf dem Deb\u00fctalbum\u00a0&#8222;The Moon Lights The Way&#8220;\u00a0enthalten, welches am\u00a031. Mai\u00a0\u00fcber\u00a0Noble Demon\u00a0ver\u00f6ffentlicht wurde.[\/vc_column_text][\/vc_column][\/vc_row][vc_row][vc_column width=&#8220;2\/4&#8243;][vc_column_text css=&#8220;&#8220;]In einem Kommentar zu dem St\u00fcck gibt Mastermind\u00a0Timo Solonen\u00a0folgenden Einblick: &#8222;Mehr Gl\u00fcck. In schwachen Momenten im Leben, nach wem oder nach was man greift. Und&hellip;<\/p>\n","protected":false},"author":2,"featured_media":105346,"comment_status":"closed","ping_status":"closed","sticky":false,"template":"","format":"standard","meta":{"_acf_changed":false,"footnotes":""},"categories":[10190,9,13,7077],"tags":[17599,17602,17597,17605,17604,17603,7079,9178,17606,17598,17903,17601,17600],"class_list":["post-105345","post","type-post","status-publish","format-standard","has-post-thumbnail","hentry","category-merchandising","category-musik","category-news","category-noble-demon","tag-dronicon-films","tag-gogo-malone","tag-grain-of-pain","tag-juho-raeihae","tag-juuso-raatikainen","tag-lars-eikind","tag-noble-demon","tag-swallow-the-sun","tag-taka-eliel","tag-the-moon-lights-the-way","tag-the-witch","tag-timo-solonen","tag-vesa-ranta","category-10190","category-9","category-13","category-7077","description-off"],"acf":[],"yoast_head":"<!-- This site is optimized with the Yoast SEO plugin v27.5 - https:\/\/yoast.com\/product\/yoast-seo-wordpress\/ -->\n<title>&quot;Grain of Pain&quot; ver\u00f6ffentlichen Lyric-Video zur Single &quot;The Witch&quot;<\/title>\n<meta name=\"description\" content=\"Die finnische Doom Metal Band\u00a0Grain of Pain\u00a0hat ein Lyric-Video zum Song\u00a0&quot;The Witch&quot; vom Deb\u00fctalbum\u00a0&quot;The Moon Lights The Way&quot;ver\u00f6ffentlicht.\" \/>\n<meta name=\"robots\" content=\"index, follow, max-snippet:-1, max-image-preview:large, max-video-preview:-1\" \/>\n<link rel=\"canonical\" href=\"https:\/\/ucm.one\/de\/finnische-band-grain-of-pain-veroeffentlichen-lyric-video-zur-single-the-witch\/\" \/>\n<meta property=\"og:locale\" content=\"de_DE\" \/>\n<meta property=\"og:type\" content=\"article\" \/>\n<meta property=\"og:title\" content=\"&quot;Grain of Pain&quot; ver\u00f6ffentlichen Lyric-Video zur Single &quot;The Witch&quot;\" \/>\n<meta property=\"og:description\" content=\"Die finnische Doom Metal Band\u00a0Grain of Pain\u00a0hat ein Lyric-Video zum Song\u00a0&quot;The Witch&quot; vom Deb\u00fctalbum\u00a0&quot;The Moon Lights The Way&quot;ver\u00f6ffentlicht.\" \/>\n<meta property=\"og:url\" content=\"https:\/\/ucm.one\/de\/finnische-band-grain-of-pain-veroeffentlichen-lyric-video-zur-single-the-witch\/\" \/>\n<meta property=\"og:site_name\" content=\"UCM.ONE\" \/>\n<meta property=\"article:published_time\" content=\"2024-06-27T15:08:13+00:00\" \/>\n<meta property=\"article:modified_time\" content=\"2024-07-06T15:54:12+00:00\" \/>\n<meta property=\"og:image\" content=\"https:\/\/ucm.one\/wp-content\/uploads\/2024\/07\/C-Grain-of-Pain-The-Witch.jpg\" \/>\n\t<meta property=\"og:image:width\" content=\"1000\" \/>\n\t<meta property=\"og:image:height\" content=\"1000\" \/>\n\t<meta property=\"og:image:type\" content=\"image\/jpeg\" \/>\n<meta name=\"author\" content=\"Joachim Keil\" \/>\n<meta name=\"twitter:card\" content=\"summary_large_image\" \/>\n<meta name=\"twitter:title\" content=\"&quot;Grain of Pain&quot; ver\u00f6ffentlichen Lyric-Video zur Single &quot;The Witch&quot;\" \/>\n<meta name=\"twitter:description\" content=\"Die finnische Doom Metal Band\u00a0Grain of Pain\u00a0hat ein Lyric-Video zum Song\u00a0&quot;The Witch&quot; vom Deb\u00fctalbum\u00a0&quot;The Moon Lights The Way&quot;ver\u00f6ffentlicht.\" \/>\n<meta name=\"twitter:image\" content=\"https:\/\/ucm.one\/wp-content\/uploads\/2024\/07\/C-Grain-of-Pain-The-Witch.jpg\" \/>\n<meta name=\"twitter:label1\" content=\"Verfasst von\" \/>\n\t<meta name=\"twitter:data1\" content=\"Joachim Keil\" \/>\n\t<meta name=\"twitter:label2\" content=\"Gesch\u00e4tzte Lesezeit\" \/>\n\t<meta name=\"twitter:data2\" content=\"2\u00a0Minuten\" \/>\n<!-- \/ Yoast SEO plugin. -->","yoast_head_json":{"title":"\"Grain of Pain\" ver\u00f6ffentlichen Lyric-Video zur Single \"The Witch\"","description":"Die finnische Doom Metal Band\u00a0Grain of Pain\u00a0hat ein Lyric-Video zum Song\u00a0\"The Witch\" vom Deb\u00fctalbum\u00a0\"The Moon Lights The Way\"ver\u00f6ffentlicht.","robots":{"index":"index","follow":"follow","max-snippet":"max-snippet:-1","max-image-preview":"max-image-preview:large","max-video-preview":"max-video-preview:-1"},"canonical":"https:\/\/ucm.one\/de\/finnische-band-grain-of-pain-veroeffentlichen-lyric-video-zur-single-the-witch\/","og_locale":"de_DE","og_type":"article","og_title":"\"Grain of Pain\" ver\u00f6ffentlichen Lyric-Video zur Single \"The Witch\"","og_description":"Die finnische Doom Metal Band\u00a0Grain of Pain\u00a0hat ein Lyric-Video zum Song\u00a0\"The Witch\" vom Deb\u00fctalbum\u00a0\"The Moon Lights The Way\"ver\u00f6ffentlicht.","og_url":"https:\/\/ucm.one\/de\/finnische-band-grain-of-pain-veroeffentlichen-lyric-video-zur-single-the-witch\/","og_site_name":"UCM.ONE","article_published_time":"2024-06-27T15:08:13+00:00","article_modified_time":"2024-07-06T15:54:12+00:00","og_image":[{"width":1000,"height":1000,"url":"https:\/\/ucm.one\/wp-content\/uploads\/2024\/07\/C-Grain-of-Pain-The-Witch.jpg","type":"image\/jpeg"}],"author":"Joachim Keil","twitter_card":"summary_large_image","twitter_title":"\"Grain of Pain\" ver\u00f6ffentlichen Lyric-Video zur Single \"The Witch\"","twitter_description":"Die finnische Doom Metal Band\u00a0Grain of Pain\u00a0hat ein Lyric-Video zum Song\u00a0\"The Witch\" vom Deb\u00fctalbum\u00a0\"The Moon Lights The Way\"ver\u00f6ffentlicht.","twitter_image":"https:\/\/ucm.one\/wp-content\/uploads\/2024\/07\/C-Grain-of-Pain-The-Witch.jpg","twitter_misc":{"Verfasst von":"Joachim Keil","Gesch\u00e4tzte Lesezeit":"2\u00a0Minuten"},"schema":{"@context":"https:\/\/schema.org","@graph":[{"@type":"Article","@id":"https:\/\/ucm.one\/de\/finnische-band-grain-of-pain-veroeffentlichen-lyric-video-zur-single-the-witch\/#article","isPartOf":{"@id":"https:\/\/ucm.one\/de\/finnische-band-grain-of-pain-veroeffentlichen-lyric-video-zur-single-the-witch\/"},"author":{"name":"Joachim Keil","@id":"https:\/\/ucm.one\/de\/#\/schema\/person\/4b959e467e8acc058836467a0ef8fa50"},"headline":"\ud83c\udfb5 Finnische Band &#8222;Grain of Pain&#8220; ver\u00f6ffentlichen Lyric-Video zur Single &#8222;The Witch&#8220;","datePublished":"2024-06-27T15:08:13+00:00","dateModified":"2024-07-06T15:54:12+00:00","mainEntityOfPage":{"@id":"https:\/\/ucm.one\/de\/finnische-band-grain-of-pain-veroeffentlichen-lyric-video-zur-single-the-witch\/"},"wordCount":602,"publisher":{"@id":"https:\/\/ucm.one\/de\/#organization"},"image":{"@id":"https:\/\/ucm.one\/de\/finnische-band-grain-of-pain-veroeffentlichen-lyric-video-zur-single-the-witch\/#primaryimage"},"thumbnailUrl":"https:\/\/ucm.one\/wp-content\/uploads\/2024\/07\/B-Grain-of-Pain-The-Witch.jpg","keywords":["Dronicon Films","Gogo Malone","Grain of Pain","Juho R\u00e4ih\u00e4","Juuso Raatikainen","Lars Eikind","Noble Demon","Swallow The Sun","Taka Eliel","The Moon Lights The Way","The Witch","Timo Solonen","Vesa Ranta"],"articleSection":["Merchandising","Musik","News","Noble Demon"],"inLanguage":"de"},{"@type":"WebPage","@id":"https:\/\/ucm.one\/de\/finnische-band-grain-of-pain-veroeffentlichen-lyric-video-zur-single-the-witch\/","url":"https:\/\/ucm.one\/de\/finnische-band-grain-of-pain-veroeffentlichen-lyric-video-zur-single-the-witch\/","name":"\"Grain of Pain\" ver\u00f6ffentlichen Lyric-Video zur Single \"The Witch\"","isPartOf":{"@id":"https:\/\/ucm.one\/de\/#website"},"primaryImageOfPage":{"@id":"https:\/\/ucm.one\/de\/finnische-band-grain-of-pain-veroeffentlichen-lyric-video-zur-single-the-witch\/#primaryimage"},"image":{"@id":"https:\/\/ucm.one\/de\/finnische-band-grain-of-pain-veroeffentlichen-lyric-video-zur-single-the-witch\/#primaryimage"},"thumbnailUrl":"https:\/\/ucm.one\/wp-content\/uploads\/2024\/07\/B-Grain-of-Pain-The-Witch.jpg","datePublished":"2024-06-27T15:08:13+00:00","dateModified":"2024-07-06T15:54:12+00:00","description":"Die finnische Doom Metal Band\u00a0Grain of Pain\u00a0hat ein Lyric-Video zum Song\u00a0\"The Witch\" vom Deb\u00fctalbum\u00a0\"The Moon Lights The Way\"ver\u00f6ffentlicht.","breadcrumb":{"@id":"https:\/\/ucm.one\/de\/finnische-band-grain-of-pain-veroeffentlichen-lyric-video-zur-single-the-witch\/#breadcrumb"},"inLanguage":"de","potentialAction":[{"@type":"ReadAction","target":["https:\/\/ucm.one\/de\/finnische-band-grain-of-pain-veroeffentlichen-lyric-video-zur-single-the-witch\/"]}]},{"@type":"ImageObject","inLanguage":"de","@id":"https:\/\/ucm.one\/de\/finnische-band-grain-of-pain-veroeffentlichen-lyric-video-zur-single-the-witch\/#primaryimage","url":"https:\/\/ucm.one\/wp-content\/uploads\/2024\/07\/B-Grain-of-Pain-The-Witch.jpg","contentUrl":"https:\/\/ucm.one\/wp-content\/uploads\/2024\/07\/B-Grain-of-Pain-The-Witch.jpg","width":1920,"height":600},{"@type":"BreadcrumbList","@id":"https:\/\/ucm.one\/de\/finnische-band-grain-of-pain-veroeffentlichen-lyric-video-zur-single-the-witch\/#breadcrumb","itemListElement":[{"@type":"ListItem","position":1,"name":"Home","item":"https:\/\/ucm.one\/de\/"},{"@type":"ListItem","position":2,"name":"\ud83c\udfb5 Finnische Band &#8222;Grain of Pain&#8220; ver\u00f6ffentlichen Lyric-Video zur Single &#8222;The Witch&#8220;"}]},{"@type":"WebSite","@id":"https:\/\/ucm.one\/de\/#website","url":"https:\/\/ucm.one\/de\/","name":"UCM.ONE","description":"","publisher":{"@id":"https:\/\/ucm.one\/de\/#organization"},"potentialAction":[{"@type":"SearchAction","target":{"@type":"EntryPoint","urlTemplate":"https:\/\/ucm.one\/de\/?s={search_term_string}"},"query-input":{"@type":"PropertyValueSpecification","valueRequired":true,"valueName":"search_term_string"}}],"inLanguage":"de"},{"@type":"Organization","@id":"https:\/\/ucm.one\/de\/#organization","name":"UCM.ONE","url":"https:\/\/ucm.one\/de\/","logo":{"@type":"ImageObject","inLanguage":"de","@id":"https:\/\/ucm.one\/de\/#\/schema\/logo\/image\/","url":"https:\/\/ucm.one\/wp-content\/uploads\/2019\/10\/UCM.ONE-Logo-RGB.svg","contentUrl":"https:\/\/ucm.one\/wp-content\/uploads\/2019\/10\/UCM.ONE-Logo-RGB.svg","width":1,"height":1,"caption":"UCM.ONE"},"image":{"@id":"https:\/\/ucm.one\/de\/#\/schema\/logo\/image\/"}},{"@type":"Person","@id":"https:\/\/ucm.one\/de\/#\/schema\/person\/4b959e467e8acc058836467a0ef8fa50","name":"Joachim Keil","image":{"@type":"ImageObject","inLanguage":"de","@id":"https:\/\/secure.gravatar.com\/avatar\/10e1dfd05f2a7a7bc83cd44bae31e01c8ac15f974229211a2b1a49fa0a22fec0?s=96&d=mm&r=g","url":"https:\/\/secure.gravatar.com\/avatar\/10e1dfd05f2a7a7bc83cd44bae31e01c8ac15f974229211a2b1a49fa0a22fec0?s=96&d=mm&r=g","contentUrl":"https:\/\/secure.gravatar.com\/avatar\/10e1dfd05f2a7a7bc83cd44bae31e01c8ac15f974229211a2b1a49fa0a22fec0?s=96&d=mm&r=g","caption":"Joachim Keil"},"sameAs":["https:\/\/ucm.one"]}]}},"_links":{"self":[{"href":"https:\/\/ucm.one\/de\/wp-json\/wp\/v2\/posts\/105345","targetHints":{"allow":["GET"]}}],"collection":[{"href":"https:\/\/ucm.one\/de\/wp-json\/wp\/v2\/posts"}],"about":[{"href":"https:\/\/ucm.one\/de\/wp-json\/wp\/v2\/types\/post"}],"author":[{"embeddable":true,"href":"https:\/\/ucm.one\/de\/wp-json\/wp\/v2\/users\/2"}],"replies":[{"embeddable":true,"href":"https:\/\/ucm.one\/de\/wp-json\/wp\/v2\/comments?post=105345"}],"version-history":[{"count":3,"href":"https:\/\/ucm.one\/de\/wp-json\/wp\/v2\/posts\/105345\/revisions"}],"predecessor-version":[{"id":105525,"href":"https:\/\/ucm.one\/de\/wp-json\/wp\/v2\/posts\/105345\/revisions\/105525"}],"wp:featuredmedia":[{"embeddable":true,"href":"https:\/\/ucm.one\/de\/wp-json\/wp\/v2\/media\/105346"}],"wp:attachment":[{"href":"https:\/\/ucm.one\/de\/wp-json\/wp\/v2\/media?parent=105345"}],"wp:term":[{"taxonomy":"category","embeddable":true,"href":"https:\/\/ucm.one\/de\/wp-json\/wp\/v2\/categories?post=105345"},{"taxonomy":"post_tag","embeddable":true,"href":"https:\/\/ucm.one\/de\/wp-json\/wp\/v2\/tags?post=105345"}],"curies":[{"name":"wp","href":"https:\/\/api.w.org\/{rel}","templated":true}]}}