{"id":104698,"date":"2024-05-30T07:05:59","date_gmt":"2024-05-30T07:05:59","guid":{"rendered":"https:\/\/ucm.one\/?p=104698"},"modified":"2024-06-02T16:17:52","modified_gmt":"2024-06-02T16:17:52","slug":"cinemaxx-feiert-sharkweek-mit-der-4k-version-von-sharknado","status":"publish","type":"post","link":"https:\/\/ucm.one\/de\/cinemaxx-feiert-sharkweek-mit-der-4k-version-von-sharknado\/","title":{"rendered":"\ud83c\udfac Cinemaxx feiert &#8222;Sharkweek&#8220; mit der 4K-Version von &#8222;Sharknado&#8220;"},"content":{"rendered":"<div class=\"wpb-content-wrapper\"><p>[vc_row][vc_column][vc_column_text css=&#8220;&#8220;]<\/p>\n<div class=\"\">\n<p>Die deutsche <strong>Cinemaxx<\/strong>-Kette feiert Ende Mai in allen ihren Kinos die &#8222;<strong>Sharkweek<\/strong>&#8220;\u00a0mit den <em>&#8222;<strong>Hai-Lights<\/strong>&#8222;<\/em> der Kinogeschichte. Neben &#8222;<strong>Der wei\u00dfe Hai<\/strong>&#8222;, &#8222;<strong>MEG<\/strong>&#8220; und zwei Kinderzeichentrickfilmen steht am <strong>Freitag, den 31. Mai<\/strong>, in allen 27 Kinos der Gruppe &#8222;<strong>Sharknado<\/strong>&#8220; in der neuen <em>4K 10th Anniversary Version<\/em> im Verleih von <span style=\"font-family: 'arial black', sans-serif;\"><strong>UCM.ONE<\/strong><\/span> auf dem Programm.<\/p>\n<\/div>\n<p>[\/vc_column_text][\/vc_column][\/vc_row][vc_row][vc_column width=&#8220;3\/4&#8243;][vc_row_inner][vc_column_inner][vc_column_text]Der 2013 erstmals ausgestrahlte Film wurde von dem Produktionshaus <strong>The Asylum<\/strong> produziert und hat seitdem eine breite Fangemeinde gewonnen. In &#8222;<strong>Sharknado<\/strong>&#8220; treten <strong>Tara Reid<\/strong>, <strong>Ian Ziering<\/strong> und <strong>John Heard<\/strong> gegen einen Tornado an, der riesige Wei\u00dfe Haie und Hammerhaie aufnimmt und sie \u00fcber Los Angeles regnen l\u00e4sst. Der Film f\u00fchrte zu einer Franchise von beliebten B-Movies mit insgesamt sechs Teilen.[\/vc_column_text][vc_column_text css=&#8220;&#8220;]<\/p>\n<div>&#8222;<strong>Sharknado \u2013 More Sharks, More \u2018Nado! (10th Anniversary 4K Edition)<\/strong>&#8220; von <strong>Anthony C. Ferrante<\/strong> feierte letztes Jahr seinen 10. Geburtstag und gilt als der &#8222;<em><strong>beste schlechteste Film<\/strong>&#8222;<\/em> der letzten 20 Jahre.<\/div>\n<p>[\/vc_column_text][vc_column_text css=&#8220;&#8220;]Ein gigantischer Wirbelsturm, der vor der kalifornischen K\u00fcste einen Haischwarm erfasst und in die Luft gerissen hat, bewegt sich auf Los Angeles zu. Fin (<strong>Ian Ziering<\/strong>), der Eigent\u00fcmer einer Surfer-Bar am Strand von Long Beach, muss entsetzt mit ansehen, wie der Sturm und ein schier unaufh\u00f6rlicher Regen gigantischer Haie seinen Lebenstraum zerst\u00f6rt. Zusammen mit seinem besten Freund Baz (<strong>Jaason Simmons<\/strong>), seiner Freundin (<strong>Cassie Scerbo<\/strong>) und dem alten S\u00e4ufer George (<strong>John Heard<\/strong>) macht er sich daran, bewaffnet mit Kettens\u00e4gen und Schrotflinten, seine Ex-Frau April (<strong>Tara Reid<\/strong>) und seine beiden Kinder vor diesen fliegenden Fressmaschinen zu sch\u00fctzen. Doch dies ist ein hoffnungsloses Unterfangen, da der Sturm auch das Meerwasser in die Stadt gedr\u00fcckt hat und die Gruppe sich nun auch noch vor den Haien, die durch die \u00fcberfluteten Stra\u00dfen schwimmen, sch\u00fctzen muss.[\/vc_column_text][\/vc_column_inner][\/vc_row_inner][\/vc_column][vc_column width=&#8220;1\/4&#8243;][vc_single_image image=&#8220;97620&#8243; img_size=&#8220;full&#8220; onclick=&#8220;link_image&#8220; css=&#8220;&#8220;][vc_empty_space height=&#8220;20px&#8220;][\/vc_column][\/vc_row][vc_row][vc_column][vc_column_text]<\/p>\n<div class=\"\">\n<p>Trotz gemischter Kritiken und seiner Einstufung als B-Movie f\u00fchrte die immense Popularit\u00e4t zu mehreren Fortsetzungen und einer breiten Palette an Merchandising-Produkten. Dieser unerwartete Erfolg zeigt eindr\u00fccklich den Einfluss von Social Media und die Anziehungskraft eines originellen, wenn auch skurrilen Filmkonzepts.<\/p>\n<\/div>\n<p>[\/vc_column_text][\/vc_column][\/vc_row][vc_row][vc_column][vc_single_image image=&#8220;104708&#8243; img_size=&#8220;full&#8220; onclick=&#8220;custom_link&#8220; css=&#8220;&#8220; link=&#8220;https:\/\/www.cinemaxx.de\/sharkweek&#8220;][vc_column_text css=&#8220;&#8220;]<\/p>\n<div class=\"\">\n<p>Alles zur &#8222;<strong>Sharkweek<\/strong>&#8220; bei <strong>Cinemaxx<\/strong>: <a href=\"https:\/\/www.cinemaxx.de\/sharkweek\" target=\"_blank\" rel=\"noopener\">https:\/\/www.cinemaxx.de\/sharkweek<\/a><\/p>\n<\/div>\n<p>[\/vc_column_text][\/vc_column][\/vc_row][vc_row][vc_column width=&#8220;1\/2&#8243;][vc_single_image image=&#8220;97622&#8243; img_size=&#8220;full&#8220; onclick=&#8220;link_image&#8220;][\/vc_column][vc_column width=&#8220;1\/2&#8243;][vc_single_image image=&#8220;98549&#8243; img_size=&#8220;full&#8220; onclick=&#8220;link_image&#8220; css=&#8220;&#8220;][\/vc_column][\/vc_row][vc_row][vc_column][vc_column_text]<\/p>\n<div class=\"\">\n<p><strong>The Asylum<\/strong> ist ein in Los Angeles ans\u00e4ssiges Filmproduktions- und Vertriebsunternehmen, das insbesondere f\u00fcr seine Low-Budget-Produktionen und <em>&#8222;Mockbuster&#8220;<\/em> bekannt ist, Filme, die popul\u00e4re Blockbuster nachahmen. Gegr\u00fcndet im Jahr 1997, hat sich das Unternehmen einen Ruf f\u00fcr die schnelle Produktion von Filmen mit geringem Budget und hohem Unterhaltungswert erarbeitet. Mit &#8222;<strong>Sharknado<\/strong>&#8220; gelang <strong>The Asylum<\/strong> einer ihrer bis dato gr\u00f6\u00dften Erfolge, der das Studio in den Mainstream katapultierte.<\/p>\n<\/div>\n<p>[\/vc_column_text][\/vc_column][\/vc_row][vc_row css=&#8220;.vc_custom_1646580453070{margin-right: -10px !important;margin-left: -10px !important;border-right-width: -3px !important;border-left-width: -3px !important;padding-top: 5px !important;padding-right: 5px !important;padding-bottom: 5px !important;padding-left: 5px !important;background-color: #eaeaea !important;}&#8220;][vc_column][vc_empty_space height=&#8220;15px&#8220;][vc_column_text css=&#8220;.vc_custom_1697501231196{margin-bottom: -20px !important;border-bottom-width: -20px !important;padding-bottom: -20px !important;}&#8220;]<\/p>\n<div class=\"wpb_text_column wpb_content_element \">\n<p><span style=\"font-size: 14pt;\">Daten zum Film<\/span><\/p>\n<table style=\"border-collapse: collapse; width: 100%; height: 176px;\">\n<tbody>\n<tr style=\"height: 22px;\">\n<td style=\"width: 14.487035%; height: 22px;\"><strong>Titel:<\/strong><\/td>\n<td style=\"width: 85.512965%; height: 22px;\"><span style=\"font-family: arial, helvetica, sans-serif; font-size: inherit;\">Sharknado &#8211; More Sharks, More &#8218;Nado! (10th Anniversary Edition)<\/span><\/td>\n<\/tr>\n<tr style=\"height: 22px;\">\n<td style=\"width: 14.487035%; height: 22px;\"><strong>Regie:<\/strong><\/td>\n<td style=\"width: 85.512965%; height: 22px;\">Anthony C. Ferrante<\/td>\n<\/tr>\n<tr style=\"height: 22px;\">\n<td style=\"width: 14.487035%; height: 22px;\"><strong>Drehbuch:<\/strong><\/td>\n<td style=\"width: 85.512965%; height: 22px;\">Thunder Levin<\/td>\n<\/tr>\n<tr style=\"height: 22px;\">\n<td style=\"width: 14.487035%; height: 22px;\"><strong>Produzent:<\/strong><\/td>\n<td style=\"width: 85.512965%; height: 22px;\">David Michael Latt<\/td>\n<\/tr>\n<tr style=\"height: 22px;\">\n<td style=\"width: 14.487035%; height: 22px; vertical-align: top;\"><strong>Darstellende:<\/strong><\/td>\n<td style=\"width: 85.512965%; height: 22px;\"><span style=\"font-weight: 400;\">Ian Ziering, Tara Reid, John Heard, Cassandra Scerbo, Jaason Simmons, Alex Arleo, Marcus Choi, Israel S\u00e1ez de Miguel, Tiffany Cole, Trish Coren, Charles Hittinger, Aubrey Peeples, Michael Teh, Connor Weil, Christopher Wolfe, Steve Moulton, Robbie Rist, David Bittick David Bittick, Derek Caldwell, Adrian Bustamante<\/span><\/td>\n<\/tr>\n<tr style=\"height: 22px;\">\n<td style=\"width: 14.487035%; height: 22px;\"><strong>Genres:<\/strong><\/td>\n<td style=\"width: 85.512965%; height: 22px;\">Action, Horror, Kom\u00f6die<\/td>\n<\/tr>\n<tr style=\"height: 22px;\">\n<td style=\"width: 14.487035%; height: 22px;\"><strong>Produktionsland:<\/strong><\/td>\n<td style=\"width: 85.512965%; height: 22px;\">USA<\/td>\n<\/tr>\n<tr style=\"height: 22px;\">\n<td style=\"width: 14.487035%; height: 22px;\"><strong>Produktionsjahr:<\/strong><\/td>\n<td style=\"width: 85.512965%; height: 22px;\">2013 (neue 4K-Version <em>&#8222;More Sharks, More &#8218;Nado&#8220;<\/em>: 2023)<\/td>\n<\/tr>\n<\/tbody>\n<\/table>\n<p>&nbsp;<\/p>\n<\/div>\n<p>[\/vc_column_text][vc_empty_space height=&#8220;-40px&#8220;][\/vc_column][\/vc_row][vc_row][vc_column][vc_empty_space height=&#8220;40px&#8220;][\/vc_column][\/vc_row][vc_row][vc_column width=&#8220;1\/2&#8243;][vc_video link=&#8220;https:\/\/youtu.be\/eJXQW23cZlI?si=vk8h1K0_sWuCiik6&#8243; title=&#8220;Sharknado &#8211; More Sharks, More &#8218;Nado | Teaser 2023 \u1d34\u1d30&#8220;][\/vc_column][vc_column width=&#8220;1\/2&#8243;][vc_video link=&#8220;https:\/\/youtu.be\/TT7LSclYHrs?si=tvs_DAZJXEQoRiFT&#8220; title=&#8220;Sharkando &#8211; Der ganz normale Wahnsinn | Trailer (deutsch) \u1d34\u1d30&#8220;][\/vc_column][\/vc_row][vc_row][vc_column][vc_separator][vc_column_text css=&#8220;.vc_custom_1716966342052{margin-bottom: -30px !important;}&#8220;]<span style=\"font-size: 12pt;\">Im Handel und im Webshop erh\u00e4ltlich:\u00a0<\/span>[\/vc_column_text][vc_empty_space height=&#8220;30px&#8220;][\/vc_column][\/vc_row][vc_row][vc_column width=&#8220;1\/4&#8243;][vc_single_image image=&#8220;98148&#8243; img_size=&#8220;full&#8220; onclick=&#8220;custom_link&#8220; link=&#8220;https:\/\/ucm.one\/de\/produkt\/sharknado-more-sharks-more-nado-10th-anniversary-edition-cover-a\/&#8220;][vc_btn title=&#8220;<small>4K Ultra HD Blu-ray (Cover A)<\/small>&#8220; color=&#8220;white&#8220; size=&#8220;sm&#8220; align=&#8220;center&#8220; css=&#8220;.vc_custom_1698866122813{margin-top: -35px !important;}&#8220; button_block=&#8220;true&#8220; link=&#8220;url:https%3A%2F%2Fucm.one%2Fde%2Fprodukt%2Fsharknado-more-sharks-more-nado-10th-anniversary-edition-cover-a%2F|title:Shop&#8220;][\/vc_column][vc_column width=&#8220;1\/4&#8243;][vc_single_image image=&#8220;98150&#8243; img_size=&#8220;full&#8220; onclick=&#8220;custom_link&#8220; link=&#8220;https:\/\/ucm.one\/de\/produkt\/sharknado-more-sharks-more-nado-10th-anniversary-edition-cover-b\/&#8220;][vc_btn title=&#8220;<small>4K Ultra HD Blu-ray (Cover B)<\/small>&#8220; color=&#8220;white&#8220; size=&#8220;sm&#8220; align=&#8220;center&#8220; css=&#8220;.vc_custom_1698866134533{margin-top: -35px !important;}&#8220; button_block=&#8220;true&#8220; link=&#8220;url:https%3A%2F%2Fucm.one%2Fde%2Fprodukt%2Fsharknado-more-sharks-more-nado-10th-anniversary-edition-cover-a%2F|title:Shop&#8220;][\/vc_column][vc_column width=&#8220;1\/4&#8243;][vc_single_image image=&#8220;98144&#8243; img_size=&#8220;full&#8220; onclick=&#8220;custom_link&#8220; link=&#8220;https:\/\/ucm.one\/de\/produkt\/sharknado-more-sharks-more-nado-10th-anniversary-edition-cover-a\/&#8220;][vc_btn title=&#8220;<small>Blu-ray (Cover A)<\/small>&#8220; color=&#8220;white&#8220; size=&#8220;sm&#8220; align=&#8220;center&#8220; css=&#8220;.vc_custom_1698866148453{margin-top: -35px !important;}&#8220; button_block=&#8220;true&#8220; link=&#8220;url:https%3A%2F%2Fucm.one%2Fde%2Fprodukt%2Fsharknado-more-sharks-more-nado-10th-anniversary-edition-cover-a%2F|title:Shop&#8220;][\/vc_column][vc_column width=&#8220;1\/4&#8243;][vc_single_image image=&#8220;98146&#8243; img_size=&#8220;full&#8220; onclick=&#8220;custom_link&#8220; link=&#8220;https:\/\/ucm.one\/de\/produkt\/sharknado-more-sharks-more-nado-10th-anniversary-edition-cover-a\/&#8220;][vc_btn title=&#8220;<small>DVD (Cover A)<\/small>&#8220; color=&#8220;white&#8220; size=&#8220;sm&#8220; align=&#8220;center&#8220; css=&#8220;.vc_custom_1698866160255{margin-top: -35px !important;}&#8220; button_block=&#8220;true&#8220; link=&#8220;url:https%3A%2F%2Fucm.one%2Fde%2Fprodukt%2Fsharknado-more-sharks-more-nado-10th-anniversary-edition-cover-a%2F|title:Shop&#8220;][\/vc_column][\/vc_row][vc_row][vc_column][vc_column_text]<\/p>\n<p class=\"yikes-custom-woo-tab-title yikes-custom-woo-tab-title-ausstattungen-technische-daten\"><span style=\"font-size: 12pt;\">Ausstattungen &amp; technische Daten:<\/span><\/p>\n<p><strong>4K Ultra HD Blu-ray &amp; Blu-ray | <\/strong>4K Ultra HD Blu-ray Bildformat: WS 1.78:1 \/ 3840 X 2160p, SDR; Blu-ray Bildformat: WS 1.78:1 \/ 1080p 23,976<span lang=\"EN-US\">\u00a0<\/span>| Laufzeit: 91 Min. | Tonformate: Deutsch DTS-HD Master Audio 5.1, Englisch DTS-HD Master Audio 5.1 <span lang=\"EN-US\">| Extras: Original Trailer, Teaser 10th Anniversary-Edition, Making of, Gag-Reel | Wendecover ohne FSK-Logo, im Schuber mit abl\u00f6sbarem FSK-Sticker <\/span><span lang=\"EN-US\">| Genres: Action, Horror | <\/span>FSK 16 (Deskriptoren: Verletzung)<\/p>\n<p><strong>Blu-ray | <\/strong>Bildformat: WS 1.78:1 \/ 1080p 23,976<span lang=\"EN-US\">\u00a0<\/span>| Laufzeit: 91 Min. | Tonformate: Deutsch DTS-HD Master Audio 5.1, Englisch DTS-HD Master Audio 5.1 <span lang=\"EN-US\">| Extras: Original Trailer, Teaser 10th Anniversary-Edition, Making of, Gag-Reel | Wendecover ohne FSK-Logo <\/span><span lang=\"EN-US\">| Genres: Action, Horror | <\/span>FSK 16 (Deskriptoren: Verletzung)<\/p>\n<p><strong>DVD | <\/strong>Bildformat: WS 1.78:1 (anamorph)<span lang=\"EN-US\">\u00a0<\/span>| Laufzeit: 87 Min. | Tonformate: Deutsch DD 5.1, Englisch DD 5.1\u00a0<span lang=\"EN-US\">| Extras: Original Trailer, Teaser 10th Anniversary-Edition, Making of, Gag-Reel | Wendecover ohne FSK-Logo <\/span><span lang=\"EN-US\">| Genres: Action, Horror | <\/span>FSK 16 (Deskriptoren: Verletzung)[\/vc_column_text][vc_empty_space height=&#8220;10px&#8220;][\/vc_column][\/vc_row][vc_row][vc_column][vc_column_text]<strong>Ebenfalls k\u00f6nnen die beiden aktuellen Kinoposter in limitierter Auflage im <a title=\"\" href=\"https:\/\/ucm.one\/de\/sharkshop\" class=\"shortlink shortlink-196\" rel=\"\">Shop<\/a> erworben werden.<\/strong>[\/vc_column_text][vc_separator][\/vc_column][\/vc_row][vc_row][vc_column width=&#8220;1\/2&#8243;][vc_column_text]Weitere Informationen \u00fcber den Film: <a title=\"Sharknado \u2013 More Sharks, More \u2018Nado! (2023) von Anthony C. Ferrante | M-Square Pictures\" href=\"https:\/\/ucm.one\/de\/sharknado-more-sharks-more-nado\/\">Sharknado \u2013 More Sharks, More \u2018Nado!<\/a>[\/vc_column_text][\/vc_column][vc_column width=&#8220;1\/2&#8243;][vc_column_text]Weitere Informationen \u00fcber das Filmlabel: <a title=\"M-Square Pictures\" href=\"https:\/\/ucm.one\/de\/film-labels\/m-square-pictures\">M-Square Pictures<\/a>[\/vc_column_text][\/vc_column][\/vc_row]<\/p>\n<\/div>","protected":false},"excerpt":{"rendered":"<p>[vc_row][vc_column][vc_column_text css=&#8220;&#8220;] Die deutsche Cinemaxx-Kette feiert Ende Mai in allen ihren Kinos die &#8222;Sharkweek&#8220;\u00a0mit den &#8222;Hai-Lights&#8222; der Kinogeschichte. Neben &#8222;Der wei\u00dfe Hai&#8222;, &#8222;MEG&#8220; und zwei Kinderzeichentrickfilmen steht am Freitag, den 31. Mai, in allen 27 Kinos der Gruppe &#8222;Sharknado&#8220; in der neuen 4K 10th Anniversary Version im Verleih von UCM.ONE auf dem Programm. [\/vc_column_text][\/vc_column][\/vc_row][vc_row][vc_column width=&#8220;3\/4&#8243;][vc_row_inner][vc_column_inner][vc_column_text]Der&hellip;<\/p>\n","protected":false},"author":2,"featured_media":104699,"comment_status":"closed","ping_status":"closed","sticky":false,"template":"","format":"standard","meta":{"_acf_changed":false,"footnotes":""},"categories":[8,15325,10,1046,13],"tags":[16664,17748,4810,4784,4786,16663,16662,4783,16665,17749,4785,2387],"class_list":["post-104698","post","type-post","status-publish","format-standard","has-post-thumbnail","hentry","category-film","category-filmvertrieb-de","category-kino","category-m-square-pictures","category-news","tag-10th-anniversary","tag-cinemaxx","tag-haie","tag-ian-ziering","tag-john-heard","tag-more-nado","tag-more-sharks","tag-sharknado","tag-sharks","tag-sharkweek","tag-tara-reid","tag-the-asylum","category-8","category-15325","category-10","category-1046","category-13","description-off"],"acf":[],"yoast_head":"<!-- This site is optimized with the Yoast SEO plugin v27.5 - https:\/\/yoast.com\/product\/yoast-seo-wordpress\/ -->\n<title>Cinemaxx feiert &quot;Sharkweek&quot; mit der 4K-Version von &quot;Sharknado&quot;<\/title>\n<meta name=\"description\" content=\"Neben &quot;Der wei\u00dfe Hai&quot;, &quot;MEG&quot; und zwei Kinderzeichentrickfilmen steht am Freitag, den 31. Mai, in allen 27 Kinos der Gruppe &quot;Sharknado&quot; auf dem Programm.\" \/>\n<meta name=\"robots\" content=\"index, follow, max-snippet:-1, max-image-preview:large, max-video-preview:-1\" \/>\n<link rel=\"canonical\" href=\"https:\/\/ucm.one\/de\/cinemaxx-feiert-sharkweek-mit-der-4k-version-von-sharknado\/\" \/>\n<meta property=\"og:locale\" content=\"de_DE\" \/>\n<meta property=\"og:type\" content=\"article\" \/>\n<meta property=\"og:title\" content=\"Cinemaxx feiert &quot;Sharkweek&quot; mit der 4K-Version von &quot;Sharknado&quot;\" \/>\n<meta property=\"og:description\" content=\"Neben &quot;Der wei\u00dfe Hai&quot;, &quot;MEG&quot; und zwei Kinderzeichentrickfilmen steht am Freitag, den 31. Mai, in allen 27 Kinos der Gruppe &quot;Sharknado&quot; auf dem Programm.\" \/>\n<meta property=\"og:url\" content=\"https:\/\/ucm.one\/de\/cinemaxx-feiert-sharkweek-mit-der-4k-version-von-sharknado\/\" \/>\n<meta property=\"og:site_name\" content=\"UCM.ONE\" \/>\n<meta property=\"article:published_time\" content=\"2024-05-30T07:05:59+00:00\" \/>\n<meta property=\"article:modified_time\" content=\"2024-06-02T16:17:52+00:00\" \/>\n<meta property=\"og:image\" content=\"https:\/\/ucm.one\/wp-content\/uploads\/2024\/05\/Sharkweek-DE-1080x1080-1.jpeg\" \/>\n\t<meta property=\"og:image:width\" content=\"1080\" \/>\n\t<meta property=\"og:image:height\" content=\"1080\" \/>\n\t<meta property=\"og:image:type\" content=\"image\/jpeg\" \/>\n<meta name=\"author\" content=\"Joachim Keil\" \/>\n<meta name=\"twitter:card\" content=\"summary_large_image\" \/>\n<meta name=\"twitter:title\" content=\"Cinemaxx feiert &quot;Sharkweek&quot; mit der 4K-Version von &quot;Sharknado&quot;\" \/>\n<meta name=\"twitter:description\" content=\"Neben &quot;Der wei\u00dfe Hai&quot;, &quot;MEG&quot; und zwei Kinderzeichentrickfilmen steht am Freitag, den 31. Mai, in allen 27 Kinos der Gruppe &quot;Sharknado&quot; auf dem Programm.\" \/>\n<meta name=\"twitter:image\" content=\"https:\/\/ucm.one\/wp-content\/uploads\/2024\/05\/Sharkweek-DE-1080x1080-1.jpeg\" \/>\n<meta name=\"twitter:label1\" content=\"Verfasst von\" \/>\n\t<meta name=\"twitter:data1\" content=\"Joachim Keil\" \/>\n\t<meta name=\"twitter:label2\" content=\"Gesch\u00e4tzte Lesezeit\" \/>\n\t<meta name=\"twitter:data2\" content=\"5\u00a0Minuten\" \/>\n<!-- \/ Yoast SEO plugin. -->","yoast_head_json":{"title":"Cinemaxx feiert \"Sharkweek\" mit der 4K-Version von \"Sharknado\"","description":"Neben \"Der wei\u00dfe Hai\", \"MEG\" und zwei Kinderzeichentrickfilmen steht am Freitag, den 31. Mai, in allen 27 Kinos der Gruppe \"Sharknado\" auf dem Programm.","robots":{"index":"index","follow":"follow","max-snippet":"max-snippet:-1","max-image-preview":"max-image-preview:large","max-video-preview":"max-video-preview:-1"},"canonical":"https:\/\/ucm.one\/de\/cinemaxx-feiert-sharkweek-mit-der-4k-version-von-sharknado\/","og_locale":"de_DE","og_type":"article","og_title":"Cinemaxx feiert \"Sharkweek\" mit der 4K-Version von \"Sharknado\"","og_description":"Neben \"Der wei\u00dfe Hai\", \"MEG\" und zwei Kinderzeichentrickfilmen steht am Freitag, den 31. Mai, in allen 27 Kinos der Gruppe \"Sharknado\" auf dem Programm.","og_url":"https:\/\/ucm.one\/de\/cinemaxx-feiert-sharkweek-mit-der-4k-version-von-sharknado\/","og_site_name":"UCM.ONE","article_published_time":"2024-05-30T07:05:59+00:00","article_modified_time":"2024-06-02T16:17:52+00:00","og_image":[{"width":1080,"height":1080,"url":"https:\/\/ucm.one\/wp-content\/uploads\/2024\/05\/Sharkweek-DE-1080x1080-1.jpeg","type":"image\/jpeg"}],"author":"Joachim Keil","twitter_card":"summary_large_image","twitter_title":"Cinemaxx feiert \"Sharkweek\" mit der 4K-Version von \"Sharknado\"","twitter_description":"Neben \"Der wei\u00dfe Hai\", \"MEG\" und zwei Kinderzeichentrickfilmen steht am Freitag, den 31. Mai, in allen 27 Kinos der Gruppe \"Sharknado\" auf dem Programm.","twitter_image":"https:\/\/ucm.one\/wp-content\/uploads\/2024\/05\/Sharkweek-DE-1080x1080-1.jpeg","twitter_misc":{"Verfasst von":"Joachim Keil","Gesch\u00e4tzte Lesezeit":"5\u00a0Minuten"},"schema":{"@context":"https:\/\/schema.org","@graph":[{"@type":"Article","@id":"https:\/\/ucm.one\/de\/cinemaxx-feiert-sharkweek-mit-der-4k-version-von-sharknado\/#article","isPartOf":{"@id":"https:\/\/ucm.one\/de\/cinemaxx-feiert-sharkweek-mit-der-4k-version-von-sharknado\/"},"author":{"name":"Joachim Keil","@id":"https:\/\/ucm.one\/de\/#\/schema\/person\/4b959e467e8acc058836467a0ef8fa50"},"headline":"\ud83c\udfac Cinemaxx feiert &#8222;Sharkweek&#8220; mit der 4K-Version von &#8222;Sharknado&#8220;","datePublished":"2024-05-30T07:05:59+00:00","dateModified":"2024-06-02T16:17:52+00:00","mainEntityOfPage":{"@id":"https:\/\/ucm.one\/de\/cinemaxx-feiert-sharkweek-mit-der-4k-version-von-sharknado\/"},"wordCount":1306,"publisher":{"@id":"https:\/\/ucm.one\/de\/#organization"},"image":{"@id":"https:\/\/ucm.one\/de\/cinemaxx-feiert-sharkweek-mit-der-4k-version-von-sharknado\/#primaryimage"},"thumbnailUrl":"https:\/\/ucm.one\/wp-content\/uploads\/2024\/05\/B-Sharkweek-2024.jpeg","keywords":["10th Anniversary","Cinemaxx","Haie","Ian Ziering","John Heard","More 'Nado","More Sharks","Sharknado","Sharks","Sharkweek","Tara Reid","The Asylum"],"articleSection":["Film","Filmvertrieb","Kino","M-Square Pictures","News"],"inLanguage":"de"},{"@type":"WebPage","@id":"https:\/\/ucm.one\/de\/cinemaxx-feiert-sharkweek-mit-der-4k-version-von-sharknado\/","url":"https:\/\/ucm.one\/de\/cinemaxx-feiert-sharkweek-mit-der-4k-version-von-sharknado\/","name":"Cinemaxx feiert \"Sharkweek\" mit der 4K-Version von \"Sharknado\"","isPartOf":{"@id":"https:\/\/ucm.one\/de\/#website"},"primaryImageOfPage":{"@id":"https:\/\/ucm.one\/de\/cinemaxx-feiert-sharkweek-mit-der-4k-version-von-sharknado\/#primaryimage"},"image":{"@id":"https:\/\/ucm.one\/de\/cinemaxx-feiert-sharkweek-mit-der-4k-version-von-sharknado\/#primaryimage"},"thumbnailUrl":"https:\/\/ucm.one\/wp-content\/uploads\/2024\/05\/B-Sharkweek-2024.jpeg","datePublished":"2024-05-30T07:05:59+00:00","dateModified":"2024-06-02T16:17:52+00:00","description":"Neben \"Der wei\u00dfe Hai\", \"MEG\" und zwei Kinderzeichentrickfilmen steht am Freitag, den 31. Mai, in allen 27 Kinos der Gruppe \"Sharknado\" auf dem Programm.","breadcrumb":{"@id":"https:\/\/ucm.one\/de\/cinemaxx-feiert-sharkweek-mit-der-4k-version-von-sharknado\/#breadcrumb"},"inLanguage":"de","potentialAction":[{"@type":"ReadAction","target":["https:\/\/ucm.one\/de\/cinemaxx-feiert-sharkweek-mit-der-4k-version-von-sharknado\/"]}]},{"@type":"ImageObject","inLanguage":"de","@id":"https:\/\/ucm.one\/de\/cinemaxx-feiert-sharkweek-mit-der-4k-version-von-sharknado\/#primaryimage","url":"https:\/\/ucm.one\/wp-content\/uploads\/2024\/05\/B-Sharkweek-2024.jpeg","contentUrl":"https:\/\/ucm.one\/wp-content\/uploads\/2024\/05\/B-Sharkweek-2024.jpeg","width":1920,"height":600},{"@type":"BreadcrumbList","@id":"https:\/\/ucm.one\/de\/cinemaxx-feiert-sharkweek-mit-der-4k-version-von-sharknado\/#breadcrumb","itemListElement":[{"@type":"ListItem","position":1,"name":"Home","item":"https:\/\/ucm.one\/de\/"},{"@type":"ListItem","position":2,"name":"\ud83c\udfac Cinemaxx feiert &#8222;Sharkweek&#8220; mit der 4K-Version von &#8222;Sharknado&#8220;"}]},{"@type":"WebSite","@id":"https:\/\/ucm.one\/de\/#website","url":"https:\/\/ucm.one\/de\/","name":"UCM.ONE","description":"","publisher":{"@id":"https:\/\/ucm.one\/de\/#organization"},"potentialAction":[{"@type":"SearchAction","target":{"@type":"EntryPoint","urlTemplate":"https:\/\/ucm.one\/de\/?s={search_term_string}"},"query-input":{"@type":"PropertyValueSpecification","valueRequired":true,"valueName":"search_term_string"}}],"inLanguage":"de"},{"@type":"Organization","@id":"https:\/\/ucm.one\/de\/#organization","name":"UCM.ONE","url":"https:\/\/ucm.one\/de\/","logo":{"@type":"ImageObject","inLanguage":"de","@id":"https:\/\/ucm.one\/de\/#\/schema\/logo\/image\/","url":"https:\/\/ucm.one\/wp-content\/uploads\/2019\/10\/UCM.ONE-Logo-RGB.svg","contentUrl":"https:\/\/ucm.one\/wp-content\/uploads\/2019\/10\/UCM.ONE-Logo-RGB.svg","width":1,"height":1,"caption":"UCM.ONE"},"image":{"@id":"https:\/\/ucm.one\/de\/#\/schema\/logo\/image\/"}},{"@type":"Person","@id":"https:\/\/ucm.one\/de\/#\/schema\/person\/4b959e467e8acc058836467a0ef8fa50","name":"Joachim Keil","image":{"@type":"ImageObject","inLanguage":"de","@id":"https:\/\/secure.gravatar.com\/avatar\/10e1dfd05f2a7a7bc83cd44bae31e01c8ac15f974229211a2b1a49fa0a22fec0?s=96&d=mm&r=g","url":"https:\/\/secure.gravatar.com\/avatar\/10e1dfd05f2a7a7bc83cd44bae31e01c8ac15f974229211a2b1a49fa0a22fec0?s=96&d=mm&r=g","contentUrl":"https:\/\/secure.gravatar.com\/avatar\/10e1dfd05f2a7a7bc83cd44bae31e01c8ac15f974229211a2b1a49fa0a22fec0?s=96&d=mm&r=g","caption":"Joachim Keil"},"sameAs":["https:\/\/ucm.one"]}]}},"_links":{"self":[{"href":"https:\/\/ucm.one\/de\/wp-json\/wp\/v2\/posts\/104698","targetHints":{"allow":["GET"]}}],"collection":[{"href":"https:\/\/ucm.one\/de\/wp-json\/wp\/v2\/posts"}],"about":[{"href":"https:\/\/ucm.one\/de\/wp-json\/wp\/v2\/types\/post"}],"author":[{"embeddable":true,"href":"https:\/\/ucm.one\/de\/wp-json\/wp\/v2\/users\/2"}],"replies":[{"embeddable":true,"href":"https:\/\/ucm.one\/de\/wp-json\/wp\/v2\/comments?post=104698"}],"version-history":[{"count":9,"href":"https:\/\/ucm.one\/de\/wp-json\/wp\/v2\/posts\/104698\/revisions"}],"predecessor-version":[{"id":104713,"href":"https:\/\/ucm.one\/de\/wp-json\/wp\/v2\/posts\/104698\/revisions\/104713"}],"wp:featuredmedia":[{"embeddable":true,"href":"https:\/\/ucm.one\/de\/wp-json\/wp\/v2\/media\/104699"}],"wp:attachment":[{"href":"https:\/\/ucm.one\/de\/wp-json\/wp\/v2\/media?parent=104698"}],"wp:term":[{"taxonomy":"category","embeddable":true,"href":"https:\/\/ucm.one\/de\/wp-json\/wp\/v2\/categories?post=104698"},{"taxonomy":"post_tag","embeddable":true,"href":"https:\/\/ucm.one\/de\/wp-json\/wp\/v2\/tags?post=104698"}],"curies":[{"name":"wp","href":"https:\/\/api.w.org\/{rel}","templated":true}]}}