{"id":104112,"date":"2024-05-03T20:39:26","date_gmt":"2024-05-03T20:39:26","guid":{"rendered":"https:\/\/ucm.one\/?p=104112"},"modified":"2024-06-02T19:07:59","modified_gmt":"2024-06-02T19:07:59","slug":"finnische-band-grain-of-pain-unterzeichnet-beim-label-noble-demon-und-veroeffentlicht-erste-single","status":"publish","type":"post","link":"https:\/\/ucm.one\/de\/finnische-band-grain-of-pain-unterzeichnet-beim-label-noble-demon-und-veroeffentlicht-erste-single\/","title":{"rendered":"\ud83c\udfb5 Finnische Band &#8222;Grain of Pain&#8220; unterzeichnet beim Label Noble Demon und ver\u00f6ffentlicht erste Single"},"content":{"rendered":"<div class=\"wpb-content-wrapper\"><p>[vc_row][vc_column][vc_column_text]Die finnische Doom\/Death Metal Band\u00a0<strong>Grain of Pain <\/strong>hat einen Vertrag bei <strong>Noble Demon <\/strong>unterschrieben und wird am 31. Mai ihr Deb\u00fctalbum mit dem Titel &#8222;<strong>The Moon Lights The Way<\/strong>&#8220; ver\u00f6ffentlichen. Die Musik der Band, rund um den produktiven <strong>Timo Solonen<\/strong>, ist eine kraftvolle Verschmelzung von dunklen, emotionalen Melodien und eindringlichem Gesang.[\/vc_column_text][\/vc_column][\/vc_row][vc_row][vc_column width=&#8220;2\/4&#8243;][vc_column_text]Das Line-up von <strong>Grain of Pain<\/strong> besteht aus einer Reihe hochkar\u00e4tiger Musiker, allen voran <strong>Timo Solonen<\/strong>, der nicht nur seine F\u00e4higkeiten als Komponist unter Beweis stellt, sondern auch Growls und Gitarren beisteuert. Neben ihm stehen <strong>Juho R\u00e4ih\u00e4<\/strong> an der Gitarre, <strong>Lars Eikind<\/strong> am Bass und mit cleanen Vocals, <strong>Juuso Raatikainen<\/strong> am Schlagzeug und <strong>Sini Pajunen<\/strong>, die ihren fesselnden Gesang beisteuert. Last but not least bereichert <strong>Taka Eliel<\/strong> mit seinen Backing Growls den d\u00fcsteren Sound der Band.[\/vc_column_text][vc_column_text]Der Sound von <strong>Graijn of Pain<\/strong> zeichnet sich durch seine emotionale Tiefe aus und sch\u00f6pft aus einer Vielzahl von Einfl\u00fcssen, um eine einzigartige Mischung aus dunklen Atmosph\u00e4ren und kraftvollen Melodien zu kreieren. Das K\u00f6nnen der Band hat bereits f\u00fcr Aufsehen gesorgt: <strong>Lars Eikind<\/strong> gewann den prestigetr\u00e4chtigen <strong>Spellemannsprisen<\/strong> in Norwegen und sowohl Juho R\u00e4ih\u00e4 als auch <strong>Juuso Raatikainen<\/strong> wurden mit <strong>Swallow the Sun<\/strong> f\u00fcr einen <strong>finnischen Grammy<\/strong> nominiert.[\/vc_column_text][\/vc_column][vc_column width=&#8220;1\/4&#8243;][vc_single_image image=&#8220;104082&#8243; img_size=&#8220;full&#8220; onclick=&#8220;link_image&#8220;][vc_btn title=&#8220;The Moon Lights The Way<br \/>\n<small>2024\u30fbSingle<\/small>&#8220; shape=&#8220;square&#8220; color=&#8220;white&#8220; size=&#8220;xs&#8220; align=&#8220;center&#8220; button_block=&#8220;true&#8220; css=&#8220;.vc_custom_1714915693978{margin-top: -35px !important;}&#8220; link=&#8220;url:https%3A%2F%2Fmusic.nobledemon.com%2Fway|title:The%20Moon%20Lights%20The%20Way|target:_blank&#8220;][vc_btn title=&#8220;Download \/ Streaming&#8220; style=&#8220;flat&#8220; color=&#8220;sky&#8220; size=&#8220;sm&#8220; align=&#8220;center&#8220; i_icon_fontawesome=&#8220;fas fa-external-link-square-alt&#8220; button_block=&#8220;true&#8220; add_icon=&#8220;true&#8220; link=&#8220;url:https%3A%2F%2Fmusic.nobledemon.com%2Fway|title:The%20Moon%20Lights%20The%20Way|target:_blank&#8220; css=&#8220;.vc_custom_1714915709489{margin-top: -20px !important;}&#8220;][vc_empty_space height=&#8220;1px&#8220;][\/vc_column][vc_column width=&#8220;1\/4&#8243;][vc_single_image image=&#8220;104080&#8243; img_size=&#8220;full&#8220; onclick=&#8220;link_image&#8220;][vc_btn title=&#8220;The Moon Lights The Way<br \/>\n<small>2024\u30fbAlbum<\/small>&#8220; shape=&#8220;square&#8220; color=&#8220;white&#8220; size=&#8220;xs&#8220; align=&#8220;center&#8220; button_block=&#8220;true&#8220; css=&#8220;.vc_custom_1714915731173{margin-top: -35px !important;}&#8220; link=&#8220;url:https%3A%2F%2Fmusic.nobledemon.com%2Fway|title:The%20Moon%20Lights%20The%20Way|target:_blank&#8220;][vc_btn title=&#8220;Vorverkauf \/ Vormerken&#8220; style=&#8220;flat&#8220; color=&#8220;inverse&#8220; size=&#8220;sm&#8220; align=&#8220;center&#8220; i_icon_fontawesome=&#8220;fas fa-external-link-square-alt&#8220; button_block=&#8220;true&#8220; add_icon=&#8220;true&#8220; link=&#8220;url:https%3A%2F%2Fmusic.nobledemon.com%2Fway|title:The%20Moon%20Lights%20The%20Way|target:_blank&#8220; css=&#8220;.vc_custom_1714915748577{margin-top: -20px !important;}&#8220;][vc_empty_space height=&#8220;1px&#8220;][\/vc_column][\/vc_row][vc_row][vc_column][vc_column_text]<\/p>\n<div><strong>Patrick Walch<\/strong>, Gr\u00fcnder, A&amp;R und digital marketer von <strong>Noble Demon<\/strong>, \u00fcber den j\u00fcngsten Neuzugang im Label-Roster: &#8222;<em>Es ist wohl kein Geheimnis, dass wir bei Noble Demon ein Faible f\u00fcr massiven, melodischen und doomigen Metal aus Finnland haben. Nachdem wir also die ersten hochgradig s\u00fcchtig machenden Songs von Grain of Pain geh\u00f6rt haben, haben wir nicht lange gez\u00f6gert und gemeinsam mit dem supertalentierten Timo das Deb\u00fctalbum geplant, um der Welt einmal mehr zu zeigen, warum sich die Ger\u00fcchte hartn\u00e4ckig halten, dass die Finnen den Metal vom ersten Tag an mit der Muttermilch aufgesogen haben!<\/em>&#8222;<\/div>\n<div>\n<div><\/div>\n<\/div>\n<p>[\/vc_column_text][vc_column_text]<\/p>\n<div>Einen Vorgeschmack auf das, was kommen wird, bietet der Titeltrack des Albums und die erste Single &#8222;<strong>The Moon Lights The Way<\/strong>&#8222;, die von einem visuell stimmungsvollen Lyric-Video begleitet wir.<\/div>\n<div>\n<div><\/div>\n<\/div>\n<p>[\/vc_column_text][\/vc_column][\/vc_row][vc_row][vc_column width=&#8220;1\/2&#8243;][vc_empty_space height=&#8220;10px&#8220;][vc_single_image image=&#8220;104115&#8243; img_size=&#8220;full&#8220; onclick=&#8220;link_image&#8220;][\/vc_column][vc_column width=&#8220;1\/2&#8243;][vc_column_text]Mastermind <strong>Timo Solonen<\/strong> \u00fcber den Track: &#8222;<em>Wenn man versucht, etwas zu erreichen, das vielversprechend aussieht. Oder wenn du versuchst, etwas aus deinem fr\u00fcheren Leben zur\u00fcckzubekommen und es misslingt. All die Emotionen gehen einem durch den Kopf. Oder ist es doch etwas anderes? Die Zuh\u00f6rer werden dies anhand ihres eigenen Lebens h\u00f6ren und erleben. Diese Erfahrung m\u00f6chte ich ihnen nicht nehmen.<\/em>&#8222;[\/vc_column_text][vc_column_text]<\/p>\n<div><span style=\"font-size: 12pt;\"><strong>Tracklist des Albums:<\/strong><\/span><\/div>\n<div>01. Beneath<\/div>\n<div>02. Sun For Thee<\/div>\n<div>03. The Moon Lights The Way<\/div>\n<div>04. As Suffering Ends<\/div>\n<div>05. The Witch<\/div>\n<div>06. Can&#8217;t Be Fallen<\/div>\n<div>07. Last Morning<\/div>\n<div>08. The Path (bonus track)<\/div>\n<div>09. Black Dust (bonus track)<\/div>\n<p>[\/vc_column_text][\/vc_column][\/vc_row][vc_row][vc_column][vc_column_text]&#8220;<strong>The Moon Lights The Way<\/strong>&#8220; wird am 31. Mai digital \u00fcber <strong>Noble Demon<\/strong> ver\u00f6ffentlicht.[\/vc_column_text][\/vc_column][\/vc_row][vc_row][vc_column][vc_separator][vc_video link=&#8220;https:\/\/youtu.be\/SjbKDxF6B50?si=7uShgRu6qEwt6jlU&#8220; title=&#8220;Grain Of Pain &#8211; The Moon Lights The Way&#8220;][\/vc_column][\/vc_row][vc_row][vc_column width=&#8220;1\/2&#8243;][vc_column_text]Weitere Informationen \u00fcber die Band: <a title=\"Grain of Pain | Noble Demon\" href=\"https:\/\/ucm.one\/de\/grain-of-pain\/\">Grain of Pain<\/a>[\/vc_column_text][\/vc_column][vc_column width=&#8220;1\/2&#8243;][vc_column_text]Weitere Informationen \u00fcber das Label: <a title=\"Noble Demon\" href=\"https:\/\/ucm.one\/de\/musik-labels\/noble-demon\/\">Noble Demon<\/a>[\/vc_column_text][\/vc_column][\/vc_row]<\/p>\n<\/div>","protected":false},"excerpt":{"rendered":"<p>[vc_row][vc_column][vc_column_text]Die finnische Doom\/Death Metal Band\u00a0Grain of Pain hat einen Vertrag bei Noble Demon unterschrieben und wird am 31. Mai ihr Deb\u00fctalbum mit dem Titel &#8222;The Moon Lights The Way&#8220; ver\u00f6ffentlichen. Die Musik der Band, rund um den produktiven Timo Solonen, ist eine kraftvolle Verschmelzung von dunklen, emotionalen Melodien und eindringlichem Gesang.[\/vc_column_text][\/vc_column][\/vc_row][vc_row][vc_column width=&#8220;2\/4&#8243;][vc_column_text]Das Line-up von Grain&hellip;<\/p>\n","protected":false},"author":2,"featured_media":104113,"comment_status":"closed","ping_status":"closed","sticky":false,"template":"","format":"standard","meta":{"_acf_changed":false,"footnotes":""},"categories":[10190,9,13,7077],"tags":[17599,17602,17597,17605,17604,17603,7079,9178,17606,17598,17601,17600],"class_list":["post-104112","post","type-post","status-publish","format-standard","has-post-thumbnail","hentry","category-merchandising","category-musik","category-news","category-noble-demon","tag-dronicon-films","tag-gogo-malone","tag-grain-of-pain","tag-juho-raeihae","tag-juuso-raatikainen","tag-lars-eikind","tag-noble-demon","tag-swallow-the-sun","tag-taka-eliel","tag-the-moon-lights-the-way","tag-timo-solonen","tag-vesa-ranta","category-10190","category-9","category-13","category-7077","description-off"],"acf":[],"yoast_head":"<!-- This site is optimized with the Yoast SEO plugin v27.5 - https:\/\/yoast.com\/product\/yoast-seo-wordpress\/ -->\n<title>Finnische Band &quot;Grain of Pain&quot; unterzeichnet bei Noble Demon<\/title>\n<meta name=\"description\" content=\"Die finnische Metal Band\u00a0Grain of Pain hat einen Vertrag bei Noble Demon unterschrieben und wird ihr Debutalbum &quot;The Moon Lights The Way&quot; ver\u00f6ffentlichen.\" \/>\n<meta name=\"robots\" content=\"index, follow, max-snippet:-1, max-image-preview:large, max-video-preview:-1\" \/>\n<link rel=\"canonical\" href=\"https:\/\/ucm.one\/de\/finnische-band-grain-of-pain-unterzeichnet-beim-label-noble-demon-und-veroeffentlicht-erste-single\/\" \/>\n<meta property=\"og:locale\" content=\"de_DE\" \/>\n<meta property=\"og:type\" content=\"article\" \/>\n<meta property=\"og:title\" content=\"Finnische Band &quot;Grain of Pain&quot; unterzeichnet bei Noble Demon\" \/>\n<meta property=\"og:description\" content=\"Die finnische Band\u00a0Grain of Pain hat einen Vertrag bei Noble Demon unterschrieben und wird Deb\u00fctalbum &quot;The Moon Lights The Way&quot; ver\u00f6ffentlichen.\" \/>\n<meta property=\"og:url\" content=\"https:\/\/ucm.one\/de\/finnische-band-grain-of-pain-unterzeichnet-beim-label-noble-demon-und-veroeffentlicht-erste-single\/\" \/>\n<meta property=\"og:site_name\" content=\"UCM.ONE\" \/>\n<meta property=\"article:published_time\" content=\"2024-05-03T20:39:26+00:00\" \/>\n<meta property=\"article:modified_time\" content=\"2024-06-02T19:07:59+00:00\" \/>\n<meta property=\"og:image\" content=\"https:\/\/ucm.one\/wp-content\/uploads\/2024\/05\/C-Grain-of-Pain-The-Moon-Lights-The-Way-Single.jpg\" \/>\n\t<meta property=\"og:image:width\" content=\"1000\" \/>\n\t<meta property=\"og:image:height\" content=\"1000\" \/>\n\t<meta property=\"og:image:type\" content=\"image\/jpeg\" \/>\n<meta name=\"author\" content=\"Joachim Keil\" \/>\n<meta name=\"twitter:card\" content=\"summary_large_image\" \/>\n<meta name=\"twitter:title\" content=\"Finnische Band &quot;Grain of Pain&quot; unterzeichnet bei Noble Demon\" \/>\n<meta name=\"twitter:description\" content=\"Die finnische Band\u00a0Grain of Pain hat einen Vertrag bei Noble Demon unterschrieben und wird Deb\u00fctalbum &quot;The Moon Lights The Way&quot; ver\u00f6ffentlichen.\" \/>\n<meta name=\"twitter:image\" content=\"https:\/\/ucm.one\/wp-content\/uploads\/2024\/05\/C-Grain-of-Pain-The-Moon-Lights-The-Way-Single.jpg\" \/>\n<meta name=\"twitter:label1\" content=\"Verfasst von\" \/>\n\t<meta name=\"twitter:data1\" content=\"Joachim Keil\" \/>\n\t<meta name=\"twitter:label2\" content=\"Gesch\u00e4tzte Lesezeit\" \/>\n\t<meta name=\"twitter:data2\" content=\"4\u00a0Minuten\" \/>\n<!-- \/ Yoast SEO plugin. -->","yoast_head_json":{"title":"Finnische Band \"Grain of Pain\" unterzeichnet bei Noble Demon","description":"Die finnische Metal Band\u00a0Grain of Pain hat einen Vertrag bei Noble Demon unterschrieben und wird ihr Debutalbum \"The Moon Lights The Way\" ver\u00f6ffentlichen.","robots":{"index":"index","follow":"follow","max-snippet":"max-snippet:-1","max-image-preview":"max-image-preview:large","max-video-preview":"max-video-preview:-1"},"canonical":"https:\/\/ucm.one\/de\/finnische-band-grain-of-pain-unterzeichnet-beim-label-noble-demon-und-veroeffentlicht-erste-single\/","og_locale":"de_DE","og_type":"article","og_title":"Finnische Band \"Grain of Pain\" unterzeichnet bei Noble Demon","og_description":"Die finnische Band\u00a0Grain of Pain hat einen Vertrag bei Noble Demon unterschrieben und wird Deb\u00fctalbum \"The Moon Lights The Way\" ver\u00f6ffentlichen.","og_url":"https:\/\/ucm.one\/de\/finnische-band-grain-of-pain-unterzeichnet-beim-label-noble-demon-und-veroeffentlicht-erste-single\/","og_site_name":"UCM.ONE","article_published_time":"2024-05-03T20:39:26+00:00","article_modified_time":"2024-06-02T19:07:59+00:00","og_image":[{"width":1000,"height":1000,"url":"https:\/\/ucm.one\/wp-content\/uploads\/2024\/05\/C-Grain-of-Pain-The-Moon-Lights-The-Way-Single.jpg","type":"image\/jpeg"}],"author":"Joachim Keil","twitter_card":"summary_large_image","twitter_title":"Finnische Band \"Grain of Pain\" unterzeichnet bei Noble Demon","twitter_description":"Die finnische Band\u00a0Grain of Pain hat einen Vertrag bei Noble Demon unterschrieben und wird Deb\u00fctalbum \"The Moon Lights The Way\" ver\u00f6ffentlichen.","twitter_image":"https:\/\/ucm.one\/wp-content\/uploads\/2024\/05\/C-Grain-of-Pain-The-Moon-Lights-The-Way-Single.jpg","twitter_misc":{"Verfasst von":"Joachim Keil","Gesch\u00e4tzte Lesezeit":"4\u00a0Minuten"},"schema":{"@context":"https:\/\/schema.org","@graph":[{"@type":"Article","@id":"https:\/\/ucm.one\/de\/finnische-band-grain-of-pain-unterzeichnet-beim-label-noble-demon-und-veroeffentlicht-erste-single\/#article","isPartOf":{"@id":"https:\/\/ucm.one\/de\/finnische-band-grain-of-pain-unterzeichnet-beim-label-noble-demon-und-veroeffentlicht-erste-single\/"},"author":{"name":"Joachim Keil","@id":"https:\/\/ucm.one\/de\/#\/schema\/person\/4b959e467e8acc058836467a0ef8fa50"},"headline":"\ud83c\udfb5 Finnische Band &#8222;Grain of Pain&#8220; unterzeichnet beim Label Noble Demon und ver\u00f6ffentlicht erste Single","datePublished":"2024-05-03T20:39:26+00:00","dateModified":"2024-06-02T19:07:59+00:00","mainEntityOfPage":{"@id":"https:\/\/ucm.one\/de\/finnische-band-grain-of-pain-unterzeichnet-beim-label-noble-demon-und-veroeffentlicht-erste-single\/"},"wordCount":874,"publisher":{"@id":"https:\/\/ucm.one\/de\/#organization"},"image":{"@id":"https:\/\/ucm.one\/de\/finnische-band-grain-of-pain-unterzeichnet-beim-label-noble-demon-und-veroeffentlicht-erste-single\/#primaryimage"},"thumbnailUrl":"https:\/\/ucm.one\/wp-content\/uploads\/2024\/05\/B-Grain-of-Pain-The-Moon-Lights-The-Way-Single.jpg","keywords":["Dronicon Films","Gogo Malone","Grain of Pain","Juho R\u00e4ih\u00e4","Juuso Raatikainen","Lars Eikind","Noble Demon","Swallow The Sun","Taka Eliel","The Moon Lights The Way","Timo Solonen","Vesa Ranta"],"articleSection":["Merchandising","Musik","News","Noble Demon"],"inLanguage":"de"},{"@type":"WebPage","@id":"https:\/\/ucm.one\/de\/finnische-band-grain-of-pain-unterzeichnet-beim-label-noble-demon-und-veroeffentlicht-erste-single\/","url":"https:\/\/ucm.one\/de\/finnische-band-grain-of-pain-unterzeichnet-beim-label-noble-demon-und-veroeffentlicht-erste-single\/","name":"Finnische Band \"Grain of Pain\" unterzeichnet bei Noble Demon","isPartOf":{"@id":"https:\/\/ucm.one\/de\/#website"},"primaryImageOfPage":{"@id":"https:\/\/ucm.one\/de\/finnische-band-grain-of-pain-unterzeichnet-beim-label-noble-demon-und-veroeffentlicht-erste-single\/#primaryimage"},"image":{"@id":"https:\/\/ucm.one\/de\/finnische-band-grain-of-pain-unterzeichnet-beim-label-noble-demon-und-veroeffentlicht-erste-single\/#primaryimage"},"thumbnailUrl":"https:\/\/ucm.one\/wp-content\/uploads\/2024\/05\/B-Grain-of-Pain-The-Moon-Lights-The-Way-Single.jpg","datePublished":"2024-05-03T20:39:26+00:00","dateModified":"2024-06-02T19:07:59+00:00","description":"Die finnische Metal Band\u00a0Grain of Pain hat einen Vertrag bei Noble Demon unterschrieben und wird ihr Debutalbum \"The Moon Lights The Way\" ver\u00f6ffentlichen.","breadcrumb":{"@id":"https:\/\/ucm.one\/de\/finnische-band-grain-of-pain-unterzeichnet-beim-label-noble-demon-und-veroeffentlicht-erste-single\/#breadcrumb"},"inLanguage":"de","potentialAction":[{"@type":"ReadAction","target":["https:\/\/ucm.one\/de\/finnische-band-grain-of-pain-unterzeichnet-beim-label-noble-demon-und-veroeffentlicht-erste-single\/"]}]},{"@type":"ImageObject","inLanguage":"de","@id":"https:\/\/ucm.one\/de\/finnische-band-grain-of-pain-unterzeichnet-beim-label-noble-demon-und-veroeffentlicht-erste-single\/#primaryimage","url":"https:\/\/ucm.one\/wp-content\/uploads\/2024\/05\/B-Grain-of-Pain-The-Moon-Lights-The-Way-Single.jpg","contentUrl":"https:\/\/ucm.one\/wp-content\/uploads\/2024\/05\/B-Grain-of-Pain-The-Moon-Lights-The-Way-Single.jpg","width":1920,"height":611},{"@type":"BreadcrumbList","@id":"https:\/\/ucm.one\/de\/finnische-band-grain-of-pain-unterzeichnet-beim-label-noble-demon-und-veroeffentlicht-erste-single\/#breadcrumb","itemListElement":[{"@type":"ListItem","position":1,"name":"Home","item":"https:\/\/ucm.one\/de\/"},{"@type":"ListItem","position":2,"name":"\ud83c\udfb5 Finnische Band &#8222;Grain of Pain&#8220; unterzeichnet beim Label Noble Demon und ver\u00f6ffentlicht erste Single"}]},{"@type":"WebSite","@id":"https:\/\/ucm.one\/de\/#website","url":"https:\/\/ucm.one\/de\/","name":"UCM.ONE","description":"","publisher":{"@id":"https:\/\/ucm.one\/de\/#organization"},"potentialAction":[{"@type":"SearchAction","target":{"@type":"EntryPoint","urlTemplate":"https:\/\/ucm.one\/de\/?s={search_term_string}"},"query-input":{"@type":"PropertyValueSpecification","valueRequired":true,"valueName":"search_term_string"}}],"inLanguage":"de"},{"@type":"Organization","@id":"https:\/\/ucm.one\/de\/#organization","name":"UCM.ONE","url":"https:\/\/ucm.one\/de\/","logo":{"@type":"ImageObject","inLanguage":"de","@id":"https:\/\/ucm.one\/de\/#\/schema\/logo\/image\/","url":"https:\/\/ucm.one\/wp-content\/uploads\/2019\/10\/UCM.ONE-Logo-RGB.svg","contentUrl":"https:\/\/ucm.one\/wp-content\/uploads\/2019\/10\/UCM.ONE-Logo-RGB.svg","width":1,"height":1,"caption":"UCM.ONE"},"image":{"@id":"https:\/\/ucm.one\/de\/#\/schema\/logo\/image\/"}},{"@type":"Person","@id":"https:\/\/ucm.one\/de\/#\/schema\/person\/4b959e467e8acc058836467a0ef8fa50","name":"Joachim Keil","image":{"@type":"ImageObject","inLanguage":"de","@id":"https:\/\/secure.gravatar.com\/avatar\/10e1dfd05f2a7a7bc83cd44bae31e01c8ac15f974229211a2b1a49fa0a22fec0?s=96&d=mm&r=g","url":"https:\/\/secure.gravatar.com\/avatar\/10e1dfd05f2a7a7bc83cd44bae31e01c8ac15f974229211a2b1a49fa0a22fec0?s=96&d=mm&r=g","contentUrl":"https:\/\/secure.gravatar.com\/avatar\/10e1dfd05f2a7a7bc83cd44bae31e01c8ac15f974229211a2b1a49fa0a22fec0?s=96&d=mm&r=g","caption":"Joachim Keil"},"sameAs":["https:\/\/ucm.one"]}]}},"_links":{"self":[{"href":"https:\/\/ucm.one\/de\/wp-json\/wp\/v2\/posts\/104112","targetHints":{"allow":["GET"]}}],"collection":[{"href":"https:\/\/ucm.one\/de\/wp-json\/wp\/v2\/posts"}],"about":[{"href":"https:\/\/ucm.one\/de\/wp-json\/wp\/v2\/types\/post"}],"author":[{"embeddable":true,"href":"https:\/\/ucm.one\/de\/wp-json\/wp\/v2\/users\/2"}],"replies":[{"embeddable":true,"href":"https:\/\/ucm.one\/de\/wp-json\/wp\/v2\/comments?post=104112"}],"version-history":[{"count":8,"href":"https:\/\/ucm.one\/de\/wp-json\/wp\/v2\/posts\/104112\/revisions"}],"predecessor-version":[{"id":104128,"href":"https:\/\/ucm.one\/de\/wp-json\/wp\/v2\/posts\/104112\/revisions\/104128"}],"wp:featuredmedia":[{"embeddable":true,"href":"https:\/\/ucm.one\/de\/wp-json\/wp\/v2\/media\/104113"}],"wp:attachment":[{"href":"https:\/\/ucm.one\/de\/wp-json\/wp\/v2\/media?parent=104112"}],"wp:term":[{"taxonomy":"category","embeddable":true,"href":"https:\/\/ucm.one\/de\/wp-json\/wp\/v2\/categories?post=104112"},{"taxonomy":"post_tag","embeddable":true,"href":"https:\/\/ucm.one\/de\/wp-json\/wp\/v2\/tags?post=104112"}],"curies":[{"name":"wp","href":"https:\/\/api.w.org\/{rel}","templated":true}]}}