{"id":103779,"date":"2024-04-23T16:11:08","date_gmt":"2024-04-23T16:11:08","guid":{"rendered":"https:\/\/ucm.one\/?p=103779"},"modified":"2024-04-23T16:29:09","modified_gmt":"2024-04-23T16:29:09","slug":"dokumentarfilm-einhundertvier-nonfy-documentaries-auf-festivals-in-muenchen-und-rostock","status":"publish","type":"post","link":"https:\/\/ucm.one\/de\/dokumentarfilm-einhundertvier-nonfy-documentaries-auf-festivals-in-muenchen-und-rostock\/","title":{"rendered":"\ud83c\udfac Dokumentarfilm \u201eEinhundertvier&#8220; (NONFY Documentaries) auf Festivals in M\u00fcnchen und Rostock"},"content":{"rendered":"<div class=\"wpb-content-wrapper\"><p>[vc_row][vc_column][vc_row_inner][vc_column_inner][vc_column_text]Der Dokumentarfilm &#8222;<strong>Einhundertvier<\/strong>&#8220; von Regisseur <strong>Jonathan Sch\u00f6rnig<\/strong> wird vor seinem offiziellen Kinostart am 23.5.2024 bei verschiedenen Filmfestivals in Deutschland Anfang Mai als Preview gezeigt. Besucher haben die M\u00f6glichkeit, den Film beim <strong>Dok.fest M\u00fcnchen<\/strong> sowie beim <strong>Fish Festival<\/strong> <strong>in Rostock<\/strong> zu sehen. Der Film gibt Einblick in eine Rettungsaktion im Mittelmeer, bei der 104 Menschen aus Seenot gerettet werden. Diese Dokumentation wurde bereits auf dem <strong>Dok.Leipzig<\/strong> 2023 hochgelobt und erhielt dort <em>vier Auszeichnungen<\/em> f\u00fcr Langfilme. Eine lobende Erw\u00e4hnung erfolgte auch im April 2024 beim <strong>Filmfestival in Bozen<\/strong>.[\/vc_column_text][vc_column_text]Die Brisanz des Themas ist durch die j\u00e4hrlich tausenden Todesf\u00e4lle auf der gef\u00e4hrlichsten Fluchtroute der Welt gegeben, die das Mittelmeer darstellt. Die europ\u00e4ische Grenzpolitik und deren Praktiken stehen dabei in der Kritik.[\/vc_column_text][\/vc_column_inner][\/vc_row_inner][\/vc_column][\/vc_row][vc_row][vc_column width=&#8220;1\/2&#8243;][vc_single_image image=&#8220;101547&#8243; img_size=&#8220;full&#8220; onclick=&#8220;link_image&#8220;][\/vc_column][vc_column width=&#8220;1\/2&#8243;][vc_single_image image=&#8220;101549&#8243; img_size=&#8220;full&#8220; onclick=&#8220;link_image&#8220;][\/vc_column][\/vc_row][vc_row][vc_column][vc_row_inner][vc_column_inner][vc_column_text]Der Dokumentarfilm &#8222;<strong>Einhundertvier<\/strong>&#8220; von Regisseur <strong>Jonathan Sch\u00f6rnig<\/strong> wird vor seinem offiziellen Kinostart am 23.5.2024 bei verschiedenen Filmfestivals in Deutschland Anfang Mai als Preview gezeigt. Besucher haben die M\u00f6glichkeit, den Film beim <strong>Dok.fest M\u00fcnchen<\/strong> sowie beim <strong>Fish Festival<\/strong> <strong>in Rostock<\/strong> zu sehen. Der Film gibt Einblick in eine Rettungsaktion im Mittelmeer, bei der 104 Menschen aus Seenot gerettet werden. Diese Dokumentation wurde bereits auf dem <strong>Dok.Leipzig<\/strong> 2023 hochgelobt und erhielt dort <em>vier Auszeichnungen<\/em> f\u00fcr Langfilme. Eine lobende Erw\u00e4hnung erfolgte auch im April 2024 beim <strong>Filmfestival in Bozen<\/strong>.[\/vc_column_text][vc_column_text]Die Brisanz des Themas ist durch die j\u00e4hrlich tausenden Todesf\u00e4lle auf der gef\u00e4hrlichsten Fluchtroute der Welt gegeben, die das Mittelmeer darstellt. Die europ\u00e4ische Grenzpolitik und deren Praktiken stehen dabei in der Kritik.[\/vc_column_text][\/vc_column_inner][\/vc_row_inner][\/vc_column][\/vc_row][vc_row][vc_column width=&#8220;3\/4&#8243;][vc_column_text]Trotz medialer Beweise bleibt es f\u00fcr diejenigen, die diese Situation nicht selbst erlebt haben, unverst\u00e4ndlich:<em><strong> &#8222;Warum wird Hunderten von Menschen in Lebensgefahr die Hilfe verweigert und die zivilen Helfer sogar bedroht und kriminalisiert?!&#8220;<\/strong><\/em>[\/vc_column_text][vc_column_text]<strong>Jonathan Sch\u00f6rnig<\/strong> war von dem Dilemma der mangelnden Wahrnehmung betroffen und entschied sich, eine Seenotrettung als Echtzeitdokumentation auf die Leinwand zu bringen, um zu zeigen, wie qu\u00e4lend lange es dauert, 104 Personen von einem sinkenden Gummiboot zu bergen. Der Film begleitet die Aktion Mensch f\u00fcr Mensch, Schritt f\u00fcr Schritt, mit mehreren parallelen Kameras.[\/vc_column_text][vc_row_inner][vc_column_inner][vc_column_text]<\/p>\n<h3>Inhaltsangabe<\/h3>\n<p>Als die libysche K\u00fcstenwache sich dem deutschen Seenotrettungsboot Eleonore n\u00e4hert, bricht Hektik unter den 104 Fl\u00fcchtlingen aus und der routinierte Rettungsvorgang muss beschleunig werden. Wie eine Seenotrettung ablaufen kann, \u00fcbersteigt jegliche Vorstellungskraft. Die Echtzeitdokumentation \u201eEinhundertvier\u201c bringt diese dramatische Situation n\u00e4her. Der Film zeigt wie qu\u00e4lend lange es dauert, 104 Personen von einem sinkenden Schlauchboot zu bergen. Mensch f\u00fcr Mensch, Schritt f\u00fcr Schritt wird die Aktion mit mehreren parallelen Kameras begleitet. Mit dem Auftauchen der Libyschen K\u00fcstenwache spitzt sich die Lage zu. Tagelang harren die Geretteten und die Crew auf hoher See aus, da kein Mittelmeerland ihnen erlaubt anzulegen. Erst nach einem schlimmen Sturm erreicht das Schiff einen europ\u00e4ischen Hafen.[\/vc_column_text][\/vc_column_inner][\/vc_row_inner][\/vc_column][vc_column width=&#8220;1\/4&#8243;][vc_single_image image=&#8220;101642&#8243; img_size=&#8220;full&#8220; onclick=&#8220;link_image&#8220;][\/vc_column][\/vc_row][vc_row][vc_column][vc_empty_space height=&#8220;20px&#8220;][\/vc_column][\/vc_row][vc_row css=&#8220;.vc_custom_1713889385625{margin: -3px !important;padding: 3px !important;background-color: #f2f2f2 !important;border: 3px solid #c9c9c9 !important;border-radius: 5px !important;}&#8220;][vc_column width=&#8220;1\/2&#8243;][vc_column_text]<\/p>\n<div><div class=\"gap\" style=\"line-height: 20px; height: 20px;\"><\/div><\/div>\n<div><span style=\"font-size: 14pt;\">Screenings in M\u00fcnchen:<\/span><\/div>\n<ul>\n<li>Samstag, 04. Mai 2024, 19:00, HFF &#8211; AUDIMAX<\/li>\n<li>Sonntag, 05. Mai 2024, 15:30, HFF &#8211; KINO 2<\/li>\n<li>Sonntag, 12. Mai 2024, 20:00, ATELIER 1<\/li>\n<\/ul>\n<p>[\/vc_column_text][\/vc_column][vc_column width=&#8220;1\/2&#8243;][vc_column_text]<\/p>\n<div><div class=\"gap\" style=\"line-height: 20px; height: 20px;\"><\/div><\/div>\n<div><span style=\"font-size: 14pt;\">Screening in Rostock:<\/span><\/div>\n<ul>\n<li>Samstag, 11. Mai 2024, 15:00 \u2013 17:00, Frida (Lichtspieltheater Wundervoll)<\/li>\n<\/ul>\n<div>\n<div dir=\"auto\">\n<div dir=\"auto\">\n<div dir=\"auto\"><\/div>\n<\/div>\n<\/div>\n<\/div>\n<p>[\/vc_column_text][\/vc_column][\/vc_row][vc_row][vc_column][vc_empty_space height=&#8220;40px&#8220;][\/vc_column][\/vc_row][vc_row][vc_column][vc_video link=&#8220;https:\/\/youtu.be\/MQ4EhZdZAIQ&#8220; title=&#8220;Einhundertvier | Trailer \u1d34\u1d30&#8220;][\/vc_column][\/vc_row][vc_row disable_element=&#8220;yes&#8220;][vc_column][vc_empty_space height=&#8220;15px&#8220;][vc_separator][vc_row_inner][vc_column_inner width=&#8220;1\/4&#8243;][vc_btn title=&#8220;Amazon&#8220; style=&#8220;classic&#8220; color=&#8220;orange&#8220; size=&#8220;sm&#8220; align=&#8220;center&#8220; i_icon_fontawesome=&#8220;fab fa-amazon&#8220; button_block=&#8220;true&#8220; add_icon=&#8220;true&#8220; link=&#8220;url:https%3A%2F%2Fwww.amazon.de%2FUnter-Ausschlu%C3%9F-%C3%96ffentlichkeit-Mediabook-Blu-ray%2Fdp%2FB0BJYD445L|title:Amazon|target:_blank&#8220;][\/vc_column_inner][vc_column_inner width=&#8220;1\/4&#8243;][vc_btn title=&#8220;JPC&#8220; style=&#8220;classic&#8220; color=&#8220;success&#8220; size=&#8220;sm&#8220; align=&#8220;center&#8220; i_icon_fontawesome=&#8220;far fa-dot-circle&#8220; button_block=&#8220;true&#8220; add_icon=&#8220;true&#8220; link=&#8220;url:https%3A%2F%2Fwww.jpc.de%2Fjpcng%2Fmovie%2Fdetail%2F-%2Fart%2Funter-ausschluss-der-oeffentlichkeit%2Fhnum%2F11049492|title:JPC|target:_blank&#8220;][\/vc_column_inner][vc_column_inner width=&#8220;1\/4&#8243;][vc_btn title=&#8220;Shop&#8220; style=&#8220;classic&#8220; color=&#8220;juicy-pink&#8220; size=&#8220;sm&#8220; align=&#8220;center&#8220; i_icon_fontawesome=&#8220;fas fa-shopping-cart&#8220; button_block=&#8220;true&#8220; add_icon=&#8220;true&#8220; link=&#8220;url:https%3A%2F%2Fucm.one%2Fde%2Fprodukt%2Funter-ausschluss-der-oeffentlichkeit|title:Shop&#8220;][\/vc_column_inner][vc_column_inner width=&#8220;1\/4&#8243;][vc_btn title=&#8220;Wer Streamt Es?&#8220; style=&#8220;classic&#8220; color=&#8220;sky&#8220; size=&#8220;sm&#8220; align=&#8220;center&#8220; i_icon_fontawesome=&#8220;fas fa-question-circle&#8220; button_block=&#8220;true&#8220; add_icon=&#8220;true&#8220; link=&#8220;url:https%3A%2F%2Fwww.werstreamt.es%2Ffilm%2Fdetails%2F18994%2Funter-ausschluss-der-oeffentlichkeit%2F|title:Wer%20Streamt%20es|target:_blank&#8220;][\/vc_column_inner][\/vc_row_inner][\/vc_column][\/vc_row][vc_row disable_element=&#8220;yes&#8220;][vc_column][vc_empty_space height=&#8220;25px&#8220;][vc_column_text]<\/p>\n<div class=\"wpb_text_column wpb_content_element \">\n<div class=\"wpb_wrapper\">\n<p><span style=\"font-size: 18pt;\">Technische Daten<\/span><\/p>\n<p><strong>Mediabook<\/strong>\u00a0| Bildformat: 1:1,33<span lang=\"EN-US\">\u00a0<\/span>| Laufzeit: 97 Min | Tonformat: Mono | Bonus: Trailer | Mediabook mit abl\u00f6sbarem FSK-Sticker | FSK 16<\/p>\n<\/div>\n<\/div>\n<p>[\/vc_column_text][vc_separator css=&#8220;.vc_custom_1560377795279{margin-top: 15px !important;}&#8220;][\/vc_column][\/vc_row][vc_row][vc_column width=&#8220;1\/2&#8243;][vc_column_text]Weitere Informationen \u00fcber den Dokumentarfilm: <a title=\"Einhundertvier (2023) von Jonathan Sch\u00f6rnig | NONFY Documentaries\" href=\"https:\/\/ucm.one\/de\/einhundertvier\/\">Einhundertvier<\/a>[\/vc_column_text][\/vc_column][vc_column width=&#8220;1\/2&#8243;][vc_column_text]Weitere Informationen \u00fcber das Filmlabel: <a title=\"NONFY Documentaries\" href=\"https:\/\/ucm.one\/de\/film-labels\/nonfy-documentaries\/\">NONFY Documentaries<\/a>[\/vc_column_text][\/vc_column][\/vc_row]<\/p>\n<\/div>","protected":false},"excerpt":{"rendered":"<p>[vc_row][vc_column][vc_row_inner][vc_column_inner][vc_column_text]Der Dokumentarfilm &#8222;Einhundertvier&#8220; von Regisseur Jonathan Sch\u00f6rnig wird vor seinem offiziellen Kinostart am 23.5.2024 bei verschiedenen Filmfestivals in Deutschland Anfang Mai als Preview gezeigt. Besucher haben die M\u00f6glichkeit, den Film beim Dok.fest M\u00fcnchen sowie beim Fish Festival in Rostock zu sehen. Der Film gibt Einblick in eine Rettungsaktion im Mittelmeer, bei der 104 Menschen aus&hellip;<\/p>\n","protected":false},"author":2,"featured_media":103780,"comment_status":"closed","ping_status":"closed","sticky":false,"template":"","format":"standard","meta":{"_acf_changed":false,"footnotes":""},"categories":[6267,8,10,13,4587,7528],"tags":[17306,5949,10461,17303,17305,17310,17312,17560,17313,17304,17308,2269,4603,7564,17307,17311,17309],"class_list":["post-103779","post","type-post","status-publish","format-standard","has-post-thumbnail","hentry","category-dokumentarfilm","category-film","category-kino","category-news","category-nonfy-documentaries","category-weltvertrieb","tag-adrian-then","tag-dok-fest-muenchen","tag-dokumentarfilm","tag-einhundertvier","tag-eleonore","tag-eu","tag-europaeischen-union","tag-fish-festival","tag-frontex","tag-jonathan-schoernig","tag-mittelmeer","tag-muenchen","tag-nonfy-documentaries","tag-rostock","tag-schiffbruechige","tag-seenotrettung","tag-uwe-nitschke","category-6267","category-8","category-10","category-13","category-4587","category-7528","description-off"],"acf":[],"yoast_head":"<!-- This site is optimized with the Yoast SEO plugin v27.5 - https:\/\/yoast.com\/product\/yoast-seo-wordpress\/ -->\n<title>\u201eEinhundertvier&quot; auf Festivals in M\u00fcnchen und Rostock<\/title>\n<meta name=\"description\" content=\"Der Dokumentarfilm &quot;Einhundertvier&quot; von Regisseur Jonathan Sch\u00f6rnig wird vor seinem offiziellen Kinostart bei Festivals als Preview gezeigt.\" \/>\n<meta name=\"robots\" content=\"index, follow, max-snippet:-1, max-image-preview:large, max-video-preview:-1\" \/>\n<link rel=\"canonical\" href=\"https:\/\/ucm.one\/de\/dokumentarfilm-einhundertvier-nonfy-documentaries-auf-festivals-in-muenchen-und-rostock\/\" \/>\n<meta property=\"og:locale\" content=\"de_DE\" \/>\n<meta property=\"og:type\" content=\"article\" \/>\n<meta property=\"og:title\" content=\"\u201eEinhundertvier&quot; auf Festivals in M\u00fcnchen und Rostock\" \/>\n<meta property=\"og:description\" content=\"Der Dokumentarfilm &quot;Einhundertvier&quot; von Regisseur Jonathan Sch\u00f6rnig wird vor seinem offiziellen Kinostart bei Festivals als Preview gezeigt.\" \/>\n<meta property=\"og:url\" content=\"https:\/\/ucm.one\/de\/dokumentarfilm-einhundertvier-nonfy-documentaries-auf-festivals-in-muenchen-und-rostock\/\" \/>\n<meta property=\"og:site_name\" content=\"UCM.ONE\" \/>\n<meta property=\"article:published_time\" content=\"2024-04-23T16:11:08+00:00\" \/>\n<meta property=\"article:modified_time\" content=\"2024-04-23T16:29:09+00:00\" \/>\n<meta property=\"og:image\" content=\"https:\/\/ucm.one\/wp-content\/uploads\/2024\/04\/YT-Einhundertvier-News-Festivals.jpeg\" \/>\n<meta name=\"author\" content=\"Joachim Keil\" \/>\n<meta name=\"twitter:card\" content=\"summary_large_image\" \/>\n<meta name=\"twitter:title\" content=\"\u201eEinhundertvier&quot; auf Festivals in M\u00fcnchen und Rostock\" \/>\n<meta name=\"twitter:description\" content=\"Der Dokumentarfilm &quot;Einhundertvier&quot; von Regisseur Jonathan Sch\u00f6rnig wird vor seinem offiziellen Kinostart bei Festivals als Preview gezeigt.\" \/>\n<meta name=\"twitter:image\" content=\"https:\/\/ucm.one\/wp-content\/uploads\/2024\/04\/YT-Einhundertvier-News-Festivals.jpeg\" \/>\n<meta name=\"twitter:label1\" content=\"Verfasst von\" \/>\n\t<meta name=\"twitter:data1\" content=\"Joachim Keil\" \/>\n\t<meta name=\"twitter:label2\" content=\"Gesch\u00e4tzte Lesezeit\" \/>\n\t<meta name=\"twitter:data2\" content=\"5\u00a0Minuten\" \/>\n<!-- \/ Yoast SEO plugin. -->","yoast_head_json":{"title":"\u201eEinhundertvier\" auf Festivals in M\u00fcnchen und Rostock","description":"Der Dokumentarfilm \"Einhundertvier\" von Regisseur Jonathan Sch\u00f6rnig wird vor seinem offiziellen Kinostart bei Festivals als Preview gezeigt.","robots":{"index":"index","follow":"follow","max-snippet":"max-snippet:-1","max-image-preview":"max-image-preview:large","max-video-preview":"max-video-preview:-1"},"canonical":"https:\/\/ucm.one\/de\/dokumentarfilm-einhundertvier-nonfy-documentaries-auf-festivals-in-muenchen-und-rostock\/","og_locale":"de_DE","og_type":"article","og_title":"\u201eEinhundertvier\" auf Festivals in M\u00fcnchen und Rostock","og_description":"Der Dokumentarfilm \"Einhundertvier\" von Regisseur Jonathan Sch\u00f6rnig wird vor seinem offiziellen Kinostart bei Festivals als Preview gezeigt.","og_url":"https:\/\/ucm.one\/de\/dokumentarfilm-einhundertvier-nonfy-documentaries-auf-festivals-in-muenchen-und-rostock\/","og_site_name":"UCM.ONE","article_published_time":"2024-04-23T16:11:08+00:00","article_modified_time":"2024-04-23T16:29:09+00:00","og_image":[{"url":"https:\/\/ucm.one\/wp-content\/uploads\/2024\/04\/YT-Einhundertvier-News-Festivals.jpeg","type":"","width":"","height":""}],"author":"Joachim Keil","twitter_card":"summary_large_image","twitter_title":"\u201eEinhundertvier\" auf Festivals in M\u00fcnchen und Rostock","twitter_description":"Der Dokumentarfilm \"Einhundertvier\" von Regisseur Jonathan Sch\u00f6rnig wird vor seinem offiziellen Kinostart bei Festivals als Preview gezeigt.","twitter_image":"https:\/\/ucm.one\/wp-content\/uploads\/2024\/04\/YT-Einhundertvier-News-Festivals.jpeg","twitter_misc":{"Verfasst von":"Joachim Keil","Gesch\u00e4tzte Lesezeit":"5\u00a0Minuten"},"schema":{"@context":"https:\/\/schema.org","@graph":[{"@type":"Article","@id":"https:\/\/ucm.one\/de\/dokumentarfilm-einhundertvier-nonfy-documentaries-auf-festivals-in-muenchen-und-rostock\/#article","isPartOf":{"@id":"https:\/\/ucm.one\/de\/dokumentarfilm-einhundertvier-nonfy-documentaries-auf-festivals-in-muenchen-und-rostock\/"},"author":{"name":"Joachim Keil","@id":"https:\/\/ucm.one\/de\/#\/schema\/person\/4b959e467e8acc058836467a0ef8fa50"},"headline":"\ud83c\udfac Dokumentarfilm \u201eEinhundertvier&#8220; (NONFY Documentaries) auf Festivals in M\u00fcnchen und Rostock","datePublished":"2024-04-23T16:11:08+00:00","dateModified":"2024-04-23T16:29:09+00:00","mainEntityOfPage":{"@id":"https:\/\/ucm.one\/de\/dokumentarfilm-einhundertvier-nonfy-documentaries-auf-festivals-in-muenchen-und-rostock\/"},"wordCount":1051,"publisher":{"@id":"https:\/\/ucm.one\/de\/#organization"},"image":{"@id":"https:\/\/ucm.one\/de\/dokumentarfilm-einhundertvier-nonfy-documentaries-auf-festivals-in-muenchen-und-rostock\/#primaryimage"},"thumbnailUrl":"https:\/\/ucm.one\/wp-content\/uploads\/2024\/04\/B-Einhundertvier-News-Festivals.jpeg","keywords":["Adrian Then","Dok.fest M\u00fcnchen","Dokumentarfilm","Einhundertvier","Eleonore","EU","Europ\u00e4ischen Union","Fish Festival","Frontex","Jonathan Sch\u00f6rnig","Mittelmeer","M\u00fcnchen","NONFY Documentaries","Rostock","Schiffbr\u00fcchige","Seenotrettung","Uwe Nitschke"],"articleSection":["Dokumentarfilm","Film","Kino","News","NONFY Documentaries","Weltvertrieb"],"inLanguage":"de"},{"@type":"WebPage","@id":"https:\/\/ucm.one\/de\/dokumentarfilm-einhundertvier-nonfy-documentaries-auf-festivals-in-muenchen-und-rostock\/","url":"https:\/\/ucm.one\/de\/dokumentarfilm-einhundertvier-nonfy-documentaries-auf-festivals-in-muenchen-und-rostock\/","name":"\u201eEinhundertvier\" auf Festivals in M\u00fcnchen und Rostock","isPartOf":{"@id":"https:\/\/ucm.one\/de\/#website"},"primaryImageOfPage":{"@id":"https:\/\/ucm.one\/de\/dokumentarfilm-einhundertvier-nonfy-documentaries-auf-festivals-in-muenchen-und-rostock\/#primaryimage"},"image":{"@id":"https:\/\/ucm.one\/de\/dokumentarfilm-einhundertvier-nonfy-documentaries-auf-festivals-in-muenchen-und-rostock\/#primaryimage"},"thumbnailUrl":"https:\/\/ucm.one\/wp-content\/uploads\/2024\/04\/B-Einhundertvier-News-Festivals.jpeg","datePublished":"2024-04-23T16:11:08+00:00","dateModified":"2024-04-23T16:29:09+00:00","description":"Der Dokumentarfilm \"Einhundertvier\" von Regisseur Jonathan Sch\u00f6rnig wird vor seinem offiziellen Kinostart bei Festivals als Preview gezeigt.","breadcrumb":{"@id":"https:\/\/ucm.one\/de\/dokumentarfilm-einhundertvier-nonfy-documentaries-auf-festivals-in-muenchen-und-rostock\/#breadcrumb"},"inLanguage":"de","potentialAction":[{"@type":"ReadAction","target":["https:\/\/ucm.one\/de\/dokumentarfilm-einhundertvier-nonfy-documentaries-auf-festivals-in-muenchen-und-rostock\/"]}]},{"@type":"ImageObject","inLanguage":"de","@id":"https:\/\/ucm.one\/de\/dokumentarfilm-einhundertvier-nonfy-documentaries-auf-festivals-in-muenchen-und-rostock\/#primaryimage","url":"https:\/\/ucm.one\/wp-content\/uploads\/2024\/04\/B-Einhundertvier-News-Festivals.jpeg","contentUrl":"https:\/\/ucm.one\/wp-content\/uploads\/2024\/04\/B-Einhundertvier-News-Festivals.jpeg","width":1920,"height":600},{"@type":"BreadcrumbList","@id":"https:\/\/ucm.one\/de\/dokumentarfilm-einhundertvier-nonfy-documentaries-auf-festivals-in-muenchen-und-rostock\/#breadcrumb","itemListElement":[{"@type":"ListItem","position":1,"name":"Home","item":"https:\/\/ucm.one\/de\/"},{"@type":"ListItem","position":2,"name":"\ud83c\udfac Dokumentarfilm \u201eEinhundertvier&#8220; (NONFY Documentaries) auf Festivals in M\u00fcnchen und Rostock"}]},{"@type":"WebSite","@id":"https:\/\/ucm.one\/de\/#website","url":"https:\/\/ucm.one\/de\/","name":"UCM.ONE","description":"","publisher":{"@id":"https:\/\/ucm.one\/de\/#organization"},"potentialAction":[{"@type":"SearchAction","target":{"@type":"EntryPoint","urlTemplate":"https:\/\/ucm.one\/de\/?s={search_term_string}"},"query-input":{"@type":"PropertyValueSpecification","valueRequired":true,"valueName":"search_term_string"}}],"inLanguage":"de"},{"@type":"Organization","@id":"https:\/\/ucm.one\/de\/#organization","name":"UCM.ONE","url":"https:\/\/ucm.one\/de\/","logo":{"@type":"ImageObject","inLanguage":"de","@id":"https:\/\/ucm.one\/de\/#\/schema\/logo\/image\/","url":"https:\/\/ucm.one\/wp-content\/uploads\/2019\/10\/UCM.ONE-Logo-RGB.svg","contentUrl":"https:\/\/ucm.one\/wp-content\/uploads\/2019\/10\/UCM.ONE-Logo-RGB.svg","width":1,"height":1,"caption":"UCM.ONE"},"image":{"@id":"https:\/\/ucm.one\/de\/#\/schema\/logo\/image\/"}},{"@type":"Person","@id":"https:\/\/ucm.one\/de\/#\/schema\/person\/4b959e467e8acc058836467a0ef8fa50","name":"Joachim Keil","image":{"@type":"ImageObject","inLanguage":"de","@id":"https:\/\/secure.gravatar.com\/avatar\/10e1dfd05f2a7a7bc83cd44bae31e01c8ac15f974229211a2b1a49fa0a22fec0?s=96&d=mm&r=g","url":"https:\/\/secure.gravatar.com\/avatar\/10e1dfd05f2a7a7bc83cd44bae31e01c8ac15f974229211a2b1a49fa0a22fec0?s=96&d=mm&r=g","contentUrl":"https:\/\/secure.gravatar.com\/avatar\/10e1dfd05f2a7a7bc83cd44bae31e01c8ac15f974229211a2b1a49fa0a22fec0?s=96&d=mm&r=g","caption":"Joachim Keil"},"sameAs":["https:\/\/ucm.one"]}]}},"_links":{"self":[{"href":"https:\/\/ucm.one\/de\/wp-json\/wp\/v2\/posts\/103779","targetHints":{"allow":["GET"]}}],"collection":[{"href":"https:\/\/ucm.one\/de\/wp-json\/wp\/v2\/posts"}],"about":[{"href":"https:\/\/ucm.one\/de\/wp-json\/wp\/v2\/types\/post"}],"author":[{"embeddable":true,"href":"https:\/\/ucm.one\/de\/wp-json\/wp\/v2\/users\/2"}],"replies":[{"embeddable":true,"href":"https:\/\/ucm.one\/de\/wp-json\/wp\/v2\/comments?post=103779"}],"version-history":[{"count":12,"href":"https:\/\/ucm.one\/de\/wp-json\/wp\/v2\/posts\/103779\/revisions"}],"predecessor-version":[{"id":103795,"href":"https:\/\/ucm.one\/de\/wp-json\/wp\/v2\/posts\/103779\/revisions\/103795"}],"wp:featuredmedia":[{"embeddable":true,"href":"https:\/\/ucm.one\/de\/wp-json\/wp\/v2\/media\/103780"}],"wp:attachment":[{"href":"https:\/\/ucm.one\/de\/wp-json\/wp\/v2\/media?parent=103779"}],"wp:term":[{"taxonomy":"category","embeddable":true,"href":"https:\/\/ucm.one\/de\/wp-json\/wp\/v2\/categories?post=103779"},{"taxonomy":"post_tag","embeddable":true,"href":"https:\/\/ucm.one\/de\/wp-json\/wp\/v2\/tags?post=103779"}],"curies":[{"name":"wp","href":"https:\/\/api.w.org\/{rel}","templated":true}]}}