{"id":103572,"date":"2024-04-12T01:25:18","date_gmt":"2024-04-12T01:25:18","guid":{"rendered":"https:\/\/ucm.one\/?p=103572"},"modified":"2024-04-14T10:21:22","modified_gmt":"2024-04-14T10:21:22","slug":"die-schlangengrube-und-das-pendel-von-harald-reinl-im-hamburger-metropolis","status":"publish","type":"post","link":"https:\/\/ucm.one\/de\/die-schlangengrube-und-das-pendel-von-harald-reinl-im-hamburger-metropolis\/","title":{"rendered":"\ud83c\udfac &#8222;Die Schlangengrube und das Pendel&#8220; von Harald Reinl im Hamburger Metropolis"},"content":{"rendered":"<div class=\"wpb-content-wrapper\"><p>[vc_row][vc_column][vc_column_text]Im Hamburger <strong>Metropolis Kino<\/strong> wird heute am Freitag, 12. April 2024 um 19.45 Uhr, der restaurierte Gruselfilm &#8222;<strong>Die Schlangengrube und das Pendel<\/strong>&#8220; (1967) im Rahmen der <strong>Peter Thomas Retrospektive<\/strong> gezeigt, der von <span style=\"font-family: 'arial black', sans-serif;\"><strong>UCM.ONE<\/strong><\/span> auf dem Label <strong>M-Square Classics<\/strong> physisch und digital vertrieben wird. Zu den Hauptdarstellern geh\u00f6ren<strong> Lex Barker<\/strong>, <strong>Karin Dor<\/strong>, <strong>Christopher Lee<\/strong> und <strong>Christiane R\u00fccker<\/strong>.[\/vc_column_text][vc_column_text]<\/p>\n<p style=\"font-weight: 400;\">Weitere Informationen gibt es hier zu finden: <a title=\"\" href=\"https:\/\/www.metropoliskino.de\/home?film=1563\" target=\"_blank\" rel=\"noopener\">Metropolis Kino<\/a><\/p>\n<p>[\/vc_column_text][vc_column_text]<\/p>\n<p style=\"font-weight: 400;\"><strong>Peter Thomas<\/strong>\u2019 kreative Tonkulisse verleiht dem Mystery-Western ein einmaliges Flair. Gedreht wurde den Film in den <strong>Bavaria-Studios<\/strong> in M\u00fcnchen-Geiselgasteig und in Rothenburg ob der Tauber. <strong>Walter Potganski<\/strong> von <strong>moviemax<\/strong>, der f\u00fcr die Restaurierung des Films initiiert hatte und in dem Zuge auch die Ver\u00f6ffentlichung des \u00a0Soundtracks, den es auch als limitierte Vinyl-Auflage gibt, \u00fcberhaupt erm\u00f6glichte, wird den G\u00e4sten nach dem Film noch einige zus\u00e4tzlichen Informationen zu dem und um den Film erz\u00e4hlen.<\/p>\n<p>[\/vc_column_text][\/vc_column][\/vc_row][vc_row][vc_column width=&#8220;1\/2&#8243;][vc_single_image image=&#8220;45114&#8243; img_size=&#8220;full&#8220; onclick=&#8220;link_image&#8220;][\/vc_column][vc_column width=&#8220;1\/2&#8243;][vc_single_image image=&#8220;45116&#8243; img_size=&#8220;full&#8220; onclick=&#8220;link_image&#8220;][\/vc_column][\/vc_row][vc_row][vc_column][vc_column_text]Der Film, basierend auf einer Vorlage von <strong>Edgar Allan Poe<\/strong>, beginnt im Jahr 1801. Graf Regula (<strong>Christopher Lee<\/strong>) wird wegen Mordes an zw\u00f6lf Jungfrauen gevierteilt. Viele Jahre sp\u00e4ter erhalten der Advokat Roger Mont-Elise (<strong>Lex Barker<\/strong>) und die attraktive Baronesse Lilian von Brabant (<strong>Karin Dor<\/strong>) eine Einladung in das verrufene Sandertal. Die Fahrt durch gespenstische W\u00e4lder f\u00fchrt sie direkt in die Ruinen des Schlosses von Graf Regula und in dessen Folterkammer. Noch kann niemand ahnen, dass hier die Wiederbelebung des Grafen vorbereitet wird, doch daf\u00fcr braucht dieser noch das Blut einer dreizehnten Jungfrau&#8230;[\/vc_column_text][\/vc_column][\/vc_row][vc_row][vc_column width=&#8220;1\/4&#8243;][vc_btn title=&#8220;Amazon&#8220; style=&#8220;classic&#8220; color=&#8220;orange&#8220; size=&#8220;sm&#8220; align=&#8220;center&#8220; i_icon_fontawesome=&#8220;fab fa-amazon&#8220; button_block=&#8220;true&#8220; add_icon=&#8220;true&#8220; link=&#8220;url:https%3A%2F%2Fwww.amazon.de%2FSchlangengrube-Pendel-Mediabook-CD-Soundtrack-durchnummeriert%2Fdp%2FB08HTYTTHN%2Fref%3Dsr_1_1%3F__mk_de_DE%3D%C3%85M%C3%85%C5%BD%C3%95%C3%91%26dchild%3D1%26keywords%3Ddie%2Bschlangengrube%2Bund%2Bdas%2Bpendel%26qid%3D1601343451%26sr%3D8-1|title:Amazon|target:_blank&#8220;][\/vc_column][vc_column width=&#8220;1\/4&#8243;][vc_btn title=&#8220;MediaMarkt&#8220; style=&#8220;classic&#8220; color=&#8220;danger&#8220; size=&#8220;sm&#8220; align=&#8220;center&#8220; i_icon_fontawesome=&#8220;fas fa-dot-circle&#8220; button_block=&#8220;true&#8220; add_icon=&#8220;true&#8220; link=&#8220;url:https%3A%2F%2Fwww.mediamarkt.de%2Fde%2Fproduct%2F_die-schlangengrube-und-das-pendel-ltd-deluxe-mb-horror-blu-ray-dvd-2682885.html|title:MediaMarkt|target:_blank&#8220;][\/vc_column][vc_column width=&#8220;1\/4&#8243;][vc_btn title=&#8220;Shop&#8220; style=&#8220;classic&#8220; color=&#8220;juicy-pink&#8220; size=&#8220;sm&#8220; align=&#8220;center&#8220; i_icon_fontawesome=&#8220;fas fa-shopping-cart&#8220; button_block=&#8220;true&#8220; add_icon=&#8220;true&#8220; link=&#8220;url:https%3A%2F%2Fucm.one%2Fde%2Fprodukt%2Fdie-schlangengrube-und-das-pendel%2F|title:Shop&#8220;][\/vc_column][vc_column width=&#8220;1\/4&#8243;][vc_btn title=&#8220;Wer Streamt Es?&#8220; style=&#8220;classic&#8220; color=&#8220;sky&#8220; size=&#8220;sm&#8220; align=&#8220;center&#8220; i_icon_fontawesome=&#8220;fas fa-question-circle&#8220; button_block=&#8220;true&#8220; add_icon=&#8220;true&#8220; link=&#8220;url:https%3A%2F%2Fwww.werstreamt.es%2Ffilm%2Fdetails%2F3769%2Fdie-schlangengrube-und-das-pendel%2F|title:Wer%20streamt%20es|target:_blank&#8220;][\/vc_column][\/vc_row][vc_row][vc_column][vc_empty_space height=&#8220;15px&#8220;][vc_column_text]Regie f\u00fchrte der ber\u00fchmte \u00d6sterreicher <strong>Harald Reinl<\/strong>, der mit &#8222;<strong>Winnetou 1-3<\/strong>&#8222;, &#8222;<strong>Schatz im Silbersee<\/strong>&#8220; oder diversen <strong>Edgar Wallace<\/strong>-Filmen wie &#8222;<strong>Der Frosch mit der Maske<\/strong>&#8220; oder auch dem Kriegsfilm &#8222;<strong>U 47 &#8211; Kapit\u00e4nleutnant Prien<\/strong>&#8220; absolute Meilensteine geschaffen hat! Der Drehbuch wurde frei nach der Geschichte &#8222;<strong>Die Grube und das Pendel<\/strong>&#8220; vom Meister des Makabren <strong>Edgar Allan Poe<\/strong> geschrieben.[\/vc_column_text][\/vc_column][\/vc_row][vc_row][vc_column width=&#8220;1\/2&#8243;][vc_video link=&#8220;https:\/\/youtu.be\/ke9cZR8iDhk&#8220; title=&#8220;Die Schlangengrube und das Pendel (1967) | Original Trailer 1967 (deutsch)&#8220;][\/vc_column][vc_column width=&#8220;1\/2&#8243;][vc_video link=&#8220;https:\/\/youtu.be\/fzLLUt_lCiA&#8220; title=&#8220;Die Schlangengrube und das Pendel (1967) | Teaser 2020 (deutsch) \u1d34\u1d30&#8220;][\/vc_column][\/vc_row][vc_row][vc_column][vc_column_text]Weitere Informationen \u00fcber den Film und die Ver\u00f6ffentlichung: <a title=\"Die Schlangengrube und das Pendel\" href=\"https:\/\/ucm.one\/de\/die-schlangengrube-und-das-pendel\/\">Die Schlangengrube und das Pendel<\/a>[\/vc_column_text][\/vc_column][\/vc_row]<\/p>\n<\/div>","protected":false},"excerpt":{"rendered":"<p>[vc_row][vc_column][vc_column_text]Im Hamburger Metropolis Kino wird heute am Freitag, 12. April 2024 um 19.45 Uhr, der restaurierte Gruselfilm &#8222;Die Schlangengrube und das Pendel&#8220; (1967) im Rahmen der Peter Thomas Retrospektive gezeigt, der von UCM.ONE auf dem Label M-Square Classics physisch und digital vertrieben wird. Zu den Hauptdarstellern geh\u00f6ren Lex Barker, Karin Dor, Christopher Lee und Christiane&hellip;<\/p>\n","protected":false},"author":2,"featured_media":103573,"comment_status":"closed","ping_status":"closed","sticky":false,"template":"","format":"standard","meta":{"_acf_changed":false,"footnotes":""},"categories":[8,7004,5849,1046,13],"tags":[8781,5497,8783,7891,14481,14482,5491,4956,8782,5492,6468,14480],"class_list":["post-103572","post","type-post","status-publish","format-standard","has-post-thumbnail","hentry","category-film","category-filmklassiker","category-m-square-classics","category-m-square-pictures","category-news","tag-christoper-lee","tag-die-schlangengrube-und-das-pendel","tag-edgar-allen-poe","tag-edgar-wallace","tag-fabian-pleiser","tag-filmpalast-forum-rothenburg","tag-harald-reinl","tag-karin-dor","tag-karl-may","tag-lex-barker","tag-mediabook","tag-rothenburger-maerchenzauber","category-8","category-7004","category-5849","category-1046","category-13","description-off"],"acf":[],"yoast_head":"<!-- This site is optimized with the Yoast SEO plugin v27.5 - https:\/\/yoast.com\/product\/yoast-seo-wordpress\/ -->\n<title>&quot;Die Schlangengrube und das Pendel&quot; im Hamburger Metropolis<\/title>\n<meta name=\"description\" content=\"Im Hamburger Metropolis Kino wird heute am Freitag 12.4. um 19.45 Uhr der restaurierte Gruselfilm &quot;Die Schlangengrube und das Pendel&quot; gezeigt.\" \/>\n<meta name=\"robots\" content=\"index, follow, max-snippet:-1, max-image-preview:large, max-video-preview:-1\" \/>\n<link rel=\"canonical\" href=\"https:\/\/ucm.one\/de\/die-schlangengrube-und-das-pendel-von-harald-reinl-im-hamburger-metropolis\/\" \/>\n<meta property=\"og:locale\" content=\"de_DE\" \/>\n<meta property=\"og:type\" content=\"article\" \/>\n<meta property=\"og:title\" content=\"&quot;Die Schlangengrube und das Pendel&quot; im Hamburger Metropolis\" \/>\n<meta property=\"og:description\" content=\"Im Hamburger Metropolis Kino wird heute am Freitag 12.4. um 19.45 Uhr der restaurierte Gruselfilm &quot;Die Schlangengrube und das Pendel&quot; gezeigt.\" \/>\n<meta property=\"og:url\" content=\"https:\/\/ucm.one\/de\/die-schlangengrube-und-das-pendel-von-harald-reinl-im-hamburger-metropolis\/\" \/>\n<meta property=\"og:site_name\" content=\"UCM.ONE\" \/>\n<meta property=\"article:published_time\" content=\"2024-04-12T01:25:18+00:00\" \/>\n<meta property=\"article:modified_time\" content=\"2024-04-14T10:21:22+00:00\" \/>\n<meta property=\"og:image\" content=\"https:\/\/ucm.one\/wp-content\/uploads\/2024\/04\/Schlangengrube-Hamburg-1080x1080-1.jpeg\" \/>\n<meta name=\"author\" content=\"Joachim Keil\" \/>\n<meta name=\"twitter:card\" content=\"summary_large_image\" \/>\n<meta name=\"twitter:title\" content=\"&quot;Die Schlangengrube und das Pendel&quot; im Hamburger Metropolis\" \/>\n<meta name=\"twitter:description\" content=\"Im Hamburger Metropolis Kino wird heute am Freitag 12.4. um 19.45 Uhr der restaurierte Gruselfilm &quot;Die Schlangengrube und das Pendel&quot; gezeigt.\" \/>\n<meta name=\"twitter:image\" content=\"https:\/\/ucm.one\/wp-content\/uploads\/2024\/04\/Schlangengrube-Hamburg-1080x1080-1.jpeg\" \/>\n<meta name=\"twitter:label1\" content=\"Verfasst von\" \/>\n\t<meta name=\"twitter:data1\" content=\"Joachim Keil\" \/>\n\t<meta name=\"twitter:label2\" content=\"Gesch\u00e4tzte Lesezeit\" \/>\n\t<meta name=\"twitter:data2\" content=\"3\u00a0Minuten\" \/>\n<!-- \/ Yoast SEO plugin. -->","yoast_head_json":{"title":"\"Die Schlangengrube und das Pendel\" im Hamburger Metropolis","description":"Im Hamburger Metropolis Kino wird heute am Freitag 12.4. um 19.45 Uhr der restaurierte Gruselfilm \"Die Schlangengrube und das Pendel\" gezeigt.","robots":{"index":"index","follow":"follow","max-snippet":"max-snippet:-1","max-image-preview":"max-image-preview:large","max-video-preview":"max-video-preview:-1"},"canonical":"https:\/\/ucm.one\/de\/die-schlangengrube-und-das-pendel-von-harald-reinl-im-hamburger-metropolis\/","og_locale":"de_DE","og_type":"article","og_title":"\"Die Schlangengrube und das Pendel\" im Hamburger Metropolis","og_description":"Im Hamburger Metropolis Kino wird heute am Freitag 12.4. um 19.45 Uhr der restaurierte Gruselfilm \"Die Schlangengrube und das Pendel\" gezeigt.","og_url":"https:\/\/ucm.one\/de\/die-schlangengrube-und-das-pendel-von-harald-reinl-im-hamburger-metropolis\/","og_site_name":"UCM.ONE","article_published_time":"2024-04-12T01:25:18+00:00","article_modified_time":"2024-04-14T10:21:22+00:00","og_image":[{"url":"https:\/\/ucm.one\/wp-content\/uploads\/2024\/04\/Schlangengrube-Hamburg-1080x1080-1.jpeg","type":"","width":"","height":""}],"author":"Joachim Keil","twitter_card":"summary_large_image","twitter_title":"\"Die Schlangengrube und das Pendel\" im Hamburger Metropolis","twitter_description":"Im Hamburger Metropolis Kino wird heute am Freitag 12.4. um 19.45 Uhr der restaurierte Gruselfilm \"Die Schlangengrube und das Pendel\" gezeigt.","twitter_image":"https:\/\/ucm.one\/wp-content\/uploads\/2024\/04\/Schlangengrube-Hamburg-1080x1080-1.jpeg","twitter_misc":{"Verfasst von":"Joachim Keil","Gesch\u00e4tzte Lesezeit":"3\u00a0Minuten"},"schema":{"@context":"https:\/\/schema.org","@graph":[{"@type":"Article","@id":"https:\/\/ucm.one\/de\/die-schlangengrube-und-das-pendel-von-harald-reinl-im-hamburger-metropolis\/#article","isPartOf":{"@id":"https:\/\/ucm.one\/de\/die-schlangengrube-und-das-pendel-von-harald-reinl-im-hamburger-metropolis\/"},"author":{"name":"Joachim Keil","@id":"https:\/\/ucm.one\/de\/#\/schema\/person\/4b959e467e8acc058836467a0ef8fa50"},"headline":"\ud83c\udfac &#8222;Die Schlangengrube und das Pendel&#8220; von Harald Reinl im Hamburger Metropolis","datePublished":"2024-04-12T01:25:18+00:00","dateModified":"2024-04-14T10:21:22+00:00","mainEntityOfPage":{"@id":"https:\/\/ucm.one\/de\/die-schlangengrube-und-das-pendel-von-harald-reinl-im-hamburger-metropolis\/"},"wordCount":688,"publisher":{"@id":"https:\/\/ucm.one\/de\/#organization"},"image":{"@id":"https:\/\/ucm.one\/de\/die-schlangengrube-und-das-pendel-von-harald-reinl-im-hamburger-metropolis\/#primaryimage"},"thumbnailUrl":"https:\/\/ucm.one\/wp-content\/uploads\/2024\/04\/Schlangengrube-Hamburg-1920x600-1.jpeg","keywords":["Christoper Lee","Die Schlangengrube und das Pendel","Edgar Allen Poe","Edgar Wallace","Fabian Pleiser","Filmpalast Forum Rothenburg","Harald Reinl","Karin Dor","Karl May","Lex Barker","Mediabook","Rothenburger M\u00e4rchenzauber"],"articleSection":["Film","Filmklassiker","M-Square Classics","M-Square Pictures","News"],"inLanguage":"de"},{"@type":"WebPage","@id":"https:\/\/ucm.one\/de\/die-schlangengrube-und-das-pendel-von-harald-reinl-im-hamburger-metropolis\/","url":"https:\/\/ucm.one\/de\/die-schlangengrube-und-das-pendel-von-harald-reinl-im-hamburger-metropolis\/","name":"\"Die Schlangengrube und das Pendel\" im Hamburger Metropolis","isPartOf":{"@id":"https:\/\/ucm.one\/de\/#website"},"primaryImageOfPage":{"@id":"https:\/\/ucm.one\/de\/die-schlangengrube-und-das-pendel-von-harald-reinl-im-hamburger-metropolis\/#primaryimage"},"image":{"@id":"https:\/\/ucm.one\/de\/die-schlangengrube-und-das-pendel-von-harald-reinl-im-hamburger-metropolis\/#primaryimage"},"thumbnailUrl":"https:\/\/ucm.one\/wp-content\/uploads\/2024\/04\/Schlangengrube-Hamburg-1920x600-1.jpeg","datePublished":"2024-04-12T01:25:18+00:00","dateModified":"2024-04-14T10:21:22+00:00","description":"Im Hamburger Metropolis Kino wird heute am Freitag 12.4. um 19.45 Uhr der restaurierte Gruselfilm \"Die Schlangengrube und das Pendel\" gezeigt.","breadcrumb":{"@id":"https:\/\/ucm.one\/de\/die-schlangengrube-und-das-pendel-von-harald-reinl-im-hamburger-metropolis\/#breadcrumb"},"inLanguage":"de","potentialAction":[{"@type":"ReadAction","target":["https:\/\/ucm.one\/de\/die-schlangengrube-und-das-pendel-von-harald-reinl-im-hamburger-metropolis\/"]}]},{"@type":"ImageObject","inLanguage":"de","@id":"https:\/\/ucm.one\/de\/die-schlangengrube-und-das-pendel-von-harald-reinl-im-hamburger-metropolis\/#primaryimage","url":"https:\/\/ucm.one\/wp-content\/uploads\/2024\/04\/Schlangengrube-Hamburg-1920x600-1.jpeg","contentUrl":"https:\/\/ucm.one\/wp-content\/uploads\/2024\/04\/Schlangengrube-Hamburg-1920x600-1.jpeg","width":1920,"height":600},{"@type":"BreadcrumbList","@id":"https:\/\/ucm.one\/de\/die-schlangengrube-und-das-pendel-von-harald-reinl-im-hamburger-metropolis\/#breadcrumb","itemListElement":[{"@type":"ListItem","position":1,"name":"Home","item":"https:\/\/ucm.one\/de\/"},{"@type":"ListItem","position":2,"name":"\ud83c\udfac &#8222;Die Schlangengrube und das Pendel&#8220; von Harald Reinl im Hamburger Metropolis"}]},{"@type":"WebSite","@id":"https:\/\/ucm.one\/de\/#website","url":"https:\/\/ucm.one\/de\/","name":"UCM.ONE","description":"","publisher":{"@id":"https:\/\/ucm.one\/de\/#organization"},"potentialAction":[{"@type":"SearchAction","target":{"@type":"EntryPoint","urlTemplate":"https:\/\/ucm.one\/de\/?s={search_term_string}"},"query-input":{"@type":"PropertyValueSpecification","valueRequired":true,"valueName":"search_term_string"}}],"inLanguage":"de"},{"@type":"Organization","@id":"https:\/\/ucm.one\/de\/#organization","name":"UCM.ONE","url":"https:\/\/ucm.one\/de\/","logo":{"@type":"ImageObject","inLanguage":"de","@id":"https:\/\/ucm.one\/de\/#\/schema\/logo\/image\/","url":"https:\/\/ucm.one\/wp-content\/uploads\/2019\/10\/UCM.ONE-Logo-RGB.svg","contentUrl":"https:\/\/ucm.one\/wp-content\/uploads\/2019\/10\/UCM.ONE-Logo-RGB.svg","width":1,"height":1,"caption":"UCM.ONE"},"image":{"@id":"https:\/\/ucm.one\/de\/#\/schema\/logo\/image\/"}},{"@type":"Person","@id":"https:\/\/ucm.one\/de\/#\/schema\/person\/4b959e467e8acc058836467a0ef8fa50","name":"Joachim Keil","image":{"@type":"ImageObject","inLanguage":"de","@id":"https:\/\/secure.gravatar.com\/avatar\/10e1dfd05f2a7a7bc83cd44bae31e01c8ac15f974229211a2b1a49fa0a22fec0?s=96&d=mm&r=g","url":"https:\/\/secure.gravatar.com\/avatar\/10e1dfd05f2a7a7bc83cd44bae31e01c8ac15f974229211a2b1a49fa0a22fec0?s=96&d=mm&r=g","contentUrl":"https:\/\/secure.gravatar.com\/avatar\/10e1dfd05f2a7a7bc83cd44bae31e01c8ac15f974229211a2b1a49fa0a22fec0?s=96&d=mm&r=g","caption":"Joachim Keil"},"sameAs":["https:\/\/ucm.one"]}]}},"_links":{"self":[{"href":"https:\/\/ucm.one\/de\/wp-json\/wp\/v2\/posts\/103572","targetHints":{"allow":["GET"]}}],"collection":[{"href":"https:\/\/ucm.one\/de\/wp-json\/wp\/v2\/posts"}],"about":[{"href":"https:\/\/ucm.one\/de\/wp-json\/wp\/v2\/types\/post"}],"author":[{"embeddable":true,"href":"https:\/\/ucm.one\/de\/wp-json\/wp\/v2\/users\/2"}],"replies":[{"embeddable":true,"href":"https:\/\/ucm.one\/de\/wp-json\/wp\/v2\/comments?post=103572"}],"version-history":[{"count":8,"href":"https:\/\/ucm.one\/de\/wp-json\/wp\/v2\/posts\/103572\/revisions"}],"predecessor-version":[{"id":103643,"href":"https:\/\/ucm.one\/de\/wp-json\/wp\/v2\/posts\/103572\/revisions\/103643"}],"wp:featuredmedia":[{"embeddable":true,"href":"https:\/\/ucm.one\/de\/wp-json\/wp\/v2\/media\/103573"}],"wp:attachment":[{"href":"https:\/\/ucm.one\/de\/wp-json\/wp\/v2\/media?parent=103572"}],"wp:term":[{"taxonomy":"category","embeddable":true,"href":"https:\/\/ucm.one\/de\/wp-json\/wp\/v2\/categories?post=103572"},{"taxonomy":"post_tag","embeddable":true,"href":"https:\/\/ucm.one\/de\/wp-json\/wp\/v2\/tags?post=103572"}],"curies":[{"name":"wp","href":"https:\/\/api.w.org\/{rel}","templated":true}]}}