{"id":102957,"date":"2024-03-19T08:22:16","date_gmt":"2024-03-19T08:22:16","guid":{"rendered":"https:\/\/ucm.one\/?p=102957"},"modified":"2024-03-29T22:37:55","modified_gmt":"2024-03-29T22:37:55","slug":"barbara-philipp-fuer-den-deutschen-filmpreis-2024-in-der-kategorie-beste-weibliche-nebendarstellerin-nominiert","status":"publish","type":"post","link":"https:\/\/ucm.one\/de\/barbara-philipp-fuer-den-deutschen-filmpreis-2024-in-der-kategorie-beste-weibliche-nebendarstellerin-nominiert\/","title":{"rendered":"\ud83c\udfac Barbara Philipp f\u00fcr den Deutschen Filmpreis 2024 in der Kategorie \u201cBeste weibliche Nebendarstellerin\u201d nominiert"},"content":{"rendered":"<div class=\"wpb-content-wrapper\"><p>[vc_row][vc_column][vc_column_text]<\/p>\n<div class=\"\">\n<p style=\"font-weight: 400;\">Am 19.03.2024 wurden die Nominierungen f\u00fcr den <strong>Deutschen Filmpreis 2024<\/strong> durch die <strong>Deutsche Filmakademie<\/strong> bekannt gegeben.<\/p>\n<\/div>\n<p>[\/vc_column_text][vc_column_text]<\/p>\n<p style=\"font-weight: 400;\"><span style=\"font-family: 'arial black', sans-serif;\"><strong>UCM.ONE<\/strong><\/span> gratuliert <strong>Barbara Philipp<\/strong> zur Nominierung in der Kategorie <em>\u201c<strong>Beste weibliche Nebenrolle<\/strong>\u201d<\/em> im Spielfilm &#8222;<strong>Sprich mit mir<\/strong>&#8220; von <strong>Janin Halisch<\/strong>. &#8222;<strong>Sprich mit mir<\/strong>&#8220; wird von <span style=\"font-family: 'arial black', sans-serif;\"><strong>UCM.ONE<\/strong> <\/span>auf dem Label <strong>Darling Berlin<\/strong> in Deutschland im Kino verliehen und weltweit vertrieben. Mit dieser Nominierung wird die herausragende schauspielerische Leistung von <strong>Barbara Philipp<\/strong> gew\u00fcrdigt, welche in der Rolle der Mutter <em>Michaela<\/em>, eine \u00fcberzeugende, menschlich nahbare Figur in einem komplexen Coming-Of-Age-Drama kreiert hat.<\/p>\n<p>[\/vc_column_text][vc_column_text]<span style=\"font-size: 14pt;\">\u00dcber <strong>Barbara Philipp<\/strong>\u00a0<\/span><\/p>\n<p style=\"font-weight: 400;\"><strong>Barbara Philipp<\/strong> (* 19. Oktober 1965 in Wittlich) studierte nach dem Abitur Germanistik sowie Film- und Theaterwissenschaften an der <strong>Freien Universit\u00e4t Berlin<\/strong>. Ihre Schauspielausbildung absolvierte sie anschlie\u00dfend von 1988 bis 1993 an der <strong>Berliner Schauspielschule \u201eDer Kreis\u201c<\/strong> (<strong>Fritz-Kirchhoff-Schule<\/strong>) und den <strong>New Yorker HB-Studios<\/strong>. Danach kehrte sie nach Deutschland zur\u00fcck und hatte Theaterengagements an der <strong>Schaub\u00fchne<\/strong> am Halleschen Ufer, dem <strong>Berliner Ensemble<\/strong> und dem <strong>Staatsschauspiel Dresden<\/strong>. 2018 war sie an der \u201e<strong>Wilde Welt Wald \u2013 Theater Performance<\/strong>\u201c von <strong>BBM<\/strong>, der <strong>Galerie Divan<\/strong> und dem <strong>Biosph\u00e4ren\u2010Reservat Flusslandschaft Elbe<\/strong> (Ferbitzer Forst, Gadow) beteiligt.<\/p>\n<p>[\/vc_column_text][vc_column_text]<\/p>\n<div><span lang=\"de\">1994 gab Philipp in der Hauptrolle der <em>Franziska B\u00e4cker<\/em> unter der Regie von <strong>Marc Ottiker<\/strong> an der Seite von <strong>Sven Pippig<\/strong> ihr Filmdeb\u00fct in dem <strong>ZDF<\/strong>-Filmdrama \u201e<strong>Nah am Wasser<\/strong>\u201c. Im selben spielte sie in dem Kurzfilm &#8222;<strong>Spieglein, Spieglein<\/strong>&#8222;. Von 1997 bis 1998 spielte sie die Rolle der <em>Katja Goldbach<\/em> in der Fernsehserie &#8222;<strong>Die Kids von Berlin<\/strong>&#8222;. 1999 wurde sie als <em>Bille<\/em> in einer Nebenrolle der <strong>Kerstin-Gier<\/strong>-Verfilmung &#8222;<strong>M\u00e4nner und andere Katastrophen<\/strong>&#8220; besetzt. 2004 geh\u00f6rte sie als Oberkommissarin <em>Hanne Krause<\/em> in der<strong> ZDF<\/strong>-Krimiserie &#8222;<strong>Einmal Bulle, immer Bulle<\/strong>&#8220; zur Stammbesetzung<\/span><\/div>\n<p>[\/vc_column_text][\/vc_column][\/vc_row][vc_row][vc_column width=&#8220;1\/2&#8243;][vc_single_image image=&#8220;100396&#8243; img_size=&#8220;full&#8220; onclick=&#8220;link_image&#8220;][\/vc_column][vc_column width=&#8220;1\/2&#8243;][vc_single_image image=&#8220;100419&#8243; img_size=&#8220;full&#8220; onclick=&#8220;link_image&#8220;][\/vc_column][\/vc_row][vc_row][vc_column][vc_column_text]<\/p>\n<div class=\"\">\n<p style=\"font-weight: 400;\">F\u00fcr ihre Rolle als drogenabh\u00e4ngige <em>Nina Grote<\/em> in der Tatort-Folge \u201e<strong>Das B\u00f6se<\/strong>\u201c des Frankfurter Ermittlerduos <em>Dellwo<\/em> und <em>S\u00e4nger<\/em> erhielt <strong>Barbara Philipp<\/strong> in der Kategorie <em>\u201eBeste Nebendarstellerin\u201c<\/em> eine Nominierung f\u00fcr den <strong>Deutschen Fernsehpreis 2004<\/strong>. Seit 2010 verk\u00f6rpert sie in dem vom <strong>Hessischen Rundfunk<\/strong> produzierten Tatort-Folgen die Rolle der LKA-Verwaltungsangestellten <em>Magda W\u00e4chter<\/em> an der Seite von <strong>Ulrich Tukur<\/strong> als <em>Felix Murot<\/em>. Von 2011 bis 2017 spielte sie die Kriminaldirektorin <em>Kessler<\/em> in der ZDF-Krimiserie \u201e<strong>Der Kriminalist<\/strong>\u201c. 2019 \u00fcbernahm sie in <strong>Matthias Steurer<\/strong>s \u201e<strong>Viele K\u00fche und ein schwarzes Schaf<\/strong>\u201c als Tier\u00e4rztin <em>Beate M\u00fcller<\/em> die Hauptrolle neben <strong>Matthias Brenner<\/strong> und <strong>Oliver Konietzny<\/strong>. Seit 2021 spielt sie in der <strong>ZDF<\/strong>-Krankenhausserie &#8222;<strong>Doktor Ballouz<\/strong>&#8220; als Tankstellenbesitzerin <em>Cindy<\/em> eine durchgehende Nebenrolle.<\/p>\n<\/div>\n<p>[\/vc_column_text][vc_column_text]<\/p>\n<div class=\"\">\n<p style=\"font-weight: 400;\">Mit ihren eigenwilligen charakterstarken\u00a0 Figugen, in \u201e<strong>Die andere Heimat<\/strong>\u201c,\u00a0 \u201e<strong>Systemsprenger<\/strong>\u201c und \u201e<strong>Lara<\/strong>\u201c \u00fcber \u201e<strong>K\u00f6nig der Raben<\/strong>\u201c und \u201e<strong>Trauzeugen<\/strong>\u201c zeigt sie ihre gro\u00dfe Wandelbarkeit nicht nur im Kino, sondern auch im TV. In \u201e<strong>Dark<\/strong>\u201c, \u201e<strong>Das Haus der Tr\u00e4ume<\/strong>\u201c und als legend\u00e4re Gangsterbossin in \u201e<strong>Babylon Berlin<\/strong>\u201c ist sie in international erfolgreichen Serienproduktionen zu sehen.<\/p>\n<\/div>\n<p>[\/vc_column_text][vc_column_text]Unter der Regie von <strong>Janin Halisch<\/strong>, produziert von der mit dem \u201e<strong>No Fear Award<\/strong>\u201c ausgezeicheten Produzentin <strong>Clara Gerst<\/strong> \u00fcbernahm <strong>Barbara Philipp<\/strong> im mehrfach pr\u00e4mierten <strong>DFFB<\/strong> Coming of Age-Drama \u201e<strong>Sprich mit mir<\/strong>\u201c die Hauptrolle der Mutter <em>Michaela<\/em>.[\/vc_column_text][vc_separator][\/vc_column][\/vc_row][vc_row][vc_column width=&#8220;3\/4&#8243;][vc_row_inner][vc_column_inner][vc_column_text]<span style=\"font-size: 14pt;\">Zusammenfassung des Inhalts des Films &#8222;<strong>Sprich mit mir<\/strong>&#8222;<\/span><\/p>\n<p style=\"font-weight: 400;\">Karo (28) ist frisch getrennt und k\u00e4mpft mit der nicht vorhandenen Beziehung zu ihrem Vater. Als ihre Mutter Michaela (50) mit ihr in den Urlaub nach R\u00fcgen fahren will, vermutet Karo wieder eine gescheiterte M\u00e4nnergeschichte dahinter. Was als spontaner Trip beginnt, entpuppt sich schnell als Reise in die Vergangenheit zweier Frauen, die unterschiedlicher nicht sein k\u00f6nnen: Michaela will Ablenkung, Karo will Ruhe.<\/p>\n<p>Im Hotel angekommen, lernen sie den frisch geschiedenen Jochen (60) und seine Teenager Tochter Marie (16) kennen. F\u00fcr Michaela ist Jochen ein Urlaubsflirt und f\u00fcr Karo k\u00f6nnte er die Antwort auf all ihre Fragen und Sehns\u00fcchte sein, Marie hingegen der Spiegel einer Jugend, die Karo nie hatte. Mutter und Tochter begreifen schnell, dass der abwesende Vater eine Leerstelle hinterlassen hat, die gr\u00f6\u00dfer und schmerzhafter ist, als sie dachten. Alte Wunden werden aufgerissen und beide versuchen auf ihre eigene Art und Weise zu heilen und sich aus ihren gefestigten Rollen zu befreien.[\/vc_column_text][vc_column_text]<\/p>\n<p style=\"font-weight: 400;\">Produzentin <strong>Clara Gerst<\/strong> wurde f\u00fcr ihre Arbeit an \u201e<strong>Sprich mit mir<\/strong>\u201c letztes Jahr mit dem \u201e<strong>No Fear Award<\/strong>\u201c beim <strong>\u201eFirst Steps<\/strong>\u201c geehrt.<\/p>\n<p style=\"font-weight: 400;\">Hautdarstellerin <strong>Alina Stiegler<\/strong> erhielt f\u00fcr ihre Rolle der Karo 2023 den <strong>Max Oph\u00fcls Preis<\/strong> als <em>&#8222;<strong>beste Schauspielerin<\/strong>&#8222;.<\/em><\/p>\n<p>[\/vc_column_text][\/vc_column_inner][\/vc_row_inner][\/vc_column][vc_column width=&#8220;1\/4&#8243;][vc_single_image image=&#8220;100578&#8243; img_size=&#8220;full&#8220; onclick=&#8220;link_image&#8220;][\/vc_column][\/vc_row][vc_row][vc_column][vc_separator][vc_video link=&#8220;https:\/\/youtu.be\/o_lhgLxJ_D4?si=cHs2zEAekEhTA5RT&#8220; title=&#8220;Sprich mit mir (Trailer)&#8220;][\/vc_column][\/vc_row][vc_row][vc_column][vc_separator][vc_column_text]<\/p>\n<div class=\"\">\n<p style=\"font-weight: 400;\">Der <strong>Deutsche Filmpreis<\/strong> (fr\u00fcher <strong>Bundesfilmpreis<\/strong>), h\u00e4ufig auch als <strong>Lola<\/strong> bezeichnet, wird seit 1951 verliehen und gilt als die renommierteste Auszeichnung f\u00fcr den deutschen Film. Mit insgesamt fast drei Millionen Euro Preisgeld ist er der h\u00f6chstdotierte deutsche Kulturpreis. Der <strong>Deutsche Filmpreis<\/strong> wird j\u00e4hrlich im Fr\u00fchjahr\/Sommer vergeben, im Wechsel vom <strong>ARD<\/strong> und <strong>ZDF<\/strong> ausgestrahlt, und von der <strong>Deutschen Filmakademie Produktion<\/strong> GmbH, einer hundertprozentigen Tochter der <strong>Deutschen Filmakademie<\/strong>, produziert. Symbol des Filmpreises ist die <strong>Lola-Statuette<\/strong>, die in Gold an die Gewinner der verschiedenen Kategorien vergeben wird. In der Kategorie <em>\u201e<strong>Bester Spielfilm<\/strong>\u201c<\/em> wird sie zus\u00e4tzlich in Bronze und Silber vergeben.<\/p>\n<\/div>\n<p>[\/vc_column_text][\/vc_column][\/vc_row][vc_row][vc_column width=&#8220;1\/2&#8243;][vc_single_image image=&#8220;100434&#8243; img_size=&#8220;full&#8220; onclick=&#8220;link_image&#8220;][\/vc_column][vc_column width=&#8220;1\/2&#8243;][vc_single_image image=&#8220;100432&#8243; img_size=&#8220;full&#8220; onclick=&#8220;link_image&#8220;][\/vc_column][\/vc_row][vc_row][vc_column][vc_column_text]<\/p>\n<div class=\"\">\n<p style=\"font-weight: 400;\">Die Verk\u00fcndung der Nominierungen fand dieses Jahr in einem neuen Rahmen statt: Kulturstaatsministerin <strong>Claudia Roth<\/strong> und das Pr\u00e4sident:innen-Duo der <strong>Deutschen Filmakademie<\/strong>, <strong>Alexandra Maria Lara<\/strong> und <strong>Florian Gallenberger<\/strong>, pr\u00e4sentierten sieben Nominierungen live im <strong>ARD Mittagsmagazin<\/strong>. Unmittelbar zuvor hatten Filmakademie-Vorstandsmitglied <strong>Dennenesch Zoud\u00e9<\/strong> und Filmpreis-Botschafter <strong>Lucas Reiber<\/strong> in einem Livestream in der <strong>ARD Mediathek<\/strong> die Nominierungen in zehn filmischen Gewerken bekanntgegeben. Neu war dieses Jahr auch das zugrunde liegende Wahlverfahren: Erstmals konnten die \u00fcber 2.200 Mitglieder der <strong>Deutschen Filmakademie<\/strong> direkt \u00fcber die eingereichten Filme abstimmen \u2013 und nicht wie bisher \u00fcber eine reduzierte, durch eine Kommission getroffene Vorauswahl. Au\u00dferdem konnten erstmals alle Mitglieder bereits in der Nominierungsphase \u00fcber den <em>&#8222;<strong>Besten Spiel-<\/strong> &#8220; und den &#8222;<strong>Besten Kinderfilm<\/strong>&#8222;<\/em> abstimmen. Neu ist auch, dass in der Kategorie Bestes Szenenbild ab 2024 neben den Szenenbildner:innen auch die <em>Set Decorator<\/em> nominiert bzw. ausgezeichnet werden.<\/p>\n<\/div>\n<p>[\/vc_column_text][vc_column_text]<\/p>\n<p style=\"font-weight: 400;\">Die Preisverleihung findet am 3. Mai 2024 in Berlin statt. Bis zum 30. April k\u00f6nnen die Mitglieder nun im zweiten Schritt dar\u00fcber abstimmen, wer am 3.Mai 2024 als<strong> Lola<\/strong>-Gewinner:in auf der B\u00fchne stehen wird. <strong>ARD<\/strong> \u00fcbertr\u00e4gt die Verleihung um 19:30 Uhr live in der <strong>ARD Mediathek<\/strong> und um 22:20 Uhr im linearen Fernsehen.<\/p>\n<p>[\/vc_column_text][vc_separator][\/vc_column][\/vc_row][vc_row][vc_column width=&#8220;1\/2&#8243;][vc_column_text]Weitere Informationen \u00fcber den Film: <a title=\"Sprich mit mir (2023) von Janin Halisch | Darling Berlin\" href=\"https:\/\/ucm.one\/de\/sprich-mit-mir\/\">Sprich mit mir<\/a>[\/vc_column_text][\/vc_column][vc_column width=&#8220;1\/2&#8243;][vc_column_text]Weitere Informationen \u00fcber das Filmlabel: <a title=\"Darling Berlin\" href=\"https:\/\/ucm.one\/de\/film-labels\/darling-berlin\/\">Darling Berlin<\/a>[\/vc_column_text][\/vc_column][\/vc_row]<\/p>\n<\/div>","protected":false},"excerpt":{"rendered":"<p>[vc_row][vc_column][vc_column_text] Am 19.03.2024 wurden die Nominierungen f\u00fcr den Deutschen Filmpreis 2024 durch die Deutsche Filmakademie bekannt gegeben. [\/vc_column_text][vc_column_text] UCM.ONE gratuliert Barbara Philipp zur Nominierung in der Kategorie \u201cBeste weibliche Nebenrolle\u201d im Spielfilm &#8222;Sprich mit mir&#8220; von Janin Halisch. &#8222;Sprich mit mir&#8220; wird von UCM.ONE auf dem Label Darling Berlin in Deutschland im Kino verliehen und&hellip;<\/p>\n","protected":false},"author":2,"featured_media":102958,"comment_status":"closed","ping_status":"closed","sticky":false,"template":"","format":"standard","meta":{"_acf_changed":false,"footnotes":""},"categories":[830,8,15325,10,13,7528],"tags":[17028,15529,15530,15528,2266,17466,2453,15527,15526,2779,15531,2806,15524,15525],"class_list":["post-102957","post","type-post","status-publish","format-standard","has-post-thumbnail","hentry","category-darling-berlin","category-film","category-filmvertrieb-de","category-kino","category-news","category-weltvertrieb","tag-17028","tag-alina-stiegler","tag-barbara-phillipp","tag-clara-gerst","tag-darling-berlin","tag-deutsche-filmakademie","tag-deutscher-filmpreis","tag-hannah-sioda","tag-janin-halisch","tag-lola","tag-pearl-graw","tag-peter-lohmeyer","tag-sprich-mit-mir","tag-talk-to-me","category-830","category-8","category-15325","category-10","category-13","category-7528","description-off"],"acf":[],"yoast_head":"<!-- This site is optimized with the Yoast SEO plugin v27.5 - https:\/\/yoast.com\/product\/yoast-seo-wordpress\/ -->\n<title>Barbara Philipp f\u00fcr den Deutschen Filmpreis 2024 nominiert<\/title>\n<meta name=\"description\" content=\"UCM.ONE gratuliert Barbara Philipp zur Nominierung \u201cBeste weibliche Nebenrolle\u201d im Spielfilm &quot;Sprich mit mir&quot; von Janin Halisch.\" \/>\n<meta name=\"robots\" content=\"index, follow, max-snippet:-1, max-image-preview:large, max-video-preview:-1\" \/>\n<link rel=\"canonical\" href=\"https:\/\/ucm.one\/de\/barbara-philipp-fuer-den-deutschen-filmpreis-2024-in-der-kategorie-beste-weibliche-nebendarstellerin-nominiert\/\" \/>\n<meta property=\"og:locale\" content=\"de_DE\" \/>\n<meta property=\"og:type\" content=\"article\" \/>\n<meta property=\"og:title\" content=\"Barbara Philipp f\u00fcr den Deutschen Filmpreis 2024 nominiert\" \/>\n<meta property=\"og:description\" content=\"UCM.ONE gratuliert Barbara Philipp zur Nominierung \u201cBeste weibliche Nebenrolle\u201d im Spielfilm &quot;Sprich mit mir&quot; von Janin Halisch.\" \/>\n<meta property=\"og:url\" content=\"https:\/\/ucm.one\/de\/barbara-philipp-fuer-den-deutschen-filmpreis-2024-in-der-kategorie-beste-weibliche-nebendarstellerin-nominiert\/\" \/>\n<meta property=\"og:site_name\" content=\"UCM.ONE\" \/>\n<meta property=\"article:published_time\" content=\"2024-03-19T08:22:16+00:00\" \/>\n<meta property=\"article:modified_time\" content=\"2024-03-29T22:37:55+00:00\" \/>\n<meta property=\"og:image\" content=\"https:\/\/ucm.one\/wp-content\/uploads\/2024\/03\/BARBARA-PHILIPP-Nominiert-fuer-den-Deutschen-Filmpreis-1080x1080-1.jpeg\" \/>\n<meta name=\"author\" content=\"Joachim Keil\" \/>\n<meta name=\"twitter:card\" content=\"summary_large_image\" \/>\n<meta name=\"twitter:title\" content=\"Barbara Philipp f\u00fcr den Deutschen Filmpreis 2024 nominiert\" \/>\n<meta name=\"twitter:description\" content=\"UCM.ONE gratuliert Barbara Philipp zur Nominierung \u201cBeste weibliche Nebenrolle\u201d im Spielfilm &quot;Sprich mit mir&quot; von Janin Halisch.\" \/>\n<meta name=\"twitter:image\" content=\"https:\/\/ucm.one\/wp-content\/uploads\/2024\/03\/BARBARA-PHILIPP-Nominiert-fuer-den-Deutschen-Filmpreis-1080x1080-1.jpeg\" \/>\n<meta name=\"twitter:label1\" content=\"Verfasst von\" \/>\n\t<meta name=\"twitter:data1\" content=\"Joachim Keil\" \/>\n\t<meta name=\"twitter:label2\" content=\"Gesch\u00e4tzte Lesezeit\" \/>\n\t<meta name=\"twitter:data2\" content=\"6\u00a0Minuten\" \/>\n<!-- \/ Yoast SEO plugin. -->","yoast_head_json":{"title":"Barbara Philipp f\u00fcr den Deutschen Filmpreis 2024 nominiert","description":"UCM.ONE gratuliert Barbara Philipp zur Nominierung \u201cBeste weibliche Nebenrolle\u201d im Spielfilm \"Sprich mit mir\" von Janin Halisch.","robots":{"index":"index","follow":"follow","max-snippet":"max-snippet:-1","max-image-preview":"max-image-preview:large","max-video-preview":"max-video-preview:-1"},"canonical":"https:\/\/ucm.one\/de\/barbara-philipp-fuer-den-deutschen-filmpreis-2024-in-der-kategorie-beste-weibliche-nebendarstellerin-nominiert\/","og_locale":"de_DE","og_type":"article","og_title":"Barbara Philipp f\u00fcr den Deutschen Filmpreis 2024 nominiert","og_description":"UCM.ONE gratuliert Barbara Philipp zur Nominierung \u201cBeste weibliche Nebenrolle\u201d im Spielfilm \"Sprich mit mir\" von Janin Halisch.","og_url":"https:\/\/ucm.one\/de\/barbara-philipp-fuer-den-deutschen-filmpreis-2024-in-der-kategorie-beste-weibliche-nebendarstellerin-nominiert\/","og_site_name":"UCM.ONE","article_published_time":"2024-03-19T08:22:16+00:00","article_modified_time":"2024-03-29T22:37:55+00:00","og_image":[{"url":"https:\/\/ucm.one\/wp-content\/uploads\/2024\/03\/BARBARA-PHILIPP-Nominiert-fuer-den-Deutschen-Filmpreis-1080x1080-1.jpeg","type":"","width":"","height":""}],"author":"Joachim Keil","twitter_card":"summary_large_image","twitter_title":"Barbara Philipp f\u00fcr den Deutschen Filmpreis 2024 nominiert","twitter_description":"UCM.ONE gratuliert Barbara Philipp zur Nominierung \u201cBeste weibliche Nebenrolle\u201d im Spielfilm \"Sprich mit mir\" von Janin Halisch.","twitter_image":"https:\/\/ucm.one\/wp-content\/uploads\/2024\/03\/BARBARA-PHILIPP-Nominiert-fuer-den-Deutschen-Filmpreis-1080x1080-1.jpeg","twitter_misc":{"Verfasst von":"Joachim Keil","Gesch\u00e4tzte Lesezeit":"6\u00a0Minuten"},"schema":{"@context":"https:\/\/schema.org","@graph":[{"@type":"Article","@id":"https:\/\/ucm.one\/de\/barbara-philipp-fuer-den-deutschen-filmpreis-2024-in-der-kategorie-beste-weibliche-nebendarstellerin-nominiert\/#article","isPartOf":{"@id":"https:\/\/ucm.one\/de\/barbara-philipp-fuer-den-deutschen-filmpreis-2024-in-der-kategorie-beste-weibliche-nebendarstellerin-nominiert\/"},"author":{"name":"Joachim Keil","@id":"https:\/\/ucm.one\/de\/#\/schema\/person\/4b959e467e8acc058836467a0ef8fa50"},"headline":"\ud83c\udfac Barbara Philipp f\u00fcr den Deutschen Filmpreis 2024 in der Kategorie \u201cBeste weibliche Nebendarstellerin\u201d nominiert","datePublished":"2024-03-19T08:22:16+00:00","dateModified":"2024-03-29T22:37:55+00:00","mainEntityOfPage":{"@id":"https:\/\/ucm.one\/de\/barbara-philipp-fuer-den-deutschen-filmpreis-2024-in-der-kategorie-beste-weibliche-nebendarstellerin-nominiert\/"},"wordCount":1271,"publisher":{"@id":"https:\/\/ucm.one\/de\/#organization"},"image":{"@id":"https:\/\/ucm.one\/de\/barbara-philipp-fuer-den-deutschen-filmpreis-2024-in-der-kategorie-beste-weibliche-nebendarstellerin-nominiert\/#primaryimage"},"thumbnailUrl":"https:\/\/ucm.one\/wp-content\/uploads\/2024\/03\/BARBARA-PHILIPP-Nominiert-fuer-den-Deutschen-Filmpreis-1920x600-1.jpeg","keywords":["2024","Alina Stiegler","Barbara Phillipp","Clara Gerst","Darling Berlin","Deutsche Filmakademie","Deutscher Filmpreis","Hannah Sioda","Janin Halisch","Lola","Pearl Graw","Peter Lohmeyer","Sprich mit mir","Talk To Me"],"articleSection":["Darling Berlin","Film","Filmvertrieb","Kino","News","Weltvertrieb"],"inLanguage":"de"},{"@type":"WebPage","@id":"https:\/\/ucm.one\/de\/barbara-philipp-fuer-den-deutschen-filmpreis-2024-in-der-kategorie-beste-weibliche-nebendarstellerin-nominiert\/","url":"https:\/\/ucm.one\/de\/barbara-philipp-fuer-den-deutschen-filmpreis-2024-in-der-kategorie-beste-weibliche-nebendarstellerin-nominiert\/","name":"Barbara Philipp f\u00fcr den Deutschen Filmpreis 2024 nominiert","isPartOf":{"@id":"https:\/\/ucm.one\/de\/#website"},"primaryImageOfPage":{"@id":"https:\/\/ucm.one\/de\/barbara-philipp-fuer-den-deutschen-filmpreis-2024-in-der-kategorie-beste-weibliche-nebendarstellerin-nominiert\/#primaryimage"},"image":{"@id":"https:\/\/ucm.one\/de\/barbara-philipp-fuer-den-deutschen-filmpreis-2024-in-der-kategorie-beste-weibliche-nebendarstellerin-nominiert\/#primaryimage"},"thumbnailUrl":"https:\/\/ucm.one\/wp-content\/uploads\/2024\/03\/BARBARA-PHILIPP-Nominiert-fuer-den-Deutschen-Filmpreis-1920x600-1.jpeg","datePublished":"2024-03-19T08:22:16+00:00","dateModified":"2024-03-29T22:37:55+00:00","description":"UCM.ONE gratuliert Barbara Philipp zur Nominierung \u201cBeste weibliche Nebenrolle\u201d im Spielfilm \"Sprich mit mir\" von Janin Halisch.","breadcrumb":{"@id":"https:\/\/ucm.one\/de\/barbara-philipp-fuer-den-deutschen-filmpreis-2024-in-der-kategorie-beste-weibliche-nebendarstellerin-nominiert\/#breadcrumb"},"inLanguage":"de","potentialAction":[{"@type":"ReadAction","target":["https:\/\/ucm.one\/de\/barbara-philipp-fuer-den-deutschen-filmpreis-2024-in-der-kategorie-beste-weibliche-nebendarstellerin-nominiert\/"]}]},{"@type":"ImageObject","inLanguage":"de","@id":"https:\/\/ucm.one\/de\/barbara-philipp-fuer-den-deutschen-filmpreis-2024-in-der-kategorie-beste-weibliche-nebendarstellerin-nominiert\/#primaryimage","url":"https:\/\/ucm.one\/wp-content\/uploads\/2024\/03\/BARBARA-PHILIPP-Nominiert-fuer-den-Deutschen-Filmpreis-1920x600-1.jpeg","contentUrl":"https:\/\/ucm.one\/wp-content\/uploads\/2024\/03\/BARBARA-PHILIPP-Nominiert-fuer-den-Deutschen-Filmpreis-1920x600-1.jpeg","width":1920,"height":600},{"@type":"BreadcrumbList","@id":"https:\/\/ucm.one\/de\/barbara-philipp-fuer-den-deutschen-filmpreis-2024-in-der-kategorie-beste-weibliche-nebendarstellerin-nominiert\/#breadcrumb","itemListElement":[{"@type":"ListItem","position":1,"name":"Home","item":"https:\/\/ucm.one\/de\/"},{"@type":"ListItem","position":2,"name":"\ud83c\udfac Barbara Philipp f\u00fcr den Deutschen Filmpreis 2024 in der Kategorie \u201cBeste weibliche Nebendarstellerin\u201d nominiert"}]},{"@type":"WebSite","@id":"https:\/\/ucm.one\/de\/#website","url":"https:\/\/ucm.one\/de\/","name":"UCM.ONE","description":"","publisher":{"@id":"https:\/\/ucm.one\/de\/#organization"},"potentialAction":[{"@type":"SearchAction","target":{"@type":"EntryPoint","urlTemplate":"https:\/\/ucm.one\/de\/?s={search_term_string}"},"query-input":{"@type":"PropertyValueSpecification","valueRequired":true,"valueName":"search_term_string"}}],"inLanguage":"de"},{"@type":"Organization","@id":"https:\/\/ucm.one\/de\/#organization","name":"UCM.ONE","url":"https:\/\/ucm.one\/de\/","logo":{"@type":"ImageObject","inLanguage":"de","@id":"https:\/\/ucm.one\/de\/#\/schema\/logo\/image\/","url":"https:\/\/ucm.one\/wp-content\/uploads\/2019\/10\/UCM.ONE-Logo-RGB.svg","contentUrl":"https:\/\/ucm.one\/wp-content\/uploads\/2019\/10\/UCM.ONE-Logo-RGB.svg","width":1,"height":1,"caption":"UCM.ONE"},"image":{"@id":"https:\/\/ucm.one\/de\/#\/schema\/logo\/image\/"}},{"@type":"Person","@id":"https:\/\/ucm.one\/de\/#\/schema\/person\/4b959e467e8acc058836467a0ef8fa50","name":"Joachim Keil","image":{"@type":"ImageObject","inLanguage":"de","@id":"https:\/\/secure.gravatar.com\/avatar\/10e1dfd05f2a7a7bc83cd44bae31e01c8ac15f974229211a2b1a49fa0a22fec0?s=96&d=mm&r=g","url":"https:\/\/secure.gravatar.com\/avatar\/10e1dfd05f2a7a7bc83cd44bae31e01c8ac15f974229211a2b1a49fa0a22fec0?s=96&d=mm&r=g","contentUrl":"https:\/\/secure.gravatar.com\/avatar\/10e1dfd05f2a7a7bc83cd44bae31e01c8ac15f974229211a2b1a49fa0a22fec0?s=96&d=mm&r=g","caption":"Joachim Keil"},"sameAs":["https:\/\/ucm.one"]}]}},"_links":{"self":[{"href":"https:\/\/ucm.one\/de\/wp-json\/wp\/v2\/posts\/102957","targetHints":{"allow":["GET"]}}],"collection":[{"href":"https:\/\/ucm.one\/de\/wp-json\/wp\/v2\/posts"}],"about":[{"href":"https:\/\/ucm.one\/de\/wp-json\/wp\/v2\/types\/post"}],"author":[{"embeddable":true,"href":"https:\/\/ucm.one\/de\/wp-json\/wp\/v2\/users\/2"}],"replies":[{"embeddable":true,"href":"https:\/\/ucm.one\/de\/wp-json\/wp\/v2\/comments?post=102957"}],"version-history":[{"count":11,"href":"https:\/\/ucm.one\/de\/wp-json\/wp\/v2\/posts\/102957\/revisions"}],"predecessor-version":[{"id":102993,"href":"https:\/\/ucm.one\/de\/wp-json\/wp\/v2\/posts\/102957\/revisions\/102993"}],"wp:featuredmedia":[{"embeddable":true,"href":"https:\/\/ucm.one\/de\/wp-json\/wp\/v2\/media\/102958"}],"wp:attachment":[{"href":"https:\/\/ucm.one\/de\/wp-json\/wp\/v2\/media?parent=102957"}],"wp:term":[{"taxonomy":"category","embeddable":true,"href":"https:\/\/ucm.one\/de\/wp-json\/wp\/v2\/categories?post=102957"},{"taxonomy":"post_tag","embeddable":true,"href":"https:\/\/ucm.one\/de\/wp-json\/wp\/v2\/tags?post=102957"}],"curies":[{"name":"wp","href":"https:\/\/api.w.org\/{rel}","templated":true}]}}