{"id":102412,"date":"2024-03-15T00:39:25","date_gmt":"2024-03-15T00:39:25","guid":{"rendered":"https:\/\/ucm.one\/?p=102412"},"modified":"2024-03-16T22:51:02","modified_gmt":"2024-03-16T22:51:02","slug":"flanger-curtis-mit-neuer-ep-papermoon-auf-mole-listening-pearls","status":"publish","type":"post","link":"https:\/\/ucm.one\/de\/flanger-curtis-mit-neuer-ep-papermoon-auf-mole-listening-pearls\/","title":{"rendered":"\ud83c\udfb5 Flanger Curtis mit neuer EP &#8222;Papermoon&#8220; auf Mole Listening Pearls"},"content":{"rendered":"<div class=\"wpb-content-wrapper\"><p>[vc_row][vc_column width=&#8220;3\/4&#8243;][vc_column_text]<\/p>\n<div class=\"\">\n<div class=\"\">\n<div class=\"\">\n<div class=\"\">\n<div class=\"\">Entdecke die faszinierende Welt von <strong>Flanger Curtis<\/strong>, die mit &#8222;<strong>Papermoon<\/strong>&#8220; ihre 3. EP der Band auf <strong>Mole Listening Pearls <\/strong>pr\u00e4sentieren. Mit 7 Tracks aus dem Chillout &amp; Electronica Genre bietet dieses Minialbum eine vielseitige und einzigartige Klanglandschaft die zum Entspannen aber auch zum Mitgrooven einl\u00e4dt.<\/div>\n<\/div>\n<\/div>\n<\/div>\n<\/div>\n<p>[\/vc_column_text][vc_column_text]Das K\u00f6lner Produzenten-Team\u00a0<strong>Flanger Curtis,\u00a0<\/strong>bestehend aus\u00a0<strong>Cris Lux<\/strong> und\u00a0<strong>Peter Novaz<\/strong>, ver\u00f6ffentlichten auf <strong>Mole Listening Pearls<\/strong> einen eigenwilligen Sound von Elektro-Pop- und Dark-Dub-Elemente gemischt mit elektronischen Lounge und Easy Listening Sounds und Beats mit klassischen Instrumenten und Vocals.[\/vc_column_text][vc_column_text]<\/p>\n<div class=\"\">\n<div class=\"\">\n<div class=\"\">\n<div class=\"\">\n<div class=\"\">Tauche ein in die entspannende Atmosph\u00e4re, die den H\u00f6rer von den melodischen Kl\u00e4ngen verzaubert und erlebe Musikgenuss auf einem ganz neuen Level.<\/div>\n<\/div>\n<\/div>\n<\/div>\n<\/div>\n<p>[\/vc_column_text][vc_empty_space][vc_column_text]Weitere Informationen \u00fcber das Label: <a title=\"Mole Listening Pearls\" href=\"https:\/\/ucm.one\/de\/musik-labels\/mole-listening-pearls\/\">Mole Listening Pearls<\/a>[\/vc_column_text][\/vc_column][vc_column width=&#8220;1\/4&#8243;][vc_single_image image=&#8220;102413&#8243; img_size=&#8220;full&#8220; onclick=&#8220;link_image&#8220;][vc_btn title=&#8220;Flanger Curtis<br \/>\nPapermoon<br \/>\n<small>2024\u30fbEP<\/small>&#8220; style=&#8220;flat&#8220; color=&#8220;white&#8220; size=&#8220;xs&#8220; align=&#8220;center&#8220; button_block=&#8220;true&#8220; css=&#8220;.vc_custom_1710628927437{margin-top: -35px !important;}&#8220; link=&#8220;url:https%3A%2F%2Fsnd.click%2FPapermoon|title:Flanger%20Curtis%20-%20Papermoon|target:_blank&#8220;][vc_btn title=&#8220;Download &amp; Streaming&#8220; style=&#8220;flat&#8220; color=&#8220;sky&#8220; size=&#8220;xs&#8220; align=&#8220;center&#8220; i_icon_fontawesome=&#8220;fas fa-external-link-square-alt&#8220; button_block=&#8220;true&#8220; add_icon=&#8220;true&#8220; css=&#8220;.vc_custom_1710629104656{margin-top: -25px !important;}&#8220; link=&#8220;url:https%3A%2F%2Fsnd.click%2FPapermoon|title:Flanger%20Curtis%20-%20Papermoon|target:_blank&#8220;][vc_empty_space height=&#8220;15px&#8220;][\/vc_column][\/vc_row][vc_row][vc_column][vc_separator][vc_video link=&#8220;https:\/\/youtu.be\/0DIsw5BawgE?si=GP8uKCy_pVxYuUrR&#8220; title=&#8220;Flanger Curtis &#8211; Below the Line (Mole Listening Pearls)&#8220;][\/vc_column][\/vc_row]<\/p>\n<\/div>","protected":false},"excerpt":{"rendered":"<p>[vc_row][vc_column width=&#8220;3\/4&#8243;][vc_column_text] Entdecke die faszinierende Welt von Flanger Curtis, die mit &#8222;Papermoon&#8220; ihre 3. EP der Band auf Mole Listening Pearls pr\u00e4sentieren. Mit 7 Tracks aus dem Chillout &amp; Electronica Genre bietet dieses Minialbum eine vielseitige und einzigartige Klanglandschaft die zum Entspannen aber auch zum Mitgrooven einl\u00e4dt. [\/vc_column_text][vc_column_text]Das K\u00f6lner Produzenten-Team\u00a0Flanger Curtis,\u00a0bestehend aus\u00a0Cris Lux und\u00a0Peter Novaz,&hellip;<\/p>\n","protected":false},"author":2,"featured_media":102417,"comment_status":"closed","ping_status":"closed","sticky":false,"template":"","format":"standard","meta":{"_acf_changed":false,"footnotes":""},"categories":[876,9,13],"tags":[12814,12811,2854,17436,12815],"class_list":["post-102412","post","type-post","status-publish","format-standard","has-post-thumbnail","hentry","category-mole-listening-pearls","category-musik","category-news","tag-cris-lux","tag-flanger-curtis","tag-mole-listening-pearls","tag-papermoon","tag-peter-novaz","category-876","category-9","category-13","description-off"],"acf":[],"yoast_head":"<!-- This site is optimized with the Yoast SEO plugin v27.5 - https:\/\/yoast.com\/product\/yoast-seo-wordpress\/ -->\n<title>Flanger Curtis mit EP &quot;Papermoon&quot; auf Mole Listening Pearls<\/title>\n<meta name=\"description\" content=\"Entdecke die faszinierende Welt von Flanger Curtis, die mit &quot;Papermoon&quot; ihre 3. EP der Band auf Mole Listening Pearls pr\u00e4sentieren.\" \/>\n<meta name=\"robots\" content=\"index, follow, max-snippet:-1, max-image-preview:large, max-video-preview:-1\" \/>\n<link rel=\"canonical\" href=\"https:\/\/ucm.one\/de\/flanger-curtis-mit-neuer-ep-papermoon-auf-mole-listening-pearls\/\" \/>\n<meta property=\"og:locale\" content=\"de_DE\" \/>\n<meta property=\"og:type\" content=\"article\" \/>\n<meta property=\"og:title\" content=\"Flanger Curtis mit EP &quot;Papermoon&quot; auf Mole Listening Pearls\" \/>\n<meta property=\"og:description\" content=\"Entdecke die faszinierende Welt von Flanger Curtis, die mit &quot;Papermoon&quot; ihre 3. EP der Band auf Mole Listening Pearls pr\u00e4sentieren.\" \/>\n<meta property=\"og:url\" content=\"https:\/\/ucm.one\/de\/flanger-curtis-mit-neuer-ep-papermoon-auf-mole-listening-pearls\/\" \/>\n<meta property=\"og:site_name\" content=\"UCM.ONE\" \/>\n<meta property=\"article:published_time\" content=\"2024-03-15T00:39:25+00:00\" \/>\n<meta property=\"article:modified_time\" content=\"2024-03-16T22:51:02+00:00\" \/>\n<meta property=\"og:image\" content=\"https:\/\/ucm.one\/wp-content\/uploads\/2024\/03\/C-Flanger-Curtis-Papermoon.jpg\" \/>\n<meta name=\"author\" content=\"Joachim Keil\" \/>\n<meta name=\"twitter:card\" content=\"summary_large_image\" \/>\n<meta name=\"twitter:title\" content=\"Flanger Curtis mit EP &quot;Papermoon&quot; auf Mole Listening Pearls\" \/>\n<meta name=\"twitter:description\" content=\"Entdecke die faszinierende Welt von Flanger Curtis, die mit &quot;Papermoon&quot; ihre 3. EP der Band auf Mole Listening Pearls pr\u00e4sentieren.\" \/>\n<meta name=\"twitter:image\" content=\"https:\/\/ucm.one\/wp-content\/uploads\/2024\/03\/C-Flanger-Curtis-Papermoon.jpg\" \/>\n<meta name=\"twitter:label1\" content=\"Verfasst von\" \/>\n\t<meta name=\"twitter:data1\" content=\"Joachim Keil\" \/>\n\t<meta name=\"twitter:label2\" content=\"Gesch\u00e4tzte Lesezeit\" \/>\n\t<meta name=\"twitter:data2\" content=\"1\u00a0Minute\" \/>\n<!-- \/ Yoast SEO plugin. -->","yoast_head_json":{"title":"Flanger Curtis mit EP \"Papermoon\" auf Mole Listening Pearls","description":"Entdecke die faszinierende Welt von Flanger Curtis, die mit \"Papermoon\" ihre 3. EP der Band auf Mole Listening Pearls pr\u00e4sentieren.","robots":{"index":"index","follow":"follow","max-snippet":"max-snippet:-1","max-image-preview":"max-image-preview:large","max-video-preview":"max-video-preview:-1"},"canonical":"https:\/\/ucm.one\/de\/flanger-curtis-mit-neuer-ep-papermoon-auf-mole-listening-pearls\/","og_locale":"de_DE","og_type":"article","og_title":"Flanger Curtis mit EP \"Papermoon\" auf Mole Listening Pearls","og_description":"Entdecke die faszinierende Welt von Flanger Curtis, die mit \"Papermoon\" ihre 3. EP der Band auf Mole Listening Pearls pr\u00e4sentieren.","og_url":"https:\/\/ucm.one\/de\/flanger-curtis-mit-neuer-ep-papermoon-auf-mole-listening-pearls\/","og_site_name":"UCM.ONE","article_published_time":"2024-03-15T00:39:25+00:00","article_modified_time":"2024-03-16T22:51:02+00:00","og_image":[{"url":"https:\/\/ucm.one\/wp-content\/uploads\/2024\/03\/C-Flanger-Curtis-Papermoon.jpg","type":"","width":"","height":""}],"author":"Joachim Keil","twitter_card":"summary_large_image","twitter_title":"Flanger Curtis mit EP \"Papermoon\" auf Mole Listening Pearls","twitter_description":"Entdecke die faszinierende Welt von Flanger Curtis, die mit \"Papermoon\" ihre 3. EP der Band auf Mole Listening Pearls pr\u00e4sentieren.","twitter_image":"https:\/\/ucm.one\/wp-content\/uploads\/2024\/03\/C-Flanger-Curtis-Papermoon.jpg","twitter_misc":{"Verfasst von":"Joachim Keil","Gesch\u00e4tzte Lesezeit":"1\u00a0Minute"},"schema":{"@context":"https:\/\/schema.org","@graph":[{"@type":"Article","@id":"https:\/\/ucm.one\/de\/flanger-curtis-mit-neuer-ep-papermoon-auf-mole-listening-pearls\/#article","isPartOf":{"@id":"https:\/\/ucm.one\/de\/flanger-curtis-mit-neuer-ep-papermoon-auf-mole-listening-pearls\/"},"author":{"name":"Joachim Keil","@id":"https:\/\/ucm.one\/de\/#\/schema\/person\/4b959e467e8acc058836467a0ef8fa50"},"headline":"\ud83c\udfb5 Flanger Curtis mit neuer EP &#8222;Papermoon&#8220; auf Mole Listening Pearls","datePublished":"2024-03-15T00:39:25+00:00","dateModified":"2024-03-16T22:51:02+00:00","mainEntityOfPage":{"@id":"https:\/\/ucm.one\/de\/flanger-curtis-mit-neuer-ep-papermoon-auf-mole-listening-pearls\/"},"wordCount":304,"publisher":{"@id":"https:\/\/ucm.one\/de\/#organization"},"image":{"@id":"https:\/\/ucm.one\/de\/flanger-curtis-mit-neuer-ep-papermoon-auf-mole-listening-pearls\/#primaryimage"},"thumbnailUrl":"https:\/\/ucm.one\/wp-content\/uploads\/2024\/03\/B-Flanger-Kurtis-Papermoon.jpeg","keywords":["Cris Lux","Flanger Curtis","Mole Listening Pearls","Papermoon","Peter Novaz"],"articleSection":["Mole Listening Pearls","Musik","News"],"inLanguage":"de"},{"@type":"WebPage","@id":"https:\/\/ucm.one\/de\/flanger-curtis-mit-neuer-ep-papermoon-auf-mole-listening-pearls\/","url":"https:\/\/ucm.one\/de\/flanger-curtis-mit-neuer-ep-papermoon-auf-mole-listening-pearls\/","name":"Flanger Curtis mit EP \"Papermoon\" auf Mole Listening Pearls","isPartOf":{"@id":"https:\/\/ucm.one\/de\/#website"},"primaryImageOfPage":{"@id":"https:\/\/ucm.one\/de\/flanger-curtis-mit-neuer-ep-papermoon-auf-mole-listening-pearls\/#primaryimage"},"image":{"@id":"https:\/\/ucm.one\/de\/flanger-curtis-mit-neuer-ep-papermoon-auf-mole-listening-pearls\/#primaryimage"},"thumbnailUrl":"https:\/\/ucm.one\/wp-content\/uploads\/2024\/03\/B-Flanger-Kurtis-Papermoon.jpeg","datePublished":"2024-03-15T00:39:25+00:00","dateModified":"2024-03-16T22:51:02+00:00","description":"Entdecke die faszinierende Welt von Flanger Curtis, die mit \"Papermoon\" ihre 3. EP der Band auf Mole Listening Pearls pr\u00e4sentieren.","breadcrumb":{"@id":"https:\/\/ucm.one\/de\/flanger-curtis-mit-neuer-ep-papermoon-auf-mole-listening-pearls\/#breadcrumb"},"inLanguage":"de","potentialAction":[{"@type":"ReadAction","target":["https:\/\/ucm.one\/de\/flanger-curtis-mit-neuer-ep-papermoon-auf-mole-listening-pearls\/"]}]},{"@type":"ImageObject","inLanguage":"de","@id":"https:\/\/ucm.one\/de\/flanger-curtis-mit-neuer-ep-papermoon-auf-mole-listening-pearls\/#primaryimage","url":"https:\/\/ucm.one\/wp-content\/uploads\/2024\/03\/B-Flanger-Kurtis-Papermoon.jpeg","contentUrl":"https:\/\/ucm.one\/wp-content\/uploads\/2024\/03\/B-Flanger-Kurtis-Papermoon.jpeg","width":1900,"height":600},{"@type":"BreadcrumbList","@id":"https:\/\/ucm.one\/de\/flanger-curtis-mit-neuer-ep-papermoon-auf-mole-listening-pearls\/#breadcrumb","itemListElement":[{"@type":"ListItem","position":1,"name":"Home","item":"https:\/\/ucm.one\/de\/"},{"@type":"ListItem","position":2,"name":"\ud83c\udfb5 Flanger Curtis mit neuer EP &#8222;Papermoon&#8220; auf Mole Listening Pearls"}]},{"@type":"WebSite","@id":"https:\/\/ucm.one\/de\/#website","url":"https:\/\/ucm.one\/de\/","name":"UCM.ONE","description":"","publisher":{"@id":"https:\/\/ucm.one\/de\/#organization"},"potentialAction":[{"@type":"SearchAction","target":{"@type":"EntryPoint","urlTemplate":"https:\/\/ucm.one\/de\/?s={search_term_string}"},"query-input":{"@type":"PropertyValueSpecification","valueRequired":true,"valueName":"search_term_string"}}],"inLanguage":"de"},{"@type":"Organization","@id":"https:\/\/ucm.one\/de\/#organization","name":"UCM.ONE","url":"https:\/\/ucm.one\/de\/","logo":{"@type":"ImageObject","inLanguage":"de","@id":"https:\/\/ucm.one\/de\/#\/schema\/logo\/image\/","url":"https:\/\/ucm.one\/wp-content\/uploads\/2019\/10\/UCM.ONE-Logo-RGB.svg","contentUrl":"https:\/\/ucm.one\/wp-content\/uploads\/2019\/10\/UCM.ONE-Logo-RGB.svg","width":1,"height":1,"caption":"UCM.ONE"},"image":{"@id":"https:\/\/ucm.one\/de\/#\/schema\/logo\/image\/"}},{"@type":"Person","@id":"https:\/\/ucm.one\/de\/#\/schema\/person\/4b959e467e8acc058836467a0ef8fa50","name":"Joachim Keil","image":{"@type":"ImageObject","inLanguage":"de","@id":"https:\/\/secure.gravatar.com\/avatar\/10e1dfd05f2a7a7bc83cd44bae31e01c8ac15f974229211a2b1a49fa0a22fec0?s=96&d=mm&r=g","url":"https:\/\/secure.gravatar.com\/avatar\/10e1dfd05f2a7a7bc83cd44bae31e01c8ac15f974229211a2b1a49fa0a22fec0?s=96&d=mm&r=g","contentUrl":"https:\/\/secure.gravatar.com\/avatar\/10e1dfd05f2a7a7bc83cd44bae31e01c8ac15f974229211a2b1a49fa0a22fec0?s=96&d=mm&r=g","caption":"Joachim Keil"},"sameAs":["https:\/\/ucm.one"]}]}},"_links":{"self":[{"href":"https:\/\/ucm.one\/de\/wp-json\/wp\/v2\/posts\/102412","targetHints":{"allow":["GET"]}}],"collection":[{"href":"https:\/\/ucm.one\/de\/wp-json\/wp\/v2\/posts"}],"about":[{"href":"https:\/\/ucm.one\/de\/wp-json\/wp\/v2\/types\/post"}],"author":[{"embeddable":true,"href":"https:\/\/ucm.one\/de\/wp-json\/wp\/v2\/users\/2"}],"replies":[{"embeddable":true,"href":"https:\/\/ucm.one\/de\/wp-json\/wp\/v2\/comments?post=102412"}],"version-history":[{"count":1,"href":"https:\/\/ucm.one\/de\/wp-json\/wp\/v2\/posts\/102412\/revisions"}],"predecessor-version":[{"id":102419,"href":"https:\/\/ucm.one\/de\/wp-json\/wp\/v2\/posts\/102412\/revisions\/102419"}],"wp:featuredmedia":[{"embeddable":true,"href":"https:\/\/ucm.one\/de\/wp-json\/wp\/v2\/media\/102417"}],"wp:attachment":[{"href":"https:\/\/ucm.one\/de\/wp-json\/wp\/v2\/media?parent=102412"}],"wp:term":[{"taxonomy":"category","embeddable":true,"href":"https:\/\/ucm.one\/de\/wp-json\/wp\/v2\/categories?post=102412"},{"taxonomy":"post_tag","embeddable":true,"href":"https:\/\/ucm.one\/de\/wp-json\/wp\/v2\/tags?post=102412"}],"curies":[{"name":"wp","href":"https:\/\/api.w.org\/{rel}","templated":true}]}}