{"id":102226,"date":"2024-03-10T01:15:28","date_gmt":"2024-03-10T01:15:28","guid":{"rendered":"https:\/\/ucm.one\/?p=102226"},"modified":"2024-03-10T01:28:40","modified_gmt":"2024-03-10T01:28:40","slug":"im-filmtheater-metropolis-in-hamburg-wird-heute-um-17-00-uhr-der-film-der-pfarrer-von-st-pauli-gezeigt","status":"publish","type":"post","link":"https:\/\/ucm.one\/de\/im-filmtheater-metropolis-in-hamburg-wird-heute-um-17-00-uhr-der-film-der-pfarrer-von-st-pauli-gezeigt\/","title":{"rendered":"\ud83c\udfac Im Filmtheater Metropolis in Hamburg wird heute der Film \u201eDer Pfarrer von St. Pauli\u201c in Anwesenheit des &#8222;echten Pfarrers&#8220; gezeigt"},"content":{"rendered":"<div class=\"wpb-content-wrapper\"><p>[vc_row][vc_column][vc_column_text]Im Filmtheater <strong>Metropolis <\/strong>(Kleine Theaterstra\u00dfe 10, 20354 Hamburg) wird am <strong>10. M\u00e4rz 2024<\/strong> um <strong>17.00 Uhr<\/strong> der Film \u201e<strong>Der Pfarrer von St. Pauli<\/strong>\u201c gezeigt. Der Filmklassiker vermittelt den Zeitgeist und die Atmosph\u00e4re der 70er Jahre auf dem Hamburger Kiez. Schlu\u0308sselszenen wurden in der <strong>Kirche St. Joseph<\/strong> auf der <strong>Gro\u00dfen Freiheit<\/strong> gedreht. <strong>Curd Ju\u0308rgens<\/strong> verk\u00f6rpert sehr sympathisch den <strong><em>Pfarrer von St. Pauli<\/em><\/strong> in der Hauptrolle.[\/vc_column_text][\/vc_column][\/vc_row][vc_row][vc_column width=&#8220;1\/2&#8243;][vc_single_image image=&#8220;102232&#8243; img_size=&#8220;full&#8220; onclick=&#8220;link_image&#8220;][\/vc_column][vc_column width=&#8220;1\/2&#8243;][vc_column_text]Anschlie\u00dfend findet mit dem <em>\u201eechten Pfarrer von St. Pauli\u201c<\/em> <strong>Karl Schulz<\/strong> ein Interview-Gespr\u00e4ch auf der Bu\u0308hne statt. Dabei werden biographische, theologische und gesellschaftspolitische Themen eine Rolle spielen.[\/vc_column_text][vc_column_text]<em>\u201eBist auferstanden aus all dem Siff \u2013 jetzt legen wir wieder an mit unserem Schiff\u201c,<\/em> so sang <strong>Udo Lindenberg<\/strong> 1990 u\u0308ber die <strong>Reeperbahn<\/strong>, die damals ein Comeback hingelegt hatte. Auferstehung geh\u00f6rt zur Geschichte von <strong>St. Pauli<\/strong>. Auch heute braucht der Kiez wieder eine Auferstehung, denn Corona hatte das Nachtviertel ins Herz getroffen. <em>\u201eDie Clubs mussten um elf Uhr schlie\u00dfen\u201c<\/em>, sagt <strong>Karl Schultz<\/strong>. <em>\u201eAber da geht das Leben hier erst los. Viele machten gar nicht erst auf. Und nicht alle werden das u\u0308berleben.\u201c<\/em>[\/vc_column_text][vc_column_text]Seit 2010 ist <strong>Karl Schultz<\/strong> Pfarrer in <strong>St. Joseph<\/strong>, Gro\u00dfe Freiheit Nr. 43. Die katholische Kirche wurde 1723 geweiht und ist ein Teil der Kiezlegende. Sein Buch enth\u00e4lt viele interessante biografische Geschichten. Aber es ist keine launige Anekdotensammlung. <strong>Karl Schultz<\/strong> nimmt Stellung zu den Themen die heute die Kirche bewegen \u2013 ein frommer Mann auf s\u00fcndiger Meile. Buchcover und Vorwort sind von <strong>Udo Lindenberg<\/strong>.[\/vc_column_text][vc_column_text]Sein Buch <strong>\u201eZwischen Kirche und Kiez \u2013 Ansichten eines Pfarrers\u201c<\/strong> im <strong>Rowohlt- Verlag<\/strong> 2022 erschienen, ist Basis dieses Gespr\u00e4chs.[\/vc_column_text][\/vc_column][\/vc_row][vc_row][vc_column width=&#8220;1\/2&#8243;][vc_single_image image=&#8220;75591&#8243; img_size=&#8220;full&#8220; onclick=&#8220;link_image&#8220;][\/vc_column][vc_column width=&#8220;1\/2&#8243;][vc_single_image image=&#8220;75613&#8243; img_size=&#8220;full&#8220; onclick=&#8220;link_image&#8220;][\/vc_column][\/vc_row][vc_row][vc_column][vc_column_text]Der\u00a0Film \u201c<strong>Der Pfarrer von St. Pauli<\/strong>\u201d\u00a0von Regisseur <strong>Rolf Olsen<\/strong>, ist in einer neuen in 4K abgetasteten und in Full-HD restaurierten Fassung auf den Label <strong><span style=\"font-family: 'arial black', sans-serif;\">U8<\/span> Films Berlin<\/strong>\u00a0von <span style=\"font-family: 'arial black', sans-serif;\"><strong>UCM.ONE<\/strong><\/span> in Kooperation mit \u00a0<strong>moviemax\u00a0<\/strong>erh\u00e4ltlich.\u00a0Zitierte Bibelstellen sind eher ethischer Natur und verdeutlicht, dass Johannsen (<strong>Curd J\u00fcrgens<\/strong>) eine Ausnahmeerscheinung ist, der auch Konflikte mit seinen \u201cVorgesetzen\u201d durchzustehen hat. Der Kriminalfilm spielt mitten im Hamburger Szeneviertel St.\u00a0Pauli.[\/vc_column_text][vc_column_text]<span style=\"font-size: 14pt;\">Inhalt<\/span><\/p>\n<p style=\"font-weight: 400;\">Zweiter Weltkrieg: U-Boot Kapit\u00e4n Konrad Johannsen (<strong>Curd J\u00fcrgens<\/strong>) ger\u00e4t mit seinem Schiff nach einem feindlichen Angriff in schwere Seenot. In seiner Verzweiflung betet er zu Gott. Er verspricht: wenn er dieses Schlamassel \u00fcberleben sollte, wird er sein Leben nur noch Gott weihen und Priester werden. \u00dcber zwei Jahrzehnte sp\u00e4ter hat Pfarrer Johannsen seine Wandlung zum Geistlichen abgeschlossen und wird schnell zu einer festen Gr\u00f6\u00dfe auf dem Kiez, der die Herzen der dort im Leben Gestrandeten schnell zufliegen.<\/p>\n<p>[\/vc_column_text][vc_single_image image=&#8220;75616&#8243; img_size=&#8220;full&#8220;][vc_column_text]<\/p>\n<p style=\"font-weight: 400;\">Als er jedoch durch die Beichte eines Kleinkriminellen in einen Mordkomplott hineingezogen wird, fingieren die Kiez-Gangster kompromittierende Aufnahmen des Geistlichen, der daraufhin auf eine abgelegene Nordseeinsel strafversetzt wird. Doch die Unterwelt, wie auch die Kirchenoberen haben nicht mit der unerschrockenen Entschlossenheit des ehemaligen U-Boot Kapit\u00e4ns gerechnet\u2026<\/p>\n<p>[\/vc_column_text][\/vc_column][\/vc_row][vc_row][vc_column width=&#8220;1\/2&#8243;][vc_video link=&#8220;https:\/\/www.youtube.com\/watch?v=me3_39N-ZRw&#8220; title=&#8220;Der Pfarrer von St. Pauli | Trailer (deutsch) \u1d34\u1d30&#8220;][\/vc_column][vc_column width=&#8220;1\/2&#8243;][vc_video link=&#8220;https:\/\/youtu.be\/cLWHqoO427k&#8220; title=&#8220;Unboxing: Der Pfarrer von St. Pauli&#8220;][\/vc_column][\/vc_row][vc_row][vc_column][vc_empty_space height=&#8220;15px&#8220;][vc_separator][vc_column_inner width=&#8220;1\/4&#8243;][\/vc_column_inner][\/vc_column][\/vc_row][vc_row][vc_column][vc_empty_space height=&#8220;15px&#8220;][vc_column_text css=&#8220;.vc_custom_1653175289726{margin-bottom: -5px !important;}&#8220;]<span style=\"font-size: 18pt;\">Erh\u00e4ltlichen Formate und Ausstattungen<\/span>[\/vc_column_text][vc_empty_space][vc_row_inner][vc_column_inner width=&#8220;1\/6&#8243;][vc_single_image image=&#8220;74995&#8243; img_size=&#8220;full&#8220;][\/vc_column_inner][vc_column_inner width=&#8220;5\/6&#8243;][vc_column_text]<strong>Limitiertes Mediabook (Blu-Ray + DVD):<\/strong><\/p>\n<p>Kinofassung erstmalig in 4K neu abgetastet und in Full-HD restauriert<\/p>\n<p>Bildformat Blu-Ray:\u00a0<span lang=\"EN-US\">WS 1.66:1 \/ 1080p 24; Bildformat DVD:\u00a0<\/span><span lang=\"EN-US\">WS 1.66:1 (anamorph) | Gesamtlaufzeit Blu-Ray: 103 Min (Deutsche Kinofassung); Gesamtlaufzeit DVD: 99 Min<\/span><\/p>\n<p><span lang=\"EN-US\">Tonformat Blu-Ray: Deutsch DTS-HD Master Audio 2.0 (mono); Tonformat DVD: Deutsch DD 2.0 (mono) <\/span><\/p>\n<p><span lang=\"EN-US\">Bonusmaterial:\u00a0<\/span>Deutscher Trailer, Artwork-Galerie, Mediabook mit 20 seitigem Buchteil mit vielen Bildern und Informationen, inklusive exklusivem Miniatur-Nachdruck des Filmprogramms von 1970, Trailer zu\u00a0<i>Der Arzt von St. Pauli<\/i>\u00a0u.\u00a0<i>K\u00e4pt\u2019n Raubein aus St. Pauli.\u00a0<\/i>Video-Clip: \u201e\u00dcberall auf der Welt ist es sch\u00f6n\u201c<\/p>\n<p><span lang=\"EN-US\">FSK 16 | FSK-Sticker abziehbar<\/span>[\/vc_column_text][\/vc_column_inner][\/vc_row_inner][vc_separator css=&#8220;.vc_custom_1653175357110{margin-top: -5px !important;}&#8220;][vc_empty_space height=&#8220;10px&#8220;][vc_row_inner][vc_column_inner width=&#8220;1\/6&#8243;][vc_single_image image=&#8220;74777&#8243; img_size=&#8220;full&#8220;][\/vc_column_inner][vc_column_inner width=&#8220;5\/6&#8243;][vc_column_text]<strong>Blu-Ray:<\/strong><\/p>\n<p>Kinofassung erstmalig in 4K neu abgetastet und in Full-HD restauriert<\/p>\n<p>Bildformat:\u00a0<span lang=\"EN-US\">WS 1.66:1 \/ 1080p 24<\/span><span lang=\"EN-US\">\u00a0| Gesamtlaufzeit: 103 Min <\/span><\/p>\n<p><span lang=\"EN-US\">Tonformat : Deutsch DTS-HD Master Audio 2.0 (mono) <\/span><\/p>\n<p><span lang=\"EN-US\">Bonusmat<\/span><span lang=\"EN-US\">erial:\u00a0<\/span>Deutscher Trailer, Artwork-Galerie, Trailer zu\u00a0<i>Der Arzt von St. Pauli<\/i>\u00a0u.\u00a0<i>K\u00e4pt\u2019n Raubein aus St. Pauli.\u00a0<\/i>Video-Clip: \u201e\u00dcberall auf der Welt ist es sch\u00f6n\u201c<\/p>\n<p>F<span lang=\"EN-US\">SK 16 | Wendecover ohne FSK-Logo<\/span>[\/vc_column_text][\/vc_column_inner][\/vc_row_inner][vc_separator css=&#8220;.vc_custom_1653175357110{margin-top: -5px !important;}&#8220;][vc_empty_space height=&#8220;10px&#8220;][vc_row_inner][vc_column_inner width=&#8220;1\/6&#8243;][vc_single_image image=&#8220;74781&#8243; img_size=&#8220;full&#8220;][\/vc_column_inner][vc_column_inner width=&#8220;5\/6&#8243;][vc_column_text]<strong>DVD:<\/strong><\/p>\n<p>Kinofassung erstmalig in 4K neu abgetastet und in Full-HD restauriert<\/p>\n<p>Bildformat Blu-Ray:\u00a0<span lang=\"EN-US\">WS 1.66:1 \/ 1080p 24; Bildformat DVD:\u00a0<\/span><span lang=\"EN-US\">WS 1.66:1 (anamorph) <\/span><\/p>\n<p><span lang=\"EN-US\">Gesamtlaufzeit Blu-Ray: 103 Min (Deutsche Kinofassung); Gesamtlaufzeit DVD: 99 Min <\/span><\/p>\n<p><span lang=\"EN-US\">Tonformat Blu-Ray: Deutsch DTS-HD Master Audio 2.0 (mono); Tonformat DVD: Deutsch DD 2.0 (mono) <\/span><\/p>\n<p><span lang=\"EN-US\">Bonusmaterial:\u00a0<\/span>Deutscher Trailer, Artwork-Galerie, Mediabook mit 20 seitigem Buchteil mit vielen Bildern und Informationen, inklusive exklusivem Miniatur-Nachdruck des Filmprogramms von 1970, Trailer zu\u00a0<i>Der Arzt von St. Pauli<\/i>\u00a0u.\u00a0<i>K\u00e4pt\u2019n Raubein aus St. Pauli.\u00a0<\/i>Video-Clip: \u201e\u00dcberall auf der Welt ist es sch\u00f6n\u201c<\/p>\n<p><span lang=\"EN-US\">FSK 16 | FSK-Sticker abziehbar<\/span>[\/vc_column_text][\/vc_column_inner][\/vc_row_inner][\/vc_column][\/vc_row][vc_row][vc_column][vc_empty_space height=&#8220;15px&#8220;][vc_separator css=&#8220;.vc_custom_1653175357110{margin-top: -5px !important;}&#8220;][vc_row_inner][vc_column_inner width=&#8220;1\/4&#8243;][vc_btn title=&#8220;Amazon&#8220; style=&#8220;flat&#8220; color=&#8220;orange&#8220; size=&#8220;sm&#8220; align=&#8220;center&#8220; i_icon_fontawesome=&#8220;fab fa-amazon&#8220; button_block=&#8220;true&#8220; add_icon=&#8220;true&#8220; link=&#8220;url:https%3A%2F%2Fwww.amazon.de%2FPfarrer-von-St-Pauli-Mediabook%2Fdp%2FB0B5GQFYV7|title:Amazon|target:_blank&#8220;][\/vc_column_inner][vc_column_inner width=&#8220;1\/4&#8243;][vc_btn title=&#8220;Mediamarkt&#8220; style=&#8220;flat&#8220; color=&#8220;danger&#8220; size=&#8220;sm&#8220; align=&#8220;center&#8220; i_icon_fontawesome=&#8220;far fa-dot-circle&#8220; button_block=&#8220;true&#8220; add_icon=&#8220;true&#8220; link=&#8220;url:https%3A%2F%2Fwww.mediamarkt.de%2Fde%2Fproduct%2F_der-pfarrer-von-stpauli-blu-ray-dvd-2816930.html%3Futm_source%3Deasymarketing%26utm_medium%3Daff-deal%26utm_term%3D50025-blu-ray-filme%26utm_campaign%3DAFF_Produktdatenfeed-AO%26emid%3D6313f9ef4a2818777009d1ba%26https%3A%2F%2Fwww_mediamarkt_de%2Fde%2Fproduct%2F_der-pfarrer-von-stpauli-blu-ray-dvd-2816930_html%3D|title:Mediamarkt|target:_blank&#8220;][\/vc_column_inner][vc_column_inner width=&#8220;1\/4&#8243;][vc_btn title=&#8220;Shop&#8220; style=&#8220;flat&#8220; color=&#8220;juicy-pink&#8220; size=&#8220;sm&#8220; align=&#8220;center&#8220; i_icon_fontawesome=&#8220;fas fa-shopping-cart&#8220; button_block=&#8220;true&#8220; add_icon=&#8220;true&#8220; link=&#8220;url:https%3A%2F%2Fucm.one%2Fprodukt%2Fder-pfarrer-von-st-pauli%2F|title:Shop&#8220;][\/vc_column_inner][vc_column_inner width=&#8220;1\/4&#8243;][vc_btn title=&#8220;Wer Streamt Es?&#8220; style=&#8220;flat&#8220; color=&#8220;blue&#8220; size=&#8220;sm&#8220; align=&#8220;center&#8220; i_icon_fontawesome=&#8220;fas fa-question-circle&#8220; button_block=&#8220;true&#8220; add_icon=&#8220;true&#8220; link=&#8220;url:https%3A%2F%2Fwww.werstreamt.es%2Ffilm%2Fdetails%2F36151%2Fder-pfarrer-von-st-pauli%2F|title:Wer%20Streamt%20Es%3F|target:_blank&#8220;][\/vc_column_inner][\/vc_row_inner][vc_empty_space height=&#8220;10px&#8220;][vc_separator][vc_empty_space height=&#8220;15px&#8220;][\/vc_column][\/vc_row][vc_row][vc_column width=&#8220;1\/2&#8243;][vc_single_image image=&#8220;74807&#8243; img_size=&#8220;full&#8220; onclick=&#8220;link_image&#8220;][\/vc_column][vc_column width=&#8220;1\/2&#8243;][vc_single_image image=&#8220;74799&#8243; img_size=&#8220;full&#8220; onclick=&#8220;link_image&#8220;][\/vc_column][\/vc_row][vc_row][vc_column][vc_column_text]<\/p>\n<div class=\"wpb_text_column wpb_content_element \">\n<p><span style=\"font-size: 18pt;\">Stimmen zum Film<\/span><\/p>\n<div class=\"wpb_text_column wpb_content_element \">\n<div class=\"wpb_wrapper\">\n<div class=\"wpb_text_column wpb_content_element \">\n<div class=\"wpb_wrapper\">\n<p><em>\u201eBunter 70er-Trash mit harmloser Kiez-Erotik\u201c<\/em>\u00a0(<strong>Cinema.de<\/strong>)<\/p>\n<p><em>\u201eRoutiniert gemachte Unterhaltung mit Elementen aus Drama, Kom\u00f6die und Gangsterfilm\u201c.<\/em>\u00a0(<strong>Lexikon des Internationalen Films<\/strong>)<\/p>\n<p><em>\u201eUnterm Strich (huch, wie zweideutig\u2026) ist Der Pfarrer von St. Pauli ein intelligent gemachter Unterhaltungsfilm, dem der Spagat zwischen einer oberfl\u00e4chlich betrachtet proklerikalen Ausgangssituation und fortschrittlicher Geisteshaltung wunderbar gelingt.\u201c<\/em>\u00a0(<strong>ofdb-Review<\/strong>)<\/p>\n<p><em>\u201eEin ganz unheiliger \u201eHeiliger\u201c: Curd J\u00fcrgens brilliert als raubeiniger Pfarrer.\u201c<\/em>\u00a0(<strong>fernsehserien.de<\/strong>)<\/p>\n<\/div>\n<\/div>\n<\/div>\n<\/div>\n<\/div>\n<p>[\/vc_column_text][\/vc_column][\/vc_row][vc_row][vc_column width=&#8220;1\/2&#8243;][vc_column_text]Weitere Informationen \u00fcber den Film: <a title=\"Der Pfarrer von St. Pauli (1970) von Rolf Olsen | U8 Films Berlin\" href=\"https:\/\/ucm.one\/de\/der-pfarrer-von-st-pauli\/\">Der Pfarrer von St. Pauli<\/a>[\/vc_column_text][\/vc_column][vc_column width=&#8220;1\/2&#8243;][vc_column_text]Weitere Informationen \u00fcber das Filmlabel: <a title=\"U8 Films Berlin\" href=\"https:\/\/ucm.one\/de\/film-labels\/u1-films-berlin\/#u8-films-berlin\">U8 Films Berlin<\/a>[\/vc_column_text][\/vc_column][\/vc_row]<\/p>\n<\/div>","protected":false},"excerpt":{"rendered":"<p>[vc_row][vc_column][vc_column_text]Im Filmtheater Metropolis (Kleine Theaterstra\u00dfe 10, 20354 Hamburg) wird am 10. M\u00e4rz 2024 um 17.00 Uhr der Film \u201eDer Pfarrer von St. Pauli\u201c gezeigt. Der Filmklassiker vermittelt den Zeitgeist und die Atmosph\u00e4re der 70er Jahre auf dem Hamburger Kiez. Schlu\u0308sselszenen wurden in der Kirche St. Joseph auf der Gro\u00dfen Freiheit gedreht. Curd Ju\u0308rgens verk\u00f6rpert sehr&hellip;<\/p>\n","protected":false},"author":2,"featured_media":102227,"comment_status":"closed","ping_status":"closed","sticky":false,"template":"","format":"standard","meta":{"_acf_changed":false,"footnotes":""},"categories":[8,7004,13,8294,8304],"tags":[5866,5493,13792,5156,13790,13793,4952,8836,17413,13795,10435,8324,17414,13794,13791],"class_list":["post-102226","post","type-post","status-publish","format-standard","has-post-thumbnail","hentry","category-film","category-filmklassiker","category-news","category-u1-films-berlin","category-u8-films-berlin","tag-barbara-lass","tag-carl-lange","tag-corny-collins","tag-curd-juergens","tag-der-pfarrer-von-st-pauli","tag-gunther-stoll","tag-heinz-reincke","tag-horst-naumann","tag-karl-schultz","tag-klaus-hagen-latwesen","tag-rolf-olsen","tag-u8-films-berlin-de","tag-udo-lindenberg","tag-walter-buschhof","tag-werner-bruhns","category-8","category-7004","category-13","category-8294","category-8304","description-off"],"acf":[],"yoast_head":"<!-- This site is optimized with the Yoast SEO plugin v27.5 - https:\/\/yoast.com\/product\/yoast-seo-wordpress\/ -->\n<title>In Hamburg wird \u201eDer Pfarrer von St. Pauli\u201c gezeigt<\/title>\n<meta name=\"description\" content=\"Im Filmtheater Metropolis in Hamburg wird am 10. M\u00e4rz 2024 um 17.00 Uhr der Film \u201eDer Pfarrer von St. Pauli\u201c gezeigt.\" \/>\n<meta name=\"robots\" content=\"index, follow, max-snippet:-1, max-image-preview:large, max-video-preview:-1\" \/>\n<link rel=\"canonical\" href=\"https:\/\/ucm.one\/de\/im-filmtheater-metropolis-in-hamburg-wird-heute-um-17-00-uhr-der-film-der-pfarrer-von-st-pauli-gezeigt\/\" \/>\n<meta property=\"og:locale\" content=\"de_DE\" \/>\n<meta property=\"og:type\" content=\"article\" \/>\n<meta property=\"og:title\" content=\"In Hamburg wird \u201eDer Pfarrer von St. Pauli\u201c gezeigt\" \/>\n<meta property=\"og:description\" content=\"Im Filmtheater Metropolis in Hamburg wird am 10. M\u00e4rz 2024 um 17.00 Uhr der Film \u201eDer Pfarrer von St. Pauli\u201c gezeigt.\" \/>\n<meta property=\"og:url\" content=\"https:\/\/ucm.one\/de\/im-filmtheater-metropolis-in-hamburg-wird-heute-um-17-00-uhr-der-film-der-pfarrer-von-st-pauli-gezeigt\/\" \/>\n<meta property=\"og:site_name\" content=\"UCM.ONE\" \/>\n<meta property=\"article:published_time\" content=\"2024-03-10T01:15:28+00:00\" \/>\n<meta property=\"article:modified_time\" content=\"2024-03-10T01:28:40+00:00\" \/>\n<meta property=\"og:image\" content=\"https:\/\/ucm.one\/wp-content\/uploads\/2022\/10\/Der-Pfarrer-von-St.-Pauli-Artwork-quadratisch.jpg\" \/>\n<meta name=\"author\" content=\"Joachim Keil\" \/>\n<meta name=\"twitter:card\" content=\"summary_large_image\" \/>\n<meta name=\"twitter:title\" content=\"In Hamburg wird \u201eDer Pfarrer von St. Pauli\u201c gezeigt\" \/>\n<meta name=\"twitter:description\" content=\"Im Filmtheater Metropolis in Hamburg wird am 10. M\u00e4rz 2024 um 17.00 Uhr der Film \u201eDer Pfarrer von St. Pauli\u201c gezeigt.\" \/>\n<meta name=\"twitter:image\" content=\"https:\/\/ucm.one\/wp-content\/uploads\/2022\/10\/Der-Pfarrer-von-St.-Pauli-Artwork-quadratisch.jpg\" \/>\n<meta name=\"twitter:label1\" content=\"Verfasst von\" \/>\n\t<meta name=\"twitter:data1\" content=\"Joachim Keil\" \/>\n\t<meta name=\"twitter:label2\" content=\"Gesch\u00e4tzte Lesezeit\" \/>\n\t<meta name=\"twitter:data2\" content=\"7\u00a0Minuten\" \/>\n<!-- \/ Yoast SEO plugin. -->","yoast_head_json":{"title":"In Hamburg wird \u201eDer Pfarrer von St. Pauli\u201c gezeigt","description":"Im Filmtheater Metropolis in Hamburg wird am 10. M\u00e4rz 2024 um 17.00 Uhr der Film \u201eDer Pfarrer von St. Pauli\u201c gezeigt.","robots":{"index":"index","follow":"follow","max-snippet":"max-snippet:-1","max-image-preview":"max-image-preview:large","max-video-preview":"max-video-preview:-1"},"canonical":"https:\/\/ucm.one\/de\/im-filmtheater-metropolis-in-hamburg-wird-heute-um-17-00-uhr-der-film-der-pfarrer-von-st-pauli-gezeigt\/","og_locale":"de_DE","og_type":"article","og_title":"In Hamburg wird \u201eDer Pfarrer von St. Pauli\u201c gezeigt","og_description":"Im Filmtheater Metropolis in Hamburg wird am 10. M\u00e4rz 2024 um 17.00 Uhr der Film \u201eDer Pfarrer von St. Pauli\u201c gezeigt.","og_url":"https:\/\/ucm.one\/de\/im-filmtheater-metropolis-in-hamburg-wird-heute-um-17-00-uhr-der-film-der-pfarrer-von-st-pauli-gezeigt\/","og_site_name":"UCM.ONE","article_published_time":"2024-03-10T01:15:28+00:00","article_modified_time":"2024-03-10T01:28:40+00:00","og_image":[{"url":"https:\/\/ucm.one\/wp-content\/uploads\/2022\/10\/Der-Pfarrer-von-St.-Pauli-Artwork-quadratisch.jpg","type":"","width":"","height":""}],"author":"Joachim Keil","twitter_card":"summary_large_image","twitter_title":"In Hamburg wird \u201eDer Pfarrer von St. Pauli\u201c gezeigt","twitter_description":"Im Filmtheater Metropolis in Hamburg wird am 10. M\u00e4rz 2024 um 17.00 Uhr der Film \u201eDer Pfarrer von St. Pauli\u201c gezeigt.","twitter_image":"https:\/\/ucm.one\/wp-content\/uploads\/2022\/10\/Der-Pfarrer-von-St.-Pauli-Artwork-quadratisch.jpg","twitter_misc":{"Verfasst von":"Joachim Keil","Gesch\u00e4tzte Lesezeit":"7\u00a0Minuten"},"schema":{"@context":"https:\/\/schema.org","@graph":[{"@type":"Article","@id":"https:\/\/ucm.one\/de\/im-filmtheater-metropolis-in-hamburg-wird-heute-um-17-00-uhr-der-film-der-pfarrer-von-st-pauli-gezeigt\/#article","isPartOf":{"@id":"https:\/\/ucm.one\/de\/im-filmtheater-metropolis-in-hamburg-wird-heute-um-17-00-uhr-der-film-der-pfarrer-von-st-pauli-gezeigt\/"},"author":{"name":"Joachim Keil","@id":"https:\/\/ucm.one\/de\/#\/schema\/person\/4b959e467e8acc058836467a0ef8fa50"},"headline":"\ud83c\udfac Im Filmtheater Metropolis in Hamburg wird heute der Film \u201eDer Pfarrer von St. Pauli\u201c in Anwesenheit des &#8222;echten Pfarrers&#8220; gezeigt","datePublished":"2024-03-10T01:15:28+00:00","dateModified":"2024-03-10T01:28:40+00:00","mainEntityOfPage":{"@id":"https:\/\/ucm.one\/de\/im-filmtheater-metropolis-in-hamburg-wird-heute-um-17-00-uhr-der-film-der-pfarrer-von-st-pauli-gezeigt\/"},"wordCount":1492,"publisher":{"@id":"https:\/\/ucm.one\/de\/#organization"},"image":{"@id":"https:\/\/ucm.one\/de\/im-filmtheater-metropolis-in-hamburg-wird-heute-um-17-00-uhr-der-film-der-pfarrer-von-st-pauli-gezeigt\/#primaryimage"},"thumbnailUrl":"https:\/\/ucm.one\/wp-content\/uploads\/2024\/03\/Der-Pfarrer-von-St.-Pauli-Banner-2024.jpg","keywords":["Barbara Lass","Carl Lange","Corny Collins","Curd J\u00fcrgens","Der Pfarrer von St. Pauli","Gunther Stoll","Heinz Reincke","Horst Naumann","Karl Schultz","Klaus-Hagen Latwesen","Rolf Olsen","U8 Films Berlin","Udo Lindenberg","Walter Buschhof","Werner Bruhns"],"articleSection":["Film","Filmklassiker","News","U1 Films Berlin","U8 Films Berlin"],"inLanguage":"de"},{"@type":"WebPage","@id":"https:\/\/ucm.one\/de\/im-filmtheater-metropolis-in-hamburg-wird-heute-um-17-00-uhr-der-film-der-pfarrer-von-st-pauli-gezeigt\/","url":"https:\/\/ucm.one\/de\/im-filmtheater-metropolis-in-hamburg-wird-heute-um-17-00-uhr-der-film-der-pfarrer-von-st-pauli-gezeigt\/","name":"In Hamburg wird \u201eDer Pfarrer von St. Pauli\u201c gezeigt","isPartOf":{"@id":"https:\/\/ucm.one\/de\/#website"},"primaryImageOfPage":{"@id":"https:\/\/ucm.one\/de\/im-filmtheater-metropolis-in-hamburg-wird-heute-um-17-00-uhr-der-film-der-pfarrer-von-st-pauli-gezeigt\/#primaryimage"},"image":{"@id":"https:\/\/ucm.one\/de\/im-filmtheater-metropolis-in-hamburg-wird-heute-um-17-00-uhr-der-film-der-pfarrer-von-st-pauli-gezeigt\/#primaryimage"},"thumbnailUrl":"https:\/\/ucm.one\/wp-content\/uploads\/2024\/03\/Der-Pfarrer-von-St.-Pauli-Banner-2024.jpg","datePublished":"2024-03-10T01:15:28+00:00","dateModified":"2024-03-10T01:28:40+00:00","description":"Im Filmtheater Metropolis in Hamburg wird am 10. M\u00e4rz 2024 um 17.00 Uhr der Film \u201eDer Pfarrer von St. Pauli\u201c gezeigt.","breadcrumb":{"@id":"https:\/\/ucm.one\/de\/im-filmtheater-metropolis-in-hamburg-wird-heute-um-17-00-uhr-der-film-der-pfarrer-von-st-pauli-gezeigt\/#breadcrumb"},"inLanguage":"de","potentialAction":[{"@type":"ReadAction","target":["https:\/\/ucm.one\/de\/im-filmtheater-metropolis-in-hamburg-wird-heute-um-17-00-uhr-der-film-der-pfarrer-von-st-pauli-gezeigt\/"]}]},{"@type":"ImageObject","inLanguage":"de","@id":"https:\/\/ucm.one\/de\/im-filmtheater-metropolis-in-hamburg-wird-heute-um-17-00-uhr-der-film-der-pfarrer-von-st-pauli-gezeigt\/#primaryimage","url":"https:\/\/ucm.one\/wp-content\/uploads\/2024\/03\/Der-Pfarrer-von-St.-Pauli-Banner-2024.jpg","contentUrl":"https:\/\/ucm.one\/wp-content\/uploads\/2024\/03\/Der-Pfarrer-von-St.-Pauli-Banner-2024.jpg","width":1920,"height":600},{"@type":"BreadcrumbList","@id":"https:\/\/ucm.one\/de\/im-filmtheater-metropolis-in-hamburg-wird-heute-um-17-00-uhr-der-film-der-pfarrer-von-st-pauli-gezeigt\/#breadcrumb","itemListElement":[{"@type":"ListItem","position":1,"name":"Home","item":"https:\/\/ucm.one\/de\/"},{"@type":"ListItem","position":2,"name":"\ud83c\udfac Im Filmtheater Metropolis in Hamburg wird heute der Film \u201eDer Pfarrer von St. Pauli\u201c in Anwesenheit des &#8222;echten Pfarrers&#8220; gezeigt"}]},{"@type":"WebSite","@id":"https:\/\/ucm.one\/de\/#website","url":"https:\/\/ucm.one\/de\/","name":"UCM.ONE","description":"","publisher":{"@id":"https:\/\/ucm.one\/de\/#organization"},"potentialAction":[{"@type":"SearchAction","target":{"@type":"EntryPoint","urlTemplate":"https:\/\/ucm.one\/de\/?s={search_term_string}"},"query-input":{"@type":"PropertyValueSpecification","valueRequired":true,"valueName":"search_term_string"}}],"inLanguage":"de"},{"@type":"Organization","@id":"https:\/\/ucm.one\/de\/#organization","name":"UCM.ONE","url":"https:\/\/ucm.one\/de\/","logo":{"@type":"ImageObject","inLanguage":"de","@id":"https:\/\/ucm.one\/de\/#\/schema\/logo\/image\/","url":"https:\/\/ucm.one\/wp-content\/uploads\/2019\/10\/UCM.ONE-Logo-RGB.svg","contentUrl":"https:\/\/ucm.one\/wp-content\/uploads\/2019\/10\/UCM.ONE-Logo-RGB.svg","width":1,"height":1,"caption":"UCM.ONE"},"image":{"@id":"https:\/\/ucm.one\/de\/#\/schema\/logo\/image\/"}},{"@type":"Person","@id":"https:\/\/ucm.one\/de\/#\/schema\/person\/4b959e467e8acc058836467a0ef8fa50","name":"Joachim Keil","image":{"@type":"ImageObject","inLanguage":"de","@id":"https:\/\/secure.gravatar.com\/avatar\/10e1dfd05f2a7a7bc83cd44bae31e01c8ac15f974229211a2b1a49fa0a22fec0?s=96&d=mm&r=g","url":"https:\/\/secure.gravatar.com\/avatar\/10e1dfd05f2a7a7bc83cd44bae31e01c8ac15f974229211a2b1a49fa0a22fec0?s=96&d=mm&r=g","contentUrl":"https:\/\/secure.gravatar.com\/avatar\/10e1dfd05f2a7a7bc83cd44bae31e01c8ac15f974229211a2b1a49fa0a22fec0?s=96&d=mm&r=g","caption":"Joachim Keil"},"sameAs":["https:\/\/ucm.one"]}]}},"_links":{"self":[{"href":"https:\/\/ucm.one\/de\/wp-json\/wp\/v2\/posts\/102226","targetHints":{"allow":["GET"]}}],"collection":[{"href":"https:\/\/ucm.one\/de\/wp-json\/wp\/v2\/posts"}],"about":[{"href":"https:\/\/ucm.one\/de\/wp-json\/wp\/v2\/types\/post"}],"author":[{"embeddable":true,"href":"https:\/\/ucm.one\/de\/wp-json\/wp\/v2\/users\/2"}],"replies":[{"embeddable":true,"href":"https:\/\/ucm.one\/de\/wp-json\/wp\/v2\/comments?post=102226"}],"version-history":[{"count":5,"href":"https:\/\/ucm.one\/de\/wp-json\/wp\/v2\/posts\/102226\/revisions"}],"predecessor-version":[{"id":102237,"href":"https:\/\/ucm.one\/de\/wp-json\/wp\/v2\/posts\/102226\/revisions\/102237"}],"wp:featuredmedia":[{"embeddable":true,"href":"https:\/\/ucm.one\/de\/wp-json\/wp\/v2\/media\/102227"}],"wp:attachment":[{"href":"https:\/\/ucm.one\/de\/wp-json\/wp\/v2\/media?parent=102226"}],"wp:term":[{"taxonomy":"category","embeddable":true,"href":"https:\/\/ucm.one\/de\/wp-json\/wp\/v2\/categories?post=102226"},{"taxonomy":"post_tag","embeddable":true,"href":"https:\/\/ucm.one\/de\/wp-json\/wp\/v2\/tags?post=102226"}],"curies":[{"name":"wp","href":"https:\/\/api.w.org\/{rel}","templated":true}]}}