{"id":101885,"date":"2024-01-12T21:30:09","date_gmt":"2024-01-12T21:30:09","guid":{"rendered":"https:\/\/ucm.one\/?p=101885"},"modified":"2024-02-14T21:47:58","modified_gmt":"2024-02-14T21:47:58","slug":"der-dokumentarfilm-berlin-bytch-love-darling-berlin-wird-am-29-februar-2024-seinen-deutschen-kinostart-feiern","status":"publish","type":"post","link":"https:\/\/ucm.one\/de\/der-dokumentarfilm-berlin-bytch-love-darling-berlin-wird-am-29-februar-2024-seinen-deutschen-kinostart-feiern\/","title":{"rendered":"\ud83c\udfac Der Dokumentarfilm &#8222;Berlin Bytch Love\u201c (Darling Berlin) wird am 29. Februar 2024 seinen deutschen Kinostart feiern"},"content":{"rendered":"<div class=\"wpb-content-wrapper\"><p>[vc_row][vc_column][vc_column_text]<\/p>\n<div class=\"\">\n<p style=\"font-weight: 400;\">Am 29. Februar 2024 bring <span style=\"font-family: 'arial black', sans-serif;\"><strong>UCM.ONE<\/strong><\/span> auf dem Label <strong>Darling Berlin<\/strong> den Dokumentarfilm &#8222;<strong>Berlin Bytch Love<\/strong>&#8220; von <strong>Heiko Aufdermauer<\/strong> und <strong>Johannes Girke<\/strong> in die deutschen Kinos. Im Film geht es um ein junges Liebespaar (15 und 17 Jahre), das auf den Stra\u00dfen um den Berliner <strong>G\u00f6rlitzer Park<\/strong> herum lebt und welches die beiden Filmemacher \u00fcber einen l\u00e4ngeren Zeitraum dokumentarisch begleiten durften. Das Ziel war es, einen intimen und und wertungsfreien filmischen Einblick in den Alltag von Jugendlichen zu schaffen, die fern von Sicherheit, Bildung und Geborgenheit mitten unter uns leben \u2013 und doch oft unsichtbar sind.<\/p>\n<\/div>\n<p>[\/vc_column_text][\/vc_column][\/vc_row][vc_row][vc_column width=&#8220;3\/4&#8243;][vc_row_inner][vc_column_inner][vc_column_text]<\/p>\n<p style=\"font-weight: 400;\">Die Regie des Films f\u00fchrten <strong>Heiko Aufdermauer<\/strong>\u00a0und <strong>Johannes Girke<\/strong>. Aufdermauer hat nach seinem Studium an der<strong> Filmuniversit\u00e4t Babelsberg KONRAD WOLF<\/strong> und verschiedenen Projekten im In- und Ausland Erfahrung im Dokumentarfilmbereich gesammelt. <strong>Johannes Girke<\/strong>, Absolvent der <strong>Universit\u00e4t der K\u00fcnste Berlin<\/strong> (kurz: <strong>UdK Berlin)<\/strong>, ist f\u00fcr seine dokumentarischen Arbeiten zu gesellschaftlichen Ver\u00e4nderungsprozessen bekannt.<\/p>\n<p>[\/vc_column_text][vc_column_text]<span style=\"font-size: 14pt;\">Zusammenfassung des Inhalts<\/span><\/p>\n<p style=\"font-weight: 400;\">Sophie, 15, und Dominik, 17, leben seit einem halben Jahr auf den Stra\u00dfen um den G\u00f6rlitzer Park. Ihr Alltag ist gepr\u00e4gt von \u00dcberlebenskampf, inklusive Schlafen in Hauseing\u00e4ngen, Flaschensammeln und Betteln. Trotz der schwierigen Umst\u00e4nde bleibt ihre Beziehung stark. Der Film beleuchtet auch Sophies Schwangerschaft und Dominiks bevorstehende Gerichtsverhandlung wegen mehrerer Straftaten.<\/p>\n<p>[\/vc_column_text][vc_column_text]<\/p>\n<p style=\"font-weight: 400;\">In Deutschland gelten eine halbe Million Menschen als wohnungslos \u2013 und knapp 30 000 von ihnen sind unter 18 Jahre alt. Allein in Berlin leben rund 3.000 Jugendliche auf der Stra\u00dfe. Da ihr Status meist ungekl\u00e4rt ist, werden sie von keiner Hilfe erreicht. Sie sind bedroht von Gewalt, Krankheit, K\u00e4lte und Missbrauch.<\/p>\n<p>[\/vc_column_text][\/vc_column_inner][\/vc_row_inner][\/vc_column][vc_column width=&#8220;1\/4&#8243;][vc_single_image image=&#8220;101539&#8243; img_size=&#8220;full&#8220; onclick=&#8220;link_image&#8220;][\/vc_column][\/vc_row][vc_row][vc_column width=&#8220;1\/2&#8243;][vc_single_image image=&#8220;101805&#8243; img_size=&#8220;full&#8220; onclick=&#8220;link_image&#8220;][\/vc_column][vc_column width=&#8220;1\/2&#8243;][vc_single_image image=&#8220;101809&#8243; img_size=&#8220;full&#8220; onclick=&#8220;link_image&#8220;][\/vc_column][\/vc_row][vc_row][vc_column][vc_separator][vc_empty_space height=&#8220;15px&#8220;][vc_video link=&#8220;https:\/\/youtu.be\/nhmTF3ZbPrU?si=ldBPawMdw08A_Ol8&#8243; title=&#8220;Trailer&#8220;][vc_empty_space][\/vc_column][\/vc_row][vc_row][vc_column width=&#8220;1\/2&#8243;][vc_column_text]Weitere Informationen \u00fcber den Film: <a title=\"Berlin Bytch Love (2022) von Heiko Aufdermauer und Johannes Gierke | Darling Berlin\" href=\"https:\/\/ucm.one\/de\/berlin-bytch-love\/\">Berlin Bytch Love <\/a>[\/vc_column_text][\/vc_column][vc_column width=&#8220;1\/2&#8243;][vc_column_text]Weitere Informationen \u00fcber das Filmlabel: <a title=\"Darling Berlin\" href=\"https:\/\/ucm.one\/de\/film-labels\/darling-berlin\/\">Darling Berlin<\/a>[\/vc_column_text][\/vc_column][\/vc_row]<\/p>\n<\/div>","protected":false},"excerpt":{"rendered":"<p>[vc_row][vc_column][vc_column_text] Am 29. Februar 2024 bring UCM.ONE auf dem Label Darling Berlin den Dokumentarfilm &#8222;Berlin Bytch Love&#8220; von Heiko Aufdermauer und Johannes Girke in die deutschen Kinos. Im Film geht es um ein junges Liebespaar (15 und 17 Jahre), das auf den Stra\u00dfen um den Berliner G\u00f6rlitzer Park herum lebt und welches die beiden Filmemacher&hellip;<\/p>\n","protected":false},"author":2,"featured_media":101886,"comment_status":"closed","ping_status":"closed","sticky":false,"template":"","format":"standard","meta":{"_acf_changed":false,"footnotes":""},"categories":[8,15325,10,13,7528],"tags":[2261,17089,17087,2266,10461,17088,17086,17082,17101,17085,6562],"class_list":["post-101885","post","type-post","status-publish","format-standard","has-post-thumbnail","hentry","category-film","category-filmvertrieb-de","category-kino","category-news","category-weltvertrieb","tag-berlin","tag-berlin-bytch-love","tag-betteln","tag-darling-berlin","tag-dokumentarfilm","tag-flaschensammeln","tag-goerlitzer-park","tag-heiko-aufdermauer","tag-johannes-girke-de","tag-obdachlos","tag-ueberlebenskampf","category-8","category-15325","category-10","category-13","category-7528","description-off"],"acf":[],"yoast_head":"<!-- This site is optimized with the Yoast SEO plugin v27.5 - https:\/\/yoast.com\/product\/yoast-seo-wordpress\/ -->\n<title>&quot;Berlin Bytch Love\u201c (Darling Berlin) ab 29.02.2024 im Kino<\/title>\n<meta name=\"description\" content=\"Im Film geht es um ein junges Liebespaar, das um den Berliner G\u00f6rlitzer Park herum lebt und welches die beiden Filmemacher begleiten durften.\" \/>\n<meta name=\"robots\" content=\"index, follow, max-snippet:-1, max-image-preview:large, max-video-preview:-1\" \/>\n<link rel=\"canonical\" href=\"https:\/\/ucm.one\/de\/der-dokumentarfilm-berlin-bytch-love-darling-berlin-wird-am-29-februar-2024-seinen-deutschen-kinostart-feiern\/\" \/>\n<meta property=\"og:locale\" content=\"de_DE\" \/>\n<meta property=\"og:type\" content=\"article\" \/>\n<meta property=\"og:title\" content=\"&quot;Berlin Bytch Love\u201c (Darling Berlin) ab 29.02.2024 im Kino\" \/>\n<meta property=\"og:description\" content=\"Im Film geht es um ein junges Liebespaar, das um den Berliner G\u00f6rlitzer Park herum lebt und welches die beiden Filmemacher begleiten durften.\" \/>\n<meta property=\"og:url\" content=\"https:\/\/ucm.one\/de\/der-dokumentarfilm-berlin-bytch-love-darling-berlin-wird-am-29-februar-2024-seinen-deutschen-kinostart-feiern\/\" \/>\n<meta property=\"og:site_name\" content=\"UCM.ONE\" \/>\n<meta property=\"article:published_time\" content=\"2024-01-12T21:30:09+00:00\" \/>\n<meta property=\"article:modified_time\" content=\"2024-02-14T21:47:58+00:00\" \/>\n<meta property=\"og:image\" content=\"https:\/\/ucm.one\/wp-content\/uploads\/2024\/02\/P-Berlin-Bytch-Love.jpg\" \/>\n<meta name=\"author\" content=\"Joachim Keil\" \/>\n<meta name=\"twitter:card\" content=\"summary_large_image\" \/>\n<meta name=\"twitter:title\" content=\"&quot;Berlin Bytch Love\u201c (Darling Berlin) ab 29.02.2024 im Kino\" \/>\n<meta name=\"twitter:description\" content=\"Im Film geht es um ein junges Liebespaar, das um den Berliner G\u00f6rlitzer Park herum lebt und welches die beiden Filmemacher begleiten durften.\" \/>\n<meta name=\"twitter:image\" content=\"https:\/\/ucm.one\/wp-content\/uploads\/2024\/02\/P-Berlin-Bytch-Love.jpg\" \/>\n<meta name=\"twitter:label1\" content=\"Verfasst von\" \/>\n\t<meta name=\"twitter:data1\" content=\"Joachim Keil\" \/>\n\t<meta name=\"twitter:label2\" content=\"Gesch\u00e4tzte Lesezeit\" \/>\n\t<meta name=\"twitter:data2\" content=\"2\u00a0Minuten\" \/>\n<!-- \/ Yoast SEO plugin. -->","yoast_head_json":{"title":"\"Berlin Bytch Love\u201c (Darling Berlin) ab 29.02.2024 im Kino","description":"Im Film geht es um ein junges Liebespaar, das um den Berliner G\u00f6rlitzer Park herum lebt und welches die beiden Filmemacher begleiten durften.","robots":{"index":"index","follow":"follow","max-snippet":"max-snippet:-1","max-image-preview":"max-image-preview:large","max-video-preview":"max-video-preview:-1"},"canonical":"https:\/\/ucm.one\/de\/der-dokumentarfilm-berlin-bytch-love-darling-berlin-wird-am-29-februar-2024-seinen-deutschen-kinostart-feiern\/","og_locale":"de_DE","og_type":"article","og_title":"\"Berlin Bytch Love\u201c (Darling Berlin) ab 29.02.2024 im Kino","og_description":"Im Film geht es um ein junges Liebespaar, das um den Berliner G\u00f6rlitzer Park herum lebt und welches die beiden Filmemacher begleiten durften.","og_url":"https:\/\/ucm.one\/de\/der-dokumentarfilm-berlin-bytch-love-darling-berlin-wird-am-29-februar-2024-seinen-deutschen-kinostart-feiern\/","og_site_name":"UCM.ONE","article_published_time":"2024-01-12T21:30:09+00:00","article_modified_time":"2024-02-14T21:47:58+00:00","og_image":[{"url":"https:\/\/ucm.one\/wp-content\/uploads\/2024\/02\/P-Berlin-Bytch-Love.jpg","type":"","width":"","height":""}],"author":"Joachim Keil","twitter_card":"summary_large_image","twitter_title":"\"Berlin Bytch Love\u201c (Darling Berlin) ab 29.02.2024 im Kino","twitter_description":"Im Film geht es um ein junges Liebespaar, das um den Berliner G\u00f6rlitzer Park herum lebt und welches die beiden Filmemacher begleiten durften.","twitter_image":"https:\/\/ucm.one\/wp-content\/uploads\/2024\/02\/P-Berlin-Bytch-Love.jpg","twitter_misc":{"Verfasst von":"Joachim Keil","Gesch\u00e4tzte Lesezeit":"2\u00a0Minuten"},"schema":{"@context":"https:\/\/schema.org","@graph":[{"@type":"Article","@id":"https:\/\/ucm.one\/de\/der-dokumentarfilm-berlin-bytch-love-darling-berlin-wird-am-29-februar-2024-seinen-deutschen-kinostart-feiern\/#article","isPartOf":{"@id":"https:\/\/ucm.one\/de\/der-dokumentarfilm-berlin-bytch-love-darling-berlin-wird-am-29-februar-2024-seinen-deutschen-kinostart-feiern\/"},"author":{"name":"Joachim Keil","@id":"https:\/\/ucm.one\/de\/#\/schema\/person\/4b959e467e8acc058836467a0ef8fa50"},"headline":"\ud83c\udfac Der Dokumentarfilm &#8222;Berlin Bytch Love\u201c (Darling Berlin) wird am 29. Februar 2024 seinen deutschen Kinostart feiern","datePublished":"2024-01-12T21:30:09+00:00","dateModified":"2024-02-14T21:47:58+00:00","mainEntityOfPage":{"@id":"https:\/\/ucm.one\/de\/der-dokumentarfilm-berlin-bytch-love-darling-berlin-wird-am-29-februar-2024-seinen-deutschen-kinostart-feiern\/"},"wordCount":449,"publisher":{"@id":"https:\/\/ucm.one\/de\/#organization"},"image":{"@id":"https:\/\/ucm.one\/de\/der-dokumentarfilm-berlin-bytch-love-darling-berlin-wird-am-29-februar-2024-seinen-deutschen-kinostart-feiern\/#primaryimage"},"thumbnailUrl":"https:\/\/ucm.one\/wp-content\/uploads\/2024\/02\/BBL-Banner-EFM.jpg","keywords":["Berlin","Berlin Bytch Love","Betteln","Darling Berlin","Dokumentarfilm","Flaschensammeln","G\u00f6rlitzer Park","Heiko Aufdermauer","Johannes Girke","Obdachlos","\u00dcberlebenskampf"],"articleSection":["Film","Filmvertrieb","Kino","News","Weltvertrieb"],"inLanguage":"de"},{"@type":"WebPage","@id":"https:\/\/ucm.one\/de\/der-dokumentarfilm-berlin-bytch-love-darling-berlin-wird-am-29-februar-2024-seinen-deutschen-kinostart-feiern\/","url":"https:\/\/ucm.one\/de\/der-dokumentarfilm-berlin-bytch-love-darling-berlin-wird-am-29-februar-2024-seinen-deutschen-kinostart-feiern\/","name":"\"Berlin Bytch Love\u201c (Darling Berlin) ab 29.02.2024 im Kino","isPartOf":{"@id":"https:\/\/ucm.one\/de\/#website"},"primaryImageOfPage":{"@id":"https:\/\/ucm.one\/de\/der-dokumentarfilm-berlin-bytch-love-darling-berlin-wird-am-29-februar-2024-seinen-deutschen-kinostart-feiern\/#primaryimage"},"image":{"@id":"https:\/\/ucm.one\/de\/der-dokumentarfilm-berlin-bytch-love-darling-berlin-wird-am-29-februar-2024-seinen-deutschen-kinostart-feiern\/#primaryimage"},"thumbnailUrl":"https:\/\/ucm.one\/wp-content\/uploads\/2024\/02\/BBL-Banner-EFM.jpg","datePublished":"2024-01-12T21:30:09+00:00","dateModified":"2024-02-14T21:47:58+00:00","description":"Im Film geht es um ein junges Liebespaar, das um den Berliner G\u00f6rlitzer Park herum lebt und welches die beiden Filmemacher begleiten durften.","breadcrumb":{"@id":"https:\/\/ucm.one\/de\/der-dokumentarfilm-berlin-bytch-love-darling-berlin-wird-am-29-februar-2024-seinen-deutschen-kinostart-feiern\/#breadcrumb"},"inLanguage":"de","potentialAction":[{"@type":"ReadAction","target":["https:\/\/ucm.one\/de\/der-dokumentarfilm-berlin-bytch-love-darling-berlin-wird-am-29-februar-2024-seinen-deutschen-kinostart-feiern\/"]}]},{"@type":"ImageObject","inLanguage":"de","@id":"https:\/\/ucm.one\/de\/der-dokumentarfilm-berlin-bytch-love-darling-berlin-wird-am-29-februar-2024-seinen-deutschen-kinostart-feiern\/#primaryimage","url":"https:\/\/ucm.one\/wp-content\/uploads\/2024\/02\/BBL-Banner-EFM.jpg","contentUrl":"https:\/\/ucm.one\/wp-content\/uploads\/2024\/02\/BBL-Banner-EFM.jpg","width":1920,"height":600},{"@type":"BreadcrumbList","@id":"https:\/\/ucm.one\/de\/der-dokumentarfilm-berlin-bytch-love-darling-berlin-wird-am-29-februar-2024-seinen-deutschen-kinostart-feiern\/#breadcrumb","itemListElement":[{"@type":"ListItem","position":1,"name":"Home","item":"https:\/\/ucm.one\/de\/"},{"@type":"ListItem","position":2,"name":"\ud83c\udfac Der Dokumentarfilm &#8220;Berlin Bytch Love\u201c (Darling Berlin) wird am 29. Februar 2024 seinen deutschen Kinostart feiern"}]},{"@type":"WebSite","@id":"https:\/\/ucm.one\/de\/#website","url":"https:\/\/ucm.one\/de\/","name":"UCM.ONE","description":"","publisher":{"@id":"https:\/\/ucm.one\/de\/#organization"},"potentialAction":[{"@type":"SearchAction","target":{"@type":"EntryPoint","urlTemplate":"https:\/\/ucm.one\/de\/?s={search_term_string}"},"query-input":{"@type":"PropertyValueSpecification","valueRequired":true,"valueName":"search_term_string"}}],"inLanguage":"de"},{"@type":"Organization","@id":"https:\/\/ucm.one\/de\/#organization","name":"UCM.ONE","url":"https:\/\/ucm.one\/de\/","logo":{"@type":"ImageObject","inLanguage":"de","@id":"https:\/\/ucm.one\/de\/#\/schema\/logo\/image\/","url":"https:\/\/ucm.one\/wp-content\/uploads\/2019\/10\/UCM.ONE-Logo-RGB.svg","contentUrl":"https:\/\/ucm.one\/wp-content\/uploads\/2019\/10\/UCM.ONE-Logo-RGB.svg","width":1,"height":1,"caption":"UCM.ONE"},"image":{"@id":"https:\/\/ucm.one\/de\/#\/schema\/logo\/image\/"}},{"@type":"Person","@id":"https:\/\/ucm.one\/de\/#\/schema\/person\/4b959e467e8acc058836467a0ef8fa50","name":"Joachim Keil","image":{"@type":"ImageObject","inLanguage":"de","@id":"https:\/\/secure.gravatar.com\/avatar\/10e1dfd05f2a7a7bc83cd44bae31e01c8ac15f974229211a2b1a49fa0a22fec0?s=96&d=mm&r=g","url":"https:\/\/secure.gravatar.com\/avatar\/10e1dfd05f2a7a7bc83cd44bae31e01c8ac15f974229211a2b1a49fa0a22fec0?s=96&d=mm&r=g","contentUrl":"https:\/\/secure.gravatar.com\/avatar\/10e1dfd05f2a7a7bc83cd44bae31e01c8ac15f974229211a2b1a49fa0a22fec0?s=96&d=mm&r=g","caption":"Joachim Keil"},"sameAs":["https:\/\/ucm.one"]}]}},"_links":{"self":[{"href":"https:\/\/ucm.one\/de\/wp-json\/wp\/v2\/posts\/101885","targetHints":{"allow":["GET"]}}],"collection":[{"href":"https:\/\/ucm.one\/de\/wp-json\/wp\/v2\/posts"}],"about":[{"href":"https:\/\/ucm.one\/de\/wp-json\/wp\/v2\/types\/post"}],"author":[{"embeddable":true,"href":"https:\/\/ucm.one\/de\/wp-json\/wp\/v2\/users\/2"}],"replies":[{"embeddable":true,"href":"https:\/\/ucm.one\/de\/wp-json\/wp\/v2\/comments?post=101885"}],"version-history":[{"count":2,"href":"https:\/\/ucm.one\/de\/wp-json\/wp\/v2\/posts\/101885\/revisions"}],"predecessor-version":[{"id":101891,"href":"https:\/\/ucm.one\/de\/wp-json\/wp\/v2\/posts\/101885\/revisions\/101891"}],"wp:featuredmedia":[{"embeddable":true,"href":"https:\/\/ucm.one\/de\/wp-json\/wp\/v2\/media\/101886"}],"wp:attachment":[{"href":"https:\/\/ucm.one\/de\/wp-json\/wp\/v2\/media?parent=101885"}],"wp:term":[{"taxonomy":"category","embeddable":true,"href":"https:\/\/ucm.one\/de\/wp-json\/wp\/v2\/categories?post=101885"},{"taxonomy":"post_tag","embeddable":true,"href":"https:\/\/ucm.one\/de\/wp-json\/wp\/v2\/tags?post=101885"}],"curies":[{"name":"wp","href":"https:\/\/api.w.org\/{rel}","templated":true}]}}