{"id":101707,"date":"2024-01-27T06:38:03","date_gmt":"2024-01-27T06:38:03","guid":{"rendered":"https:\/\/ucm.one\/?p=101707"},"modified":"2024-04-06T18:45:10","modified_gmt":"2024-04-06T18:45:10","slug":"ueberleben-in-brandenburg-von-zoltan-paul-ben-von-grafenstein-wird-ab-11-04-2024-in-den-deutschen-kinos-zu-sehen-sein","status":"publish","type":"post","link":"https:\/\/ucm.one\/de\/ueberleben-in-brandenburg-von-zoltan-paul-ben-von-grafenstein-wird-ab-11-04-2024-in-den-deutschen-kinos-zu-sehen-sein\/","title":{"rendered":"\ud83c\udfac &#8222;\u00dcberleben in Brandenburg&#8220; von Zoltan Paul &#038; Ben von Grafenstein wird ab 11.04.2024 in den deutschen Kinos zu sehen sein"},"content":{"rendered":"<div class=\"wpb-content-wrapper\"><p>[vc_row][vc_column width=&#8220;3\/4&#8243;][vc_row_inner][vc_column_inner][vc_column_text]<\/p>\n<div class=\"\">\n<p style=\"font-weight: 400;\"><strong>\u00dcberleben in Brandenburg <\/strong>von<strong> Zoltan Paul <\/strong>und<strong> Ben von Grafenstein <\/strong>erz\u00e4hlt die Geschichte einem ausrangierten <em>&#8222;Best-Ager-Regisseur&#8220;<\/em>, der versucht, in seinem 120-Seelendorf einen rechten B\u00fcrgermeister zu verhindern. Aktuell, sinnstiftend, urkomisch! Der Film wird von <span style=\"font-family: 'arial black', sans-serif;\"><strong>UCM.ONE<\/strong><\/span> \u00fcber das Label <strong>Artkeim\u00b2<\/strong> am 11. April 2024 in die deutschen und \u00f6sterreichischen Kinos kommen und w\u00e4hrend der <strong>EFM<\/strong> (<strong>European Film Market<\/strong>) im Februar 2024 branchenintern schon internationalen Partnern \u00fcber den Weltvertrieb von <span style=\"font-family: 'arial black', sans-serif;\"><strong>UCM.ONE<\/strong><\/span> pr\u00e4sentiert.<\/p>\n<\/div>\n<p>[\/vc_column_text][vc_column_text]<span style=\"font-size: 14pt;\">Inhalt<\/span><\/p>\n<p style=\"font-weight: 400;\">Laszlo Kovac, Autorenfilmer, wird die Finanzierung f\u00fcr sein Filmprojekt abgesagt. Zu alt, wei\u00df und Herzprobleme! Fazit: Nicht mehr vermittelbar. Wollte der Ungar vom Balaton nicht mal ganz hoch hinaus? Was nun? Weiter seiner erfolgreichen Frau auf der Tasche liegen? Laszlo schliddert in eine waschechte Lebenskrise und findet erstmal Trost in der faszinierenden Anziehungskraft einer &#8222;Wahnsinnsfrau&#8220; aus dem Nachbardorf. Als sich aber ein Rechtspopulist im 120 Seelendorf zum einzigen B\u00fcrgermeisterkandidat aufstellen l\u00e4sst, besinnt sich Laszlo. Um <em>\u201eden rechten Deppen zu verhindern\u201c,<\/em> l\u00e4sst er sich als liberaler Gegenkandidat aufstellen.<\/p>\n<p>[\/vc_column_text][vc_column_text]Bleibt nur die Frage ob Laszlo\u2018s Ehe und er selbst den Dorf-Wahlkampf \u00fcberleben?[\/vc_column_text][\/vc_column_inner][\/vc_row_inner][\/vc_column][vc_column width=&#8220;1\/4&#8243;][vc_single_image image=&#8220;102445&#8243; img_size=&#8220;full&#8220; onclick=&#8220;link_image&#8220;][\/vc_column][\/vc_row][vc_row][vc_column width=&#8220;1\/2&#8243;][vc_single_image image=&#8220;101720&#8243; img_size=&#8220;full&#8220; onclick=&#8220;link_image&#8220;][\/vc_column][vc_column width=&#8220;1\/2&#8243;][vc_single_image image=&#8220;101722&#8243; img_size=&#8220;full&#8220; onclick=&#8220;link_image&#8220;][\/vc_column][\/vc_row][vc_row][vc_column][vc_column_text]<\/p>\n<p style=\"font-weight: 400;\"><span style=\"font-size: 14pt;\">Regie-Kommentar von Ben von Grafenstein<\/span><\/p>\n<p style=\"font-weight: 400;\"><em>&#8222;\u00dcberleben in Brandenburg ist eine Kom\u00f6die \u00fcber das \u00c4lterwerden, die Irrungen und Wirrungen der Post-Midlife-Crisis, ein Film mit hochaktuellem Bezug zur politischen Situation in Deutschland und Europa. \u00dcberLeben in Brandenburg thematisiert das gef\u00e4hrliche Erstarken des Rechtspopulismus im l\u00e4ndlichen Raum. Trotz der wichtigen gesellschaftlichen und politischen Hintergr\u00fcnde war es uns, den Machern, wichtig, der Geschichte eine unterhaltsame und leichte Note im Feel-Good-Rhythmus zu geben. Seine kom\u00f6diantische Kraft bezieht der Film vor allem aus der selbstironischen und schonungslosen Darstellung Zoltan Pauls und seinem ehrlichen und mutigen Umgang mit der eigenen Geschichte.<\/em><\/p>\n<p style=\"font-weight: 400;\"><em>Leider hat die Entstehungsgeschichte des Films etwas sehr Trauriges.<\/em><\/p>\n<p style=\"font-weight: 400;\"><em>Zoltan und ich wohnten am selben Brandenburger See, nur ein paar Ruderschl\u00e4ge voneinander entfernt. Fast jedes Wochenende verbrachten wir dort mit Freunden. Wir haben getrunken, gestritten, inspirierende und weniger inspirierende (Film)gespr\u00e4che gef\u00fchrt &#8211; ein bisschen wie im Film. Vor ein paar Jahren fragte mich Zoltan, ob ich nicht Lust h\u00e4tte, mit ihm an seinem letzten Film vor der Rente zu arbeiten. Ich war selbst in Filmprojekte involviert und musste absagen. Dann starb Zoltan pl\u00f6tzlich und wir alle waren geschockt. Die Hauptdreharbeiten waren zwar abgeschlossen, aber der unfertige, noch nicht funktionierende Film lag brach. Nach langem Ringen habe ich mich entschlossen, den Staffelstab, die Regie, zu \u00fcbernehmen. Mit der Unterst\u00fctzung und dem Vertrauen der Produzentin Tina Hegewisch, der Vincent TV und \u00a0Jan Kerhart und Sandra Maischberger wurde geschnitten, ein wenig nachgedreht und der Film schlie\u00dflich zum Leben erweckt. \u00dcberleben in Brandenburg ist ein Film \u00fcber das Leben und das \u00dcberleben. Ein politischer, unterhaltsamer Wohlf\u00fchlfilm, ein Film \u00fcber Zoltan Paul: einen humorvollen Lebemann, einen Kollegen &#8211; einen treuen Freund.&#8220;<\/em><\/p>\n<p>[\/vc_column_text][\/vc_column][\/vc_row][vc_row][vc_column][vc_video link=&#8220;https:\/\/youtu.be\/XNNHnLzyD-Y?si=VkpTQ-W9itXutID9&#8243; title=&#8220;\u00dcberleben in Brandenburg | Trailer (deutsch) \u1d34\u1d30&#8220;][\/vc_column][\/vc_row][vc_row][vc_column width=&#8220;1\/2&#8243;][vc_column_text]Weitere Informationen \u00fcber den Film: <a title=\"\u00dcberleben in Brandenburg (2023) von Zoltan Paul &amp; Ben von Grafenstein | Darling Berlin\" href=\"https:\/\/ucm.one\/de\/ueberleben-in-brandenburg\/\">\u00dcberleben in Brandenburg<\/a>[\/vc_column_text][\/vc_column][vc_column width=&#8220;1\/2&#8243;][vc_column_text]Weitere Informationen \u00fcber das Label: <a title=\"Darling Berlin\" href=\"https:\/\/ucm.one\/de\/film-labels\/darling-berlin\/\">Darling Berlin<\/a>[\/vc_column_text][\/vc_column][\/vc_row]<\/p>\n<\/div>","protected":false},"excerpt":{"rendered":"<p>[vc_row][vc_column width=&#8220;3\/4&#8243;][vc_row_inner][vc_column_inner][vc_column_text] \u00dcberleben in Brandenburg von Zoltan Paul und Ben von Grafenstein erz\u00e4hlt die Geschichte einem ausrangierten &#8222;Best-Ager-Regisseur&#8220;, der versucht, in seinem 120-Seelendorf einen rechten B\u00fcrgermeister zu verhindern. Aktuell, sinnstiftend, urkomisch! Der Film wird von UCM.ONE \u00fcber das Label Artkeim\u00b2 am 11. April 2024 in die deutschen und \u00f6sterreichischen Kinos kommen und w\u00e4hrend der EFM&hellip;<\/p>\n","protected":false},"author":2,"featured_media":103258,"comment_status":"closed","ping_status":"closed","sticky":false,"template":"","format":"standard","meta":{"_acf_changed":false,"footnotes":""},"categories":[830,8,15325,13,7528],"tags":[16749,2266,17354,17355,17357,16691,2275],"class_list":["post-101707","post","type-post","status-publish","format-standard","has-post-thumbnail","hentry","category-darling-berlin","category-film","category-filmvertrieb-de","category-news","category-weltvertrieb","tag-ben-von-grafenstein","tag-darling-berlin","tag-jan-kerhart","tag-sandra-maischberger","tag-tina-hegewisch","tag-ueberleben-in-brandenburg","tag-zoltan-paul","category-830","category-8","category-15325","category-13","category-7528","description-off"],"acf":[],"yoast_head":"<!-- This site is optimized with the Yoast SEO plugin v27.5 - https:\/\/yoast.com\/product\/yoast-seo-wordpress\/ -->\n<title>\u00dcberleben in Brandenburg (Zoltan Paul &amp; Ben von Grafenstein)<\/title>\n<meta name=\"description\" content=\"&quot;\u00dcberleben in Brandenburg&quot; erz\u00e4hlt die Geschichte von einem &quot;Best-Ager-Regisseur&quot;, der versucht, einen rechten B\u00fcrgermeister zu verhindern.\" \/>\n<meta name=\"robots\" content=\"index, follow, max-snippet:-1, max-image-preview:large, max-video-preview:-1\" \/>\n<link rel=\"canonical\" href=\"https:\/\/ucm.one\/de\/ueberleben-in-brandenburg-von-zoltan-paul-ben-von-grafenstein-wird-ab-11-04-2024-in-den-deutschen-kinos-zu-sehen-sein\/\" \/>\n<meta property=\"og:locale\" content=\"de_DE\" \/>\n<meta property=\"og:type\" content=\"article\" \/>\n<meta property=\"og:title\" content=\"\u00dcberLeben in Brandenburg (Zoltan Paul &amp; Ben von Grafenstein)\" \/>\n<meta property=\"og:description\" content=\"&quot;\u00dcberLeben in Brandenburg&quot; erz\u00e4hlt die Geschichte von einem &quot;Best-Ager-Regisseur&quot;, der versucht, einen rechten B\u00fcrgermeister zu verhindern.\" \/>\n<meta property=\"og:url\" content=\"https:\/\/ucm.one\/de\/ueberleben-in-brandenburg-von-zoltan-paul-ben-von-grafenstein-wird-ab-11-04-2024-in-den-deutschen-kinos-zu-sehen-sein\/\" \/>\n<meta property=\"og:site_name\" content=\"UCM.ONE\" \/>\n<meta property=\"article:published_time\" content=\"2024-01-27T06:38:03+00:00\" \/>\n<meta property=\"article:modified_time\" content=\"2024-04-06T18:45:10+00:00\" \/>\n<meta property=\"og:image\" content=\"https:\/\/ucm.one\/wp-content\/uploads\/2024\/02\/P-UeberLeben-in-Brandenburg.jpg\" \/>\n<meta name=\"author\" content=\"Joachim Keil\" \/>\n<meta name=\"twitter:card\" content=\"summary_large_image\" \/>\n<meta name=\"twitter:title\" content=\"\u00dcberLeben in Brandenburg (Zoltan Paul &amp; Ben von Grafenstein)\" \/>\n<meta name=\"twitter:description\" content=\"&quot;\u00dcberLeben in Brandenburg&quot; erz\u00e4hlt die Geschichte von einem &quot;Best-Ager-Regisseur&quot;, der versucht, einen rechten B\u00fcrgermeister zu verhindern.\" \/>\n<meta name=\"twitter:image\" content=\"https:\/\/ucm.one\/wp-content\/uploads\/2024\/02\/P-UeberLeben-in-Brandenburg.jpg\" \/>\n<meta name=\"twitter:label1\" content=\"Verfasst von\" \/>\n\t<meta name=\"twitter:data1\" content=\"Joachim Keil\" \/>\n\t<meta name=\"twitter:label2\" content=\"Gesch\u00e4tzte Lesezeit\" \/>\n\t<meta name=\"twitter:data2\" content=\"3\u00a0Minuten\" \/>\n<!-- \/ Yoast SEO plugin. -->","yoast_head_json":{"title":"\u00dcberleben in Brandenburg (Zoltan Paul & Ben von Grafenstein)","description":"\"\u00dcberleben in Brandenburg\" erz\u00e4hlt die Geschichte von einem \"Best-Ager-Regisseur\", der versucht, einen rechten B\u00fcrgermeister zu verhindern.","robots":{"index":"index","follow":"follow","max-snippet":"max-snippet:-1","max-image-preview":"max-image-preview:large","max-video-preview":"max-video-preview:-1"},"canonical":"https:\/\/ucm.one\/de\/ueberleben-in-brandenburg-von-zoltan-paul-ben-von-grafenstein-wird-ab-11-04-2024-in-den-deutschen-kinos-zu-sehen-sein\/","og_locale":"de_DE","og_type":"article","og_title":"\u00dcberLeben in Brandenburg (Zoltan Paul & Ben von Grafenstein)","og_description":"\"\u00dcberLeben in Brandenburg\" erz\u00e4hlt die Geschichte von einem \"Best-Ager-Regisseur\", der versucht, einen rechten B\u00fcrgermeister zu verhindern.","og_url":"https:\/\/ucm.one\/de\/ueberleben-in-brandenburg-von-zoltan-paul-ben-von-grafenstein-wird-ab-11-04-2024-in-den-deutschen-kinos-zu-sehen-sein\/","og_site_name":"UCM.ONE","article_published_time":"2024-01-27T06:38:03+00:00","article_modified_time":"2024-04-06T18:45:10+00:00","og_image":[{"url":"https:\/\/ucm.one\/wp-content\/uploads\/2024\/02\/P-UeberLeben-in-Brandenburg.jpg","type":"","width":"","height":""}],"author":"Joachim Keil","twitter_card":"summary_large_image","twitter_title":"\u00dcberLeben in Brandenburg (Zoltan Paul & Ben von Grafenstein)","twitter_description":"\"\u00dcberLeben in Brandenburg\" erz\u00e4hlt die Geschichte von einem \"Best-Ager-Regisseur\", der versucht, einen rechten B\u00fcrgermeister zu verhindern.","twitter_image":"https:\/\/ucm.one\/wp-content\/uploads\/2024\/02\/P-UeberLeben-in-Brandenburg.jpg","twitter_misc":{"Verfasst von":"Joachim Keil","Gesch\u00e4tzte Lesezeit":"3\u00a0Minuten"},"schema":{"@context":"https:\/\/schema.org","@graph":[{"@type":"Article","@id":"https:\/\/ucm.one\/de\/ueberleben-in-brandenburg-von-zoltan-paul-ben-von-grafenstein-wird-ab-11-04-2024-in-den-deutschen-kinos-zu-sehen-sein\/#article","isPartOf":{"@id":"https:\/\/ucm.one\/de\/ueberleben-in-brandenburg-von-zoltan-paul-ben-von-grafenstein-wird-ab-11-04-2024-in-den-deutschen-kinos-zu-sehen-sein\/"},"author":{"name":"Joachim Keil","@id":"https:\/\/ucm.one\/de\/#\/schema\/person\/4b959e467e8acc058836467a0ef8fa50"},"headline":"\ud83c\udfac &#8222;\u00dcberleben in Brandenburg&#8220; von Zoltan Paul &#038; Ben von Grafenstein wird ab 11.04.2024 in den deutschen Kinos zu sehen sein","datePublished":"2024-01-27T06:38:03+00:00","dateModified":"2024-04-06T18:45:10+00:00","mainEntityOfPage":{"@id":"https:\/\/ucm.one\/de\/ueberleben-in-brandenburg-von-zoltan-paul-ben-von-grafenstein-wird-ab-11-04-2024-in-den-deutschen-kinos-zu-sehen-sein\/"},"wordCount":646,"publisher":{"@id":"https:\/\/ucm.one\/de\/#organization"},"image":{"@id":"https:\/\/ucm.one\/de\/ueberleben-in-brandenburg-von-zoltan-paul-ben-von-grafenstein-wird-ab-11-04-2024-in-den-deutschen-kinos-zu-sehen-sein\/#primaryimage"},"thumbnailUrl":"https:\/\/ucm.one\/wp-content\/uploads\/2024\/01\/B-Ueber-Leben-in-Brandenburg-EFM.jpg","keywords":["Ben von Grafenstein","Darling Berlin","Jan Kerhart","Sandra Maischberger","Tina Hegewisch","\u00dcberleben in Brandenburg","Zoltan Paul"],"articleSection":["Darling Berlin","Film","Filmvertrieb","News","Weltvertrieb"],"inLanguage":"de"},{"@type":"WebPage","@id":"https:\/\/ucm.one\/de\/ueberleben-in-brandenburg-von-zoltan-paul-ben-von-grafenstein-wird-ab-11-04-2024-in-den-deutschen-kinos-zu-sehen-sein\/","url":"https:\/\/ucm.one\/de\/ueberleben-in-brandenburg-von-zoltan-paul-ben-von-grafenstein-wird-ab-11-04-2024-in-den-deutschen-kinos-zu-sehen-sein\/","name":"\u00dcberleben in Brandenburg (Zoltan Paul & Ben von Grafenstein)","isPartOf":{"@id":"https:\/\/ucm.one\/de\/#website"},"primaryImageOfPage":{"@id":"https:\/\/ucm.one\/de\/ueberleben-in-brandenburg-von-zoltan-paul-ben-von-grafenstein-wird-ab-11-04-2024-in-den-deutschen-kinos-zu-sehen-sein\/#primaryimage"},"image":{"@id":"https:\/\/ucm.one\/de\/ueberleben-in-brandenburg-von-zoltan-paul-ben-von-grafenstein-wird-ab-11-04-2024-in-den-deutschen-kinos-zu-sehen-sein\/#primaryimage"},"thumbnailUrl":"https:\/\/ucm.one\/wp-content\/uploads\/2024\/01\/B-Ueber-Leben-in-Brandenburg-EFM.jpg","datePublished":"2024-01-27T06:38:03+00:00","dateModified":"2024-04-06T18:45:10+00:00","description":"\"\u00dcberleben in Brandenburg\" erz\u00e4hlt die Geschichte von einem \"Best-Ager-Regisseur\", der versucht, einen rechten B\u00fcrgermeister zu verhindern.","breadcrumb":{"@id":"https:\/\/ucm.one\/de\/ueberleben-in-brandenburg-von-zoltan-paul-ben-von-grafenstein-wird-ab-11-04-2024-in-den-deutschen-kinos-zu-sehen-sein\/#breadcrumb"},"inLanguage":"de","potentialAction":[{"@type":"ReadAction","target":["https:\/\/ucm.one\/de\/ueberleben-in-brandenburg-von-zoltan-paul-ben-von-grafenstein-wird-ab-11-04-2024-in-den-deutschen-kinos-zu-sehen-sein\/"]}]},{"@type":"ImageObject","inLanguage":"de","@id":"https:\/\/ucm.one\/de\/ueberleben-in-brandenburg-von-zoltan-paul-ben-von-grafenstein-wird-ab-11-04-2024-in-den-deutschen-kinos-zu-sehen-sein\/#primaryimage","url":"https:\/\/ucm.one\/wp-content\/uploads\/2024\/01\/B-Ueber-Leben-in-Brandenburg-EFM.jpg","contentUrl":"https:\/\/ucm.one\/wp-content\/uploads\/2024\/01\/B-Ueber-Leben-in-Brandenburg-EFM.jpg","width":1920,"height":600},{"@type":"BreadcrumbList","@id":"https:\/\/ucm.one\/de\/ueberleben-in-brandenburg-von-zoltan-paul-ben-von-grafenstein-wird-ab-11-04-2024-in-den-deutschen-kinos-zu-sehen-sein\/#breadcrumb","itemListElement":[{"@type":"ListItem","position":1,"name":"Home","item":"https:\/\/ucm.one\/de\/"},{"@type":"ListItem","position":2,"name":"\ud83c\udfac &#8222;\u00dcberleben in Brandenburg&#8220; von Zoltan Paul &#038; Ben von Grafenstein wird ab 11.04.2024 in den deutschen Kinos zu sehen sein"}]},{"@type":"WebSite","@id":"https:\/\/ucm.one\/de\/#website","url":"https:\/\/ucm.one\/de\/","name":"UCM.ONE","description":"","publisher":{"@id":"https:\/\/ucm.one\/de\/#organization"},"potentialAction":[{"@type":"SearchAction","target":{"@type":"EntryPoint","urlTemplate":"https:\/\/ucm.one\/de\/?s={search_term_string}"},"query-input":{"@type":"PropertyValueSpecification","valueRequired":true,"valueName":"search_term_string"}}],"inLanguage":"de"},{"@type":"Organization","@id":"https:\/\/ucm.one\/de\/#organization","name":"UCM.ONE","url":"https:\/\/ucm.one\/de\/","logo":{"@type":"ImageObject","inLanguage":"de","@id":"https:\/\/ucm.one\/de\/#\/schema\/logo\/image\/","url":"https:\/\/ucm.one\/wp-content\/uploads\/2019\/10\/UCM.ONE-Logo-RGB.svg","contentUrl":"https:\/\/ucm.one\/wp-content\/uploads\/2019\/10\/UCM.ONE-Logo-RGB.svg","width":1,"height":1,"caption":"UCM.ONE"},"image":{"@id":"https:\/\/ucm.one\/de\/#\/schema\/logo\/image\/"}},{"@type":"Person","@id":"https:\/\/ucm.one\/de\/#\/schema\/person\/4b959e467e8acc058836467a0ef8fa50","name":"Joachim Keil","image":{"@type":"ImageObject","inLanguage":"de","@id":"https:\/\/secure.gravatar.com\/avatar\/10e1dfd05f2a7a7bc83cd44bae31e01c8ac15f974229211a2b1a49fa0a22fec0?s=96&d=mm&r=g","url":"https:\/\/secure.gravatar.com\/avatar\/10e1dfd05f2a7a7bc83cd44bae31e01c8ac15f974229211a2b1a49fa0a22fec0?s=96&d=mm&r=g","contentUrl":"https:\/\/secure.gravatar.com\/avatar\/10e1dfd05f2a7a7bc83cd44bae31e01c8ac15f974229211a2b1a49fa0a22fec0?s=96&d=mm&r=g","caption":"Joachim Keil"},"sameAs":["https:\/\/ucm.one"]}]}},"_links":{"self":[{"href":"https:\/\/ucm.one\/de\/wp-json\/wp\/v2\/posts\/101707","targetHints":{"allow":["GET"]}}],"collection":[{"href":"https:\/\/ucm.one\/de\/wp-json\/wp\/v2\/posts"}],"about":[{"href":"https:\/\/ucm.one\/de\/wp-json\/wp\/v2\/types\/post"}],"author":[{"embeddable":true,"href":"https:\/\/ucm.one\/de\/wp-json\/wp\/v2\/users\/2"}],"replies":[{"embeddable":true,"href":"https:\/\/ucm.one\/de\/wp-json\/wp\/v2\/comments?post=101707"}],"version-history":[{"count":5,"href":"https:\/\/ucm.one\/de\/wp-json\/wp\/v2\/posts\/101707\/revisions"}],"predecessor-version":[{"id":103174,"href":"https:\/\/ucm.one\/de\/wp-json\/wp\/v2\/posts\/101707\/revisions\/103174"}],"wp:featuredmedia":[{"embeddable":true,"href":"https:\/\/ucm.one\/de\/wp-json\/wp\/v2\/media\/103258"}],"wp:attachment":[{"href":"https:\/\/ucm.one\/de\/wp-json\/wp\/v2\/media?parent=101707"}],"wp:term":[{"taxonomy":"category","embeddable":true,"href":"https:\/\/ucm.one\/de\/wp-json\/wp\/v2\/categories?post=101707"},{"taxonomy":"post_tag","embeddable":true,"href":"https:\/\/ucm.one\/de\/wp-json\/wp\/v2\/tags?post=101707"}],"curies":[{"name":"wp","href":"https:\/\/api.w.org\/{rel}","templated":true}]}}