{"id":101694,"date":"2024-01-28T05:49:09","date_gmt":"2024-01-28T05:49:09","guid":{"rendered":"https:\/\/ucm.one\/?p=101694"},"modified":"2024-08-11T21:15:07","modified_gmt":"2024-08-11T21:15:07","slug":"rock-n-roll-ringo-von-dominik-galizia-wird-im-weltvertrieb-von-ucm-one-erstmals-auf-der-efm-2024-international-angeboten","status":"publish","type":"post","link":"https:\/\/ucm.one\/de\/rock-n-roll-ringo-von-dominik-galizia-wird-im-weltvertrieb-von-ucm-one-erstmals-auf-der-efm-2024-international-angeboten\/","title":{"rendered":"\ud83c\udfac &#8222;Rock &#8217;n&#8216; Roll Ringo&#8220; von Dominik Galizia wird im Weltvertrieb von UCM.ONE erstmals auf der EFM 2024 international angeboten"},"content":{"rendered":"<div class=\"wpb-content-wrapper\"><p>[vc_row][vc_column width=&#8220;3\/4&#8243;][vc_row_inner][vc_column_inner][vc_column_text]<\/p>\n<p style=\"font-weight: 400;\">Nach dem erfolgreichen Kulthit &#8222;<strong>Heikos Welt<\/strong>&#8220; melden sich Regisseur <strong>Dominik Galizia<\/strong>, Schauspieler <strong>Martin Rohde<\/strong> und das Rap- und K\u00fcnstlerkollektiv &#8222;<strong>Nordachse<\/strong>&#8220; mit ihrem neuen stoischen Kom\u00f6dien-Drama \u00fcber das Boxen auf dem Jahrmarkt zur\u00fcck: &#8222;<strong>Rock&#8217;N&#8217;Roll Ringo<\/strong>&#8222;, gedreht auf 35mm mit einem Budget von 1.200.000 EUR, wird erstmals branchenintern auf der <strong>EFM<\/strong>\u00a0(<strong>European Film Market<\/strong>), die wie jedes Jahr w\u00e4hrend der <strong>Berlinale<\/strong> in Berlin stattfindet, im Weltvertrieb der <span style=\"font-family: 'arial black', sans-serif;\">UCM.ONE<\/span> internationalen Partnern vorgestellt.<\/p>\n<p>[\/vc_column_text][vc_column_text]<span style=\"font-size: 14pt;\">Inhalt<\/span><\/p>\n<p style=\"font-weight: 400;\">Ringo Fleisch, ein Ger\u00fcstbauer aus Herne, verliert seine Arbeit und f\u00e4ngt als Aushilfskraft auf der Kirmes an, wo er vom Schausteller Fr\u00e4nkie zu einer Karriere als Kirmesboxer verf\u00fchrt wird. Ringo geht mit der Kirmes auf Tournee und verl\u00e4sst zum ersten Mal sein beschauliches Zuhause. Es gelingt ihm, eine kleine Kirmesfamilie um sich zu scharen. Fr\u00e4nkie wird zu einem starken Mentor, der mit schnellem Geld und Starstatus auf dem Jahrmarkt lockt, der Gro\u00dfe Hainz, ein Pantomime, wird sein treuer Begleiter. Durch Jenny vom Autoscooter lernt er das schnelle Kirmesleben kennen, auch wenn es dabei immer wieder zu Konflikten mit ihrem Bruder Mirko kommt.<\/p>\n<p>[\/vc_column_text][vc_column_text]Ringo wirkt ehrgeizig und hat pl\u00f6tzlich ein klares Ziel vor Augen: Am Ende der Kirmessaison will er seiner geh\u00f6rlosen Tochter einen lang ersehnten Traum erf\u00fcllen.[\/vc_column_text][\/vc_column_inner][\/vc_row_inner][\/vc_column][vc_column width=&#8220;1\/4&#8243;][vc_single_image image=&#8220;105743&#8243; img_size=&#8220;full&#8220; onclick=&#8220;link_image&#8220; css=&#8220;&#8220;][\/vc_column][\/vc_row][vc_row][vc_column][vc_column_text]<\/p>\n<p style=\"font-weight: 400;\"><span style=\"font-family: 'arial black', sans-serif;\"><strong>UCM.ONE<\/strong><\/span> wird den Film &#8211; entsprechend seinem Vertriebskonzept &#8211; ausserhalb Deutschland international und intermedial vermarkten, d.h. einen breitm\u00f6glichsten Markteintritt des Films auf allen m\u00f6glichen Vertriebskan\u00e4len und M\u00e4rkten anstreben. Der Kinostart des Films in Deutschland und \u00d6sterreich ist im Laufe des aktuellen Jahres geplant.<\/p>\n<p>[\/vc_column_text][\/vc_column][\/vc_row][vc_row][vc_column width=&#8220;1\/2&#8243;][vc_single_image image=&#8220;101710&#8243; img_size=&#8220;full&#8220; onclick=&#8220;link_image&#8220;][\/vc_column][vc_column width=&#8220;1\/2&#8243;][vc_single_image image=&#8220;101708&#8243; img_size=&#8220;full&#8220; onclick=&#8220;link_image&#8220;][\/vc_column][\/vc_row][vc_row][vc_column width=&#8220;1\/2&#8243;][vc_column_text css=&#8220;&#8220;]Weitere Informationen \u00fcber den Film: <a title=\"Darling Berlin\" href=\"https:\/\/ucm.one\/de\/rock-n-roll-ringo\/\">Rock &#8217;n&#8216; Roll Ringo<\/a>[\/vc_column_text][\/vc_column][vc_column width=&#8220;1\/2&#8243;][vc_column_text]Weitere Filme im <a title=\"Weltvertrieb\" href=\"https:\/\/ucm.one\/de\/weltvertrieb\/\">Weltvertrieb<\/a>[\/vc_column_text][\/vc_column][\/vc_row]<\/p>\n<\/div>","protected":false},"excerpt":{"rendered":"<p>[vc_row][vc_column width=&#8220;3\/4&#8243;][vc_row_inner][vc_column_inner][vc_column_text] Nach dem erfolgreichen Kulthit &#8222;Heikos Welt&#8220; melden sich Regisseur Dominik Galizia, Schauspieler Martin Rohde und das Rap- und K\u00fcnstlerkollektiv &#8222;Nordachse&#8220; mit ihrem neuen stoischen Kom\u00f6dien-Drama \u00fcber das Boxen auf dem Jahrmarkt zur\u00fcck: &#8222;Rock&#8217;N&#8217;Roll Ringo&#8222;, gedreht auf 35mm mit einem Budget von 1.200.000 EUR, wird erstmals branchenintern auf der EFM\u00a0(European Film Market), die wie&hellip;<\/p>\n","protected":false},"author":2,"featured_media":101695,"comment_status":"closed","ping_status":"closed","sticky":false,"template":"","format":"standard","meta":{"_acf_changed":false,"footnotes":""},"categories":[828,8,15325,13,7528],"tags":[2311,2572,11434,2774,11427,17348,11431,16535,17352],"class_list":["post-101694","post","type-post","status-publish","format-standard","has-post-thumbnail","hentry","category-artkeim","category-film","category-filmvertrieb-de","category-news","category-weltvertrieb","tag-artkeim","tag-berlinale","tag-dominik-galizia","tag-efm","tag-heikos-welt","tag-mutter-vater","tag-nordachse","tag-rock-n-roll-ringo","tag-weltvertieb","category-828","category-8","category-15325","category-13","category-7528","description-off"],"acf":[],"yoast_head":"<!-- This site is optimized with the Yoast SEO plugin v27.5 - https:\/\/yoast.com\/product\/yoast-seo-wordpress\/ -->\n<title>&quot;Rock &#039;n&#039; Roll Ringo&quot; von Dominik Galizia auf der EFM 2024<\/title>\n<meta name=\"description\" content=\"Nach &quot;Heikos Welt&quot; melden sich Regisseur Dominik Galizia, Schauspieler Martin Rohde mit ihrem neuen Film zur\u00fcck: &quot;Rock &#039;n&#039; Roll Ringo&quot;.\" \/>\n<meta name=\"robots\" content=\"index, follow, max-snippet:-1, max-image-preview:large, max-video-preview:-1\" \/>\n<link rel=\"canonical\" href=\"https:\/\/ucm.one\/de\/rock-n-roll-ringo-von-dominik-galizia-wird-im-weltvertrieb-von-ucm-one-erstmals-auf-der-efm-2024-international-angeboten\/\" \/>\n<meta property=\"og:locale\" content=\"de_DE\" \/>\n<meta property=\"og:type\" content=\"article\" \/>\n<meta property=\"og:title\" content=\"&quot;Rock &#039;n&#039; Roll Ringo&quot; von Dominik Galizia auf der EFM 2024\" \/>\n<meta property=\"og:description\" content=\"Nach &quot;Heikos Welt&quot; melden sich Regisseur Dominik Galizia, Schauspieler Martin Rohde mit ihrem neuen Film zur\u00fcck: &quot;Rock &#039;n&#039; Roll Ringo&quot;,\" \/>\n<meta property=\"og:url\" content=\"https:\/\/ucm.one\/de\/rock-n-roll-ringo-von-dominik-galizia-wird-im-weltvertrieb-von-ucm-one-erstmals-auf-der-efm-2024-international-angeboten\/\" \/>\n<meta property=\"og:site_name\" content=\"UCM.ONE\" \/>\n<meta property=\"article:published_time\" content=\"2024-01-28T05:49:09+00:00\" \/>\n<meta property=\"article:modified_time\" content=\"2024-08-11T21:15:07+00:00\" \/>\n<meta property=\"og:image\" content=\"https:\/\/ucm.one\/wp-content\/uploads\/2024\/02\/P-RockNRoll-RingoEFM.jpg\" \/>\n<meta name=\"author\" content=\"Joachim Keil\" \/>\n<meta name=\"twitter:card\" content=\"summary_large_image\" \/>\n<meta name=\"twitter:title\" content=\"&quot;Rock &#039;n&#039; Roll Ringo&quot; von Dominik Galizia auf der EFM 2024\" \/>\n<meta name=\"twitter:description\" content=\"Nach &quot;Heikos Welt&quot; melden sich Regisseur Dominik Galizia, Schauspieler Martin Rohde mit ihrem neuen Film zur\u00fcck: &quot;Rock &#039;n&#039; Roll Ringo&quot;,\" \/>\n<meta name=\"twitter:image\" content=\"https:\/\/ucm.one\/wp-content\/uploads\/2024\/02\/P-RockNRoll-RingoEFM.jpg\" \/>\n<meta name=\"twitter:label1\" content=\"Verfasst von\" \/>\n\t<meta name=\"twitter:data1\" content=\"Joachim Keil\" \/>\n\t<meta name=\"twitter:label2\" content=\"Gesch\u00e4tzte Lesezeit\" \/>\n\t<meta name=\"twitter:data2\" content=\"3\u00a0Minuten\" \/>\n<!-- \/ Yoast SEO plugin. -->","yoast_head_json":{"title":"\"Rock 'n' Roll Ringo\" von Dominik Galizia auf der EFM 2024","description":"Nach \"Heikos Welt\" melden sich Regisseur Dominik Galizia, Schauspieler Martin Rohde mit ihrem neuen Film zur\u00fcck: \"Rock 'n' Roll Ringo\".","robots":{"index":"index","follow":"follow","max-snippet":"max-snippet:-1","max-image-preview":"max-image-preview:large","max-video-preview":"max-video-preview:-1"},"canonical":"https:\/\/ucm.one\/de\/rock-n-roll-ringo-von-dominik-galizia-wird-im-weltvertrieb-von-ucm-one-erstmals-auf-der-efm-2024-international-angeboten\/","og_locale":"de_DE","og_type":"article","og_title":"\"Rock 'n' Roll Ringo\" von Dominik Galizia auf der EFM 2024","og_description":"Nach \"Heikos Welt\" melden sich Regisseur Dominik Galizia, Schauspieler Martin Rohde mit ihrem neuen Film zur\u00fcck: \"Rock 'n' Roll Ringo\",","og_url":"https:\/\/ucm.one\/de\/rock-n-roll-ringo-von-dominik-galizia-wird-im-weltvertrieb-von-ucm-one-erstmals-auf-der-efm-2024-international-angeboten\/","og_site_name":"UCM.ONE","article_published_time":"2024-01-28T05:49:09+00:00","article_modified_time":"2024-08-11T21:15:07+00:00","og_image":[{"url":"https:\/\/ucm.one\/wp-content\/uploads\/2024\/02\/P-RockNRoll-RingoEFM.jpg","type":"","width":"","height":""}],"author":"Joachim Keil","twitter_card":"summary_large_image","twitter_title":"\"Rock 'n' Roll Ringo\" von Dominik Galizia auf der EFM 2024","twitter_description":"Nach \"Heikos Welt\" melden sich Regisseur Dominik Galizia, Schauspieler Martin Rohde mit ihrem neuen Film zur\u00fcck: \"Rock 'n' Roll Ringo\",","twitter_image":"https:\/\/ucm.one\/wp-content\/uploads\/2024\/02\/P-RockNRoll-RingoEFM.jpg","twitter_misc":{"Verfasst von":"Joachim Keil","Gesch\u00e4tzte Lesezeit":"3\u00a0Minuten"},"schema":{"@context":"https:\/\/schema.org","@graph":[{"@type":"Article","@id":"https:\/\/ucm.one\/de\/rock-n-roll-ringo-von-dominik-galizia-wird-im-weltvertrieb-von-ucm-one-erstmals-auf-der-efm-2024-international-angeboten\/#article","isPartOf":{"@id":"https:\/\/ucm.one\/de\/rock-n-roll-ringo-von-dominik-galizia-wird-im-weltvertrieb-von-ucm-one-erstmals-auf-der-efm-2024-international-angeboten\/"},"author":{"name":"Joachim Keil","@id":"https:\/\/ucm.one\/de\/#\/schema\/person\/4b959e467e8acc058836467a0ef8fa50"},"headline":"\ud83c\udfac &#8222;Rock &#8217;n&#8216; Roll Ringo&#8220; von Dominik Galizia wird im Weltvertrieb von UCM.ONE erstmals auf der EFM 2024 international angeboten","datePublished":"2024-01-28T05:49:09+00:00","dateModified":"2024-08-11T21:15:07+00:00","mainEntityOfPage":{"@id":"https:\/\/ucm.one\/de\/rock-n-roll-ringo-von-dominik-galizia-wird-im-weltvertrieb-von-ucm-one-erstmals-auf-der-efm-2024-international-angeboten\/"},"wordCount":424,"publisher":{"@id":"https:\/\/ucm.one\/de\/#organization"},"image":{"@id":"https:\/\/ucm.one\/de\/rock-n-roll-ringo-von-dominik-galizia-wird-im-weltvertrieb-von-ucm-one-erstmals-auf-der-efm-2024-international-angeboten\/#primaryimage"},"thumbnailUrl":"https:\/\/ucm.one\/wp-content\/uploads\/2024\/02\/RRR-EFM.jpg","keywords":["Artkeim\u00b2","Berlinale","Dominik Galizia","EFM","Heikos Welt","Mutter + Vater","Nordachse","Rock 'n' Roll Ringo","Weltvertieb"],"articleSection":["Artkeim\u00b2","Film","Filmvertrieb","News","Weltvertrieb"],"inLanguage":"de"},{"@type":"WebPage","@id":"https:\/\/ucm.one\/de\/rock-n-roll-ringo-von-dominik-galizia-wird-im-weltvertrieb-von-ucm-one-erstmals-auf-der-efm-2024-international-angeboten\/","url":"https:\/\/ucm.one\/de\/rock-n-roll-ringo-von-dominik-galizia-wird-im-weltvertrieb-von-ucm-one-erstmals-auf-der-efm-2024-international-angeboten\/","name":"\"Rock 'n' Roll Ringo\" von Dominik Galizia auf der EFM 2024","isPartOf":{"@id":"https:\/\/ucm.one\/de\/#website"},"primaryImageOfPage":{"@id":"https:\/\/ucm.one\/de\/rock-n-roll-ringo-von-dominik-galizia-wird-im-weltvertrieb-von-ucm-one-erstmals-auf-der-efm-2024-international-angeboten\/#primaryimage"},"image":{"@id":"https:\/\/ucm.one\/de\/rock-n-roll-ringo-von-dominik-galizia-wird-im-weltvertrieb-von-ucm-one-erstmals-auf-der-efm-2024-international-angeboten\/#primaryimage"},"thumbnailUrl":"https:\/\/ucm.one\/wp-content\/uploads\/2024\/02\/RRR-EFM.jpg","datePublished":"2024-01-28T05:49:09+00:00","dateModified":"2024-08-11T21:15:07+00:00","description":"Nach \"Heikos Welt\" melden sich Regisseur Dominik Galizia, Schauspieler Martin Rohde mit ihrem neuen Film zur\u00fcck: \"Rock 'n' Roll Ringo\".","breadcrumb":{"@id":"https:\/\/ucm.one\/de\/rock-n-roll-ringo-von-dominik-galizia-wird-im-weltvertrieb-von-ucm-one-erstmals-auf-der-efm-2024-international-angeboten\/#breadcrumb"},"inLanguage":"de","potentialAction":[{"@type":"ReadAction","target":["https:\/\/ucm.one\/de\/rock-n-roll-ringo-von-dominik-galizia-wird-im-weltvertrieb-von-ucm-one-erstmals-auf-der-efm-2024-international-angeboten\/"]}]},{"@type":"ImageObject","inLanguage":"de","@id":"https:\/\/ucm.one\/de\/rock-n-roll-ringo-von-dominik-galizia-wird-im-weltvertrieb-von-ucm-one-erstmals-auf-der-efm-2024-international-angeboten\/#primaryimage","url":"https:\/\/ucm.one\/wp-content\/uploads\/2024\/02\/RRR-EFM.jpg","contentUrl":"https:\/\/ucm.one\/wp-content\/uploads\/2024\/02\/RRR-EFM.jpg","width":1920,"height":600},{"@type":"BreadcrumbList","@id":"https:\/\/ucm.one\/de\/rock-n-roll-ringo-von-dominik-galizia-wird-im-weltvertrieb-von-ucm-one-erstmals-auf-der-efm-2024-international-angeboten\/#breadcrumb","itemListElement":[{"@type":"ListItem","position":1,"name":"Home","item":"https:\/\/ucm.one\/de\/"},{"@type":"ListItem","position":2,"name":"\ud83c\udfac &#8222;Rock &#8217;n&#8216; Roll Ringo&#8220; von Dominik Galizia wird im Weltvertrieb von UCM.ONE erstmals auf der EFM 2024 international angeboten"}]},{"@type":"WebSite","@id":"https:\/\/ucm.one\/de\/#website","url":"https:\/\/ucm.one\/de\/","name":"UCM.ONE","description":"","publisher":{"@id":"https:\/\/ucm.one\/de\/#organization"},"potentialAction":[{"@type":"SearchAction","target":{"@type":"EntryPoint","urlTemplate":"https:\/\/ucm.one\/de\/?s={search_term_string}"},"query-input":{"@type":"PropertyValueSpecification","valueRequired":true,"valueName":"search_term_string"}}],"inLanguage":"de"},{"@type":"Organization","@id":"https:\/\/ucm.one\/de\/#organization","name":"UCM.ONE","url":"https:\/\/ucm.one\/de\/","logo":{"@type":"ImageObject","inLanguage":"de","@id":"https:\/\/ucm.one\/de\/#\/schema\/logo\/image\/","url":"https:\/\/ucm.one\/wp-content\/uploads\/2019\/10\/UCM.ONE-Logo-RGB.svg","contentUrl":"https:\/\/ucm.one\/wp-content\/uploads\/2019\/10\/UCM.ONE-Logo-RGB.svg","width":1,"height":1,"caption":"UCM.ONE"},"image":{"@id":"https:\/\/ucm.one\/de\/#\/schema\/logo\/image\/"}},{"@type":"Person","@id":"https:\/\/ucm.one\/de\/#\/schema\/person\/4b959e467e8acc058836467a0ef8fa50","name":"Joachim Keil","image":{"@type":"ImageObject","inLanguage":"de","@id":"https:\/\/secure.gravatar.com\/avatar\/10e1dfd05f2a7a7bc83cd44bae31e01c8ac15f974229211a2b1a49fa0a22fec0?s=96&d=mm&r=g","url":"https:\/\/secure.gravatar.com\/avatar\/10e1dfd05f2a7a7bc83cd44bae31e01c8ac15f974229211a2b1a49fa0a22fec0?s=96&d=mm&r=g","contentUrl":"https:\/\/secure.gravatar.com\/avatar\/10e1dfd05f2a7a7bc83cd44bae31e01c8ac15f974229211a2b1a49fa0a22fec0?s=96&d=mm&r=g","caption":"Joachim Keil"},"sameAs":["https:\/\/ucm.one"]}]}},"_links":{"self":[{"href":"https:\/\/ucm.one\/de\/wp-json\/wp\/v2\/posts\/101694","targetHints":{"allow":["GET"]}}],"collection":[{"href":"https:\/\/ucm.one\/de\/wp-json\/wp\/v2\/posts"}],"about":[{"href":"https:\/\/ucm.one\/de\/wp-json\/wp\/v2\/types\/post"}],"author":[{"embeddable":true,"href":"https:\/\/ucm.one\/de\/wp-json\/wp\/v2\/users\/2"}],"replies":[{"embeddable":true,"href":"https:\/\/ucm.one\/de\/wp-json\/wp\/v2\/comments?post=101694"}],"version-history":[{"count":9,"href":"https:\/\/ucm.one\/de\/wp-json\/wp\/v2\/posts\/101694\/revisions"}],"predecessor-version":[{"id":105855,"href":"https:\/\/ucm.one\/de\/wp-json\/wp\/v2\/posts\/101694\/revisions\/105855"}],"wp:featuredmedia":[{"embeddable":true,"href":"https:\/\/ucm.one\/de\/wp-json\/wp\/v2\/media\/101695"}],"wp:attachment":[{"href":"https:\/\/ucm.one\/de\/wp-json\/wp\/v2\/media?parent=101694"}],"wp:term":[{"taxonomy":"category","embeddable":true,"href":"https:\/\/ucm.one\/de\/wp-json\/wp\/v2\/categories?post=101694"},{"taxonomy":"post_tag","embeddable":true,"href":"https:\/\/ucm.one\/de\/wp-json\/wp\/v2\/tags?post=101694"}],"curies":[{"name":"wp","href":"https:\/\/api.w.org\/{rel}","templated":true}]}}