{"id":101432,"date":"2024-02-01T18:06:40","date_gmt":"2024-02-01T18:06:40","guid":{"rendered":"https:\/\/ucm.one\/?p=101432"},"modified":"2024-02-11T20:14:49","modified_gmt":"2024-02-11T20:14:49","slug":"holy-island-von-robert-manson-im-weltvertrieb-von-ucm-one-startet-im-mai-2024-in-den-deutschen-kinos","status":"publish","type":"post","link":"https:\/\/ucm.one\/de\/holy-island-von-robert-manson-im-weltvertrieb-von-ucm-one-startet-im-mai-2024-in-den-deutschen-kinos\/","title":{"rendered":"\ud83c\udfac &#8222;Holy Island&#8220; von Robert Manson im Weltvertrieb von UCM.ONE startet im Mai 2024 in den deutschen Kinos"},"content":{"rendered":"<div class=\"wpb-content-wrapper\"><p>[vc_row][vc_column][vc_column_text]<\/p>\n<div class=\"\">\n<p style=\"font-weight: 400;\">Das Filmdrama &#8222;<strong>Holy Island<\/strong>&#8220; des irischen Filmemachers <strong>Robert Manson<\/strong> wird von <span style=\"font-family: 'arial black', sans-serif;\"><strong>UCM.ONE<\/strong><\/span> im Mai 2024 auf dem Label <strong>Artkeim\u00b2<\/strong>\u00a0in die Deutschen Kinos gebracht.<\/p>\n<\/div>\n<p>[\/vc_column_text][\/vc_column][\/vc_row][vc_row][vc_column width=&#8220;3\/4&#8243;][vc_column_text]<\/p>\n<div class=\"\">\n<p style=\"font-weight: 400;\">&#8222;<strong>Holy Island<\/strong>&#8220; ist eine Geschichte \u00fcber zwei verlorene Seelen, Rosa und David, die im Fegefeuer in Form einer heruntergekommenen Hafenstadt gefangen sind. Sie treffen sich, als sie auf ein Boot warten, um die Insel zu verlassen, und sehnen sich beide nach Hause zur\u00fcck. Gemeinsam sind sie gezwungen, ein abnormales Labyrinth zu durchqueren und ihre vergangenen Leben durch gemeinsame Gespr\u00e4che und Erinnerungen zusammenzusetzen. Am Ende kann nur einer von ihnen gerettet werden.<\/p>\n<\/div>\n<p>[\/vc_column_text][vc_column_text]<\/p>\n<p style=\"font-weight: 400;\">&#8222;<strong>Holy Island<\/strong>&#8220; ist die zweite erfolgreiche Zusammenarbeit des Regisseurs mit<span style=\"font-family: 'arial black', sans-serif;\"><strong> UCM.ONE<\/strong><\/span>. So wurde das mehrfach mit Filmpreisen ausgezeichnete Spielfilmdeb\u00fct des Regisseurs \u201c<strong>Lost in the Living<\/strong>&#8220; im Jahr 2018 auf dem Filmlabel <strong>Darling Berlin<\/strong> von <span style=\"font-family: 'arial black', sans-serif;\"><strong>UCM.ONE<\/strong><\/span> in die Kinos gebracht und seit 2019 im internationalen VOD-Vertrieb platziert und vermarktet.<\/p>\n<p>[\/vc_column_text][vc_column_text]<\/p>\n<p style=\"font-weight: 400;\"><strong>Robert Manson<\/strong>s zweiter Spielfilm &#8222;<strong>Holy Island<\/strong>&#8220; entstand im Rahmen des Programms <strong>Authored Works des Arts Council of Ireland<\/strong> und hatte seine Weltpremiere auf dem <strong>66. Cork Film Festival<\/strong> (2021). Der Film lief auf Festivals in Indien, Spanien und den USA.<\/p>\n<p>[\/vc_column_text][vc_column_text]<\/p>\n<p style=\"font-weight: 400;\"><span style=\"font-family: 'arial black', sans-serif;\"><strong>UCM.ONE<\/strong><\/span> vertreibt den Film im Theater- und Weltvertrieb in allen Vertriebsbereichen (ausgenommen des Filmverleihs und der Bildtr\u00e4gerauswertung f\u00fcr Irland).<\/p>\n<p>[\/vc_column_text][\/vc_column][vc_column width=&#8220;1\/4&#8243;][vc_single_image image=&#8220;101435&#8243; img_size=&#8220;full&#8220; onclick=&#8220;link_image&#8220;][\/vc_column][\/vc_row][vc_row][vc_column][vc_column_text]<\/p>\n<p style=\"font-weight: 400;\">Dieser Film behandelt die Themen Tod, Verlust, Heimat, Liebe, Emigration, Familie, \u00dcberleben, Erl\u00f6sung und Einsamkeit. Aktuelle Archetypen und Stereotypen vom &#8222;Irischsein&#8220; und nationaler Identit\u00e4t werden durch intergenerationale Begegnungen innerhalb dieser Geschichte erforscht.<\/p>\n<p>[\/vc_column_text][\/vc_column][\/vc_row][vc_row css=&#8220;.vc_custom_1707676441349{margin-top: -10px !important;margin-right: -10px !important;margin-bottom: -10px !important;margin-left: -10px !important;border-top-width: -3px !important;border-right-width: -3px !important;border-bottom-width: -3px !important;border-left-width: -3px !important;padding-top: 5px !important;padding-right: 5px !important;padding-bottom: 5px !important;padding-left: 5px !important;background-color: #f9f9f9 !important;border-left-color: #dddddd !important;border-left-style: solid !important;border-right-color: #dddddd !important;border-right-style: solid !important;border-top-color: #dddddd !important;border-top-style: solid !important;border-bottom-color: #dddddd !important;border-bottom-style: solid !important;border-radius: 5px !important;}&#8220;][vc_column][vc_empty_space height=&#8220;15px&#8220;][vc_column_text css=&#8220;.vc_custom_1707682451537{margin-bottom: -20px !important;border-bottom-width: -20px !important;padding-bottom: -20px !important;}&#8220;]<\/p>\n<div class=\"wpb_text_column wpb_content_element \">\n<p><span style=\"font-size: 14pt;\">Daten zum Film<\/span><\/p>\n<table style=\"border-collapse: collapse; width: 100%; height: 340px;\">\n<tbody>\n<tr style=\"height: 22px;\">\n<td style=\"width: 14.487035%; height: 22px;\"><strong>Titel:<\/strong><\/td>\n<td style=\"width: 42.756482%; height: 22px;\">\n<div>Holy Island<\/div>\n<\/td>\n<\/tr>\n<tr style=\"height: 22px;\">\n<td style=\"width: 14.487035%; height: 22px;\"><strong>Buch &amp; Regie:<\/strong><\/td>\n<td style=\"width: 42.756482%; height: 22px;\">Robert Manson<\/td>\n<\/tr>\n<tr style=\"height: 22px;\">\n<td style=\"width: 14.487035%; height: 22px;\"><strong>Produzentin:<\/strong><\/td>\n<td style=\"width: 42.756482%; height: 22px;\">Claire McCabe<\/td>\n<\/tr>\n<tr style=\"height: 22px;\">\n<td style=\"width: 14.487035%; height: 22px; vertical-align: top;\"><strong>Darstellende:<\/strong><\/td>\n<td style=\"width: 42.756482%; height: 22px;\">\n<div>\n<div>Jeanne Nicole N\u00ed \u00c1inle, Conor Madden, Dermot Murphy, Mark Doherty, Maria Oxley Boardman<\/div>\n<\/div>\n<\/td>\n<\/tr>\n<tr style=\"height: 22px;\">\n<td style=\"width: 14.487035%; height: 10px;\"><strong>Kamera:<\/strong><\/td>\n<td style=\"width: 42.756482%; height: 10px;\">Evan Barry<\/td>\n<\/tr>\n<tr style=\"height: 22px;\">\n<td style=\"width: 14.487035%; height: 22px;\"><strong>Schnitt:<\/strong><\/td>\n<td style=\"width: 42.756482%; height: 22px;\">David Byrne<\/td>\n<\/tr>\n<tr style=\"height: 22px;\">\n<td style=\"width: 14.487035%; height: 22px;\"><strong>Land:<\/strong><\/td>\n<td style=\"width: 42.756482%; height: 22px;\">Irland<\/td>\n<\/tr>\n<tr style=\"height: 22px;\">\n<td style=\"width: 14.487035%; height: 22px;\"><strong>Produktionsjahr:<\/strong><\/td>\n<td style=\"width: 42.756482%; height: 22px;\">2021<\/td>\n<\/tr>\n<tr style=\"height: 22px;\">\n<td style=\"width: 14.487035%; height: 22px;\"><strong>Produktionsgesellschaften: <\/strong><\/td>\n<td style=\"width: 42.756482%; height: 22px;\">Samson Films &amp; Ballyrogan Films<\/td>\n<\/tr>\n<tr style=\"height: 22px;\">\n<td style=\"width: 14.487035%; height: 22px;\"><strong>Genre:<\/strong><\/td>\n<td style=\"width: 42.756482%; height: 22px;\">Drama<\/td>\n<\/tr>\n<tr style=\"height: 22px;\">\n<td style=\"width: 14.487035%; height: 22px;\"><strong>L\u00e4nge:<\/strong><\/td>\n<td style=\"width: 42.756482%; height: 22px;\">89 Min<\/td>\n<\/tr>\n<tr style=\"height: 22px;\">\n<td style=\"width: 14.487035%; height: 22px;\"><strong>Sprache:<\/strong><\/td>\n<td style=\"width: 42.756482%; height: 22px;\">Englisch<\/td>\n<\/tr>\n<tr style=\"height: 22px;\">\n<td style=\"width: 14.487035%; height: 22px;\"><strong>Untertitel:<\/strong><\/td>\n<td style=\"width: 42.756482%; height: 22px;\">Deutsch (OMeU)<\/td>\n<\/tr>\n<tr style=\"height: 22px;\">\n<td style=\"width: 14.487035%; height: 22px;\"><strong>Aspect Ratio:<\/strong><\/td>\n<td style=\"width: 42.756482%; height: 22px;\">2,39:1 (2048&#215;858)<\/td>\n<\/tr>\n<tr style=\"height: 22px;\">\n<td style=\"width: 14.487035%; height: 22px;\"><strong>Ton:<\/strong><\/td>\n<td style=\"width: 42.756482%; height: 22px;\">5:1; Stereo<\/td>\n<\/tr>\n<tr style=\"height: 22px;\">\n<td style=\"width: 14.487035%; height: 22px;\"><strong>FSK:<\/strong><\/td>\n<td style=\"width: 42.756482%; height: 22px;\">12 (beantragt)<\/td>\n<\/tr>\n<\/tbody>\n<\/table>\n<p>&nbsp;<\/p>\n<\/div>\n<p>[\/vc_column_text][vc_empty_space height=&#8220;-40px&#8220;][\/vc_column][\/vc_row][vc_row][vc_column][vc_empty_space height=&#8220;45px&#8220;][vc_column_text]<span style=\"font-size: 14pt;\">Regiekommentar von Robert Manson<\/span><\/p>\n<p><em>&#8222;Die Hauptrolle des David wird von zwei Schauspielern gespielt, eine Idee, die von Buneals &#8222;Das obskure Objekt der Begierde&#8220; \u00fcbernommen wurde. Die erste H\u00e4lfte wird von einem Schauspieler gespielt, eine d\u00fcstere und melancholische Vorstellung. Dann erfolgt ein Wechsel, und ein j\u00fcngerer Schauspieler \u00fcbernimmt die Rolle f\u00fcr den mittleren und sp\u00e4teren Teil des Films; diese Figur ist weicher, verletzlicher und mitf\u00fchlender. Die psychologische Ver\u00e4nderung und Entwicklung der Figur des David wird durch diesen Schauspielerwechsel visuell unterstrichen. Die Schauspieler, die die Rolle des David spielen, sehen nicht identisch aus, aber sie stammen aus demselben Teil der Welt und sind \u00e4hnlich aufgewachsen. Dieses Konzept wirft ein Schlaglicht auf eine Untersuchung des Konzepts der Dualit\u00e4t des Selbst.&#8220;<\/em>[\/vc_column_text][vc_row_inner][vc_column_inner width=&#8220;1\/2&#8243;][vc_single_image image=&#8220;101448&#8243; img_size=&#8220;full&#8220; onclick=&#8220;link_image&#8220;][\/vc_column_inner][vc_column_inner width=&#8220;1\/2&#8243;][vc_single_image image=&#8220;101450&#8243; img_size=&#8220;full&#8220; onclick=&#8220;link_image&#8220;][\/vc_column_inner][\/vc_row_inner][vc_column_text]<\/p>\n<p style=\"font-weight: 400;\"><em>&#8222;Die \u00c4sthetik des Films f\u00fcr die schwarz-wei\u00dfe, leblose Hafenstadt &#8222;Limbo&#8220; ist eine Anspielung auf Michael Powells &#8222;A Matter of Life and Death&#8220;, in dem die Frage gestellt wird, warum der Himmel schwarz-wei\u00df ist. Die Antwort: Weil es dort kein Leben gibt. Auf dem Bildschirm sind \u00fcberwiegend 4k-Schwarz-Wei\u00df-Bilder zu sehen. In wichtigen Abschnitten des Films werden flackernde Farbflecken eingef\u00fcgt, um Momente darzustellen, in denen die Leinwand, die Schaupl\u00e4tze und die Darsteller wieder lebendig und reich werden. Super 8mm steht f\u00fcr vergangene Erinnerungen in den heilsamen Momenten, in denen die Figuren ihre Augen schlie\u00dfen und ihr Leben an ihnen vorbeizieht. Es sind nicht ihre Leben oder ihre direkten Erinnerungen, sondern die verpflanzten Bilder eines kollektiven Bewusstseins. F\u00fcr diese Segmente des Films wurde Super-8-mm-Archivmaterial aus dem Archiv meines Vaters gesammelt. Dies \u00fcberbr\u00fcckt die visuellen L\u00fccken zwischen der Vergangenheit, der Gegenwart und der Zukunft. Wir haben Abschnitte auf Standard 16mm gedreht, um alle Formate miteinander zu verbinden, 4K, 16mm und 8mm.&#8220;<\/em><\/p>\n<p>[\/vc_column_text][vc_video link=&#8220;https:\/\/youtu.be\/GgUa8Xz8Aao?si=XZRGLGh4cyipvW28&#8243;][\/vc_column][\/vc_row][vc_row][vc_column][vc_column_text]Weitere Informationen \u00fcber das Filmlabel: <a title=\"Artkeim\u00b2\" href=\"https:\/\/ucm.one\/de\/film-labels\/artkeim\/\">Artkeim\u00b2<\/a>[\/vc_column_text][\/vc_column][\/vc_row]<\/p>\n<\/div>","protected":false},"excerpt":{"rendered":"<p>[vc_row][vc_column][vc_column_text] Das Filmdrama &#8222;Holy Island&#8220; des irischen Filmemachers Robert Manson wird von UCM.ONE im Mai 2024 auf dem Label Artkeim\u00b2\u00a0in die Deutschen Kinos gebracht. [\/vc_column_text][\/vc_column][\/vc_row][vc_row][vc_column width=&#8220;3\/4&#8243;][vc_column_text] &#8222;Holy Island&#8220; ist eine Geschichte \u00fcber zwei verlorene Seelen, Rosa und David, die im Fegefeuer in Form einer heruntergekommenen Hafenstadt gefangen sind. Sie treffen sich, als sie auf ein&hellip;<\/p>\n","protected":false},"author":2,"featured_media":101433,"comment_status":"closed","ping_status":"closed","sticky":false,"template":"","format":"standard","meta":{"_acf_changed":false,"footnotes":""},"categories":[828,8,15325,10,13,7528],"tags":[2311,17280,17278,16561,16563,16559,16560,16562,16564,2443,17279],"class_list":["post-101432","post","type-post","status-publish","format-standard","has-post-thumbnail","hentry","category-artkeim","category-film","category-filmvertrieb-de","category-kino","category-news","category-weltvertrieb","tag-artkeim","tag-ballyrogan-films","tag-claire-mccabe","tag-conor-madden","tag-dermot-murphy","tag-holy-island","tag-jeanne-nicole-ni-ainle","tag-maria-oxley-boardman","tag-mark-doherty","tag-robert-manson","tag-samson-films","category-828","category-8","category-15325","category-10","category-13","category-7528","description-off"],"acf":[],"yoast_head":"<!-- This site is optimized with the Yoast SEO plugin v27.5 - https:\/\/yoast.com\/product\/yoast-seo-wordpress\/ -->\n<title>&quot;Holy Island&quot; von Robert Manson im Weltvertrieb von UCM.ONE<\/title>\n<meta name=\"description\" content=\"Das Filmdrama &quot;Holy Island&quot; des irischen Filmemachers Robert Manson wird von UCM.ONE im Mai 2024\u00a0in die Deutschen Kinos gebracht.\" \/>\n<meta name=\"robots\" content=\"index, follow, max-snippet:-1, max-image-preview:large, max-video-preview:-1\" \/>\n<link rel=\"canonical\" href=\"https:\/\/ucm.one\/de\/holy-island-von-robert-manson-im-weltvertrieb-von-ucm-one-startet-im-mai-2024-in-den-deutschen-kinos\/\" \/>\n<meta property=\"og:locale\" content=\"de_DE\" \/>\n<meta property=\"og:type\" content=\"article\" \/>\n<meta property=\"og:title\" content=\"&quot;Holy Island&quot; von Robert Manson im Weltvertrieb von UCM.ONE\" \/>\n<meta property=\"og:description\" content=\"Das Filmdrama &quot;Holy Island&quot; des irischen Filmemachers Robert Manson wird von UCM.ONE im Mai 2024\u00a0in die Deutschen Kinos gebracht.\" \/>\n<meta property=\"og:url\" content=\"https:\/\/ucm.one\/de\/holy-island-von-robert-manson-im-weltvertrieb-von-ucm-one-startet-im-mai-2024-in-den-deutschen-kinos\/\" \/>\n<meta property=\"og:site_name\" content=\"UCM.ONE\" \/>\n<meta property=\"article:published_time\" content=\"2024-02-01T18:06:40+00:00\" \/>\n<meta property=\"article:modified_time\" content=\"2024-02-11T20:14:49+00:00\" \/>\n<meta property=\"og:image\" content=\"https:\/\/ucm.one\/wp-content\/uploads\/2024\/02\/P-Holy-Island-Festival.jpg\" \/>\n<meta name=\"author\" content=\"Joachim Keil\" \/>\n<meta name=\"twitter:card\" content=\"summary_large_image\" \/>\n<meta name=\"twitter:title\" content=\"&quot;Holy Island&quot; von Robert Manson im Weltvertrieb von UCM.ONE\" \/>\n<meta name=\"twitter:description\" content=\"Das Filmdrama &quot;Holy Island&quot; des irischen Filmemachers Robert Manson wird von UCM.ONE im Mai 2024\u00a0in die Deutschen Kinos gebracht.\" \/>\n<meta name=\"twitter:image\" content=\"https:\/\/ucm.one\/wp-content\/uploads\/2024\/02\/P-Holy-Island-Festival.jpg\" \/>\n<meta name=\"twitter:label1\" content=\"Verfasst von\" \/>\n\t<meta name=\"twitter:data1\" content=\"Joachim Keil\" \/>\n\t<meta name=\"twitter:label2\" content=\"Gesch\u00e4tzte Lesezeit\" \/>\n\t<meta name=\"twitter:data2\" content=\"4\u00a0Minuten\" \/>\n<!-- \/ Yoast SEO plugin. -->","yoast_head_json":{"title":"\"Holy Island\" von Robert Manson im Weltvertrieb von UCM.ONE","description":"Das Filmdrama \"Holy Island\" des irischen Filmemachers Robert Manson wird von UCM.ONE im Mai 2024\u00a0in die Deutschen Kinos gebracht.","robots":{"index":"index","follow":"follow","max-snippet":"max-snippet:-1","max-image-preview":"max-image-preview:large","max-video-preview":"max-video-preview:-1"},"canonical":"https:\/\/ucm.one\/de\/holy-island-von-robert-manson-im-weltvertrieb-von-ucm-one-startet-im-mai-2024-in-den-deutschen-kinos\/","og_locale":"de_DE","og_type":"article","og_title":"\"Holy Island\" von Robert Manson im Weltvertrieb von UCM.ONE","og_description":"Das Filmdrama \"Holy Island\" des irischen Filmemachers Robert Manson wird von UCM.ONE im Mai 2024\u00a0in die Deutschen Kinos gebracht.","og_url":"https:\/\/ucm.one\/de\/holy-island-von-robert-manson-im-weltvertrieb-von-ucm-one-startet-im-mai-2024-in-den-deutschen-kinos\/","og_site_name":"UCM.ONE","article_published_time":"2024-02-01T18:06:40+00:00","article_modified_time":"2024-02-11T20:14:49+00:00","og_image":[{"url":"https:\/\/ucm.one\/wp-content\/uploads\/2024\/02\/P-Holy-Island-Festival.jpg","type":"","width":"","height":""}],"author":"Joachim Keil","twitter_card":"summary_large_image","twitter_title":"\"Holy Island\" von Robert Manson im Weltvertrieb von UCM.ONE","twitter_description":"Das Filmdrama \"Holy Island\" des irischen Filmemachers Robert Manson wird von UCM.ONE im Mai 2024\u00a0in die Deutschen Kinos gebracht.","twitter_image":"https:\/\/ucm.one\/wp-content\/uploads\/2024\/02\/P-Holy-Island-Festival.jpg","twitter_misc":{"Verfasst von":"Joachim Keil","Gesch\u00e4tzte Lesezeit":"4\u00a0Minuten"},"schema":{"@context":"https:\/\/schema.org","@graph":[{"@type":"Article","@id":"https:\/\/ucm.one\/de\/holy-island-von-robert-manson-im-weltvertrieb-von-ucm-one-startet-im-mai-2024-in-den-deutschen-kinos\/#article","isPartOf":{"@id":"https:\/\/ucm.one\/de\/holy-island-von-robert-manson-im-weltvertrieb-von-ucm-one-startet-im-mai-2024-in-den-deutschen-kinos\/"},"author":{"name":"Joachim Keil","@id":"https:\/\/ucm.one\/de\/#\/schema\/person\/4b959e467e8acc058836467a0ef8fa50"},"headline":"\ud83c\udfac &#8222;Holy Island&#8220; von Robert Manson im Weltvertrieb von UCM.ONE startet im Mai 2024 in den deutschen Kinos","datePublished":"2024-02-01T18:06:40+00:00","dateModified":"2024-02-11T20:14:49+00:00","mainEntityOfPage":{"@id":"https:\/\/ucm.one\/de\/holy-island-von-robert-manson-im-weltvertrieb-von-ucm-one-startet-im-mai-2024-in-den-deutschen-kinos\/"},"wordCount":903,"publisher":{"@id":"https:\/\/ucm.one\/de\/#organization"},"image":{"@id":"https:\/\/ucm.one\/de\/holy-island-von-robert-manson-im-weltvertrieb-von-ucm-one-startet-im-mai-2024-in-den-deutschen-kinos\/#primaryimage"},"thumbnailUrl":"https:\/\/ucm.one\/wp-content\/uploads\/2024\/02\/BB-Holy-Island-EFM.jpg","keywords":["Artkeim\u00b2","Ballyrogan Films","Claire McCabe","Conor Madden","Dermot Murphy","Holy Island","Jeanne Nicole N\u00ed \u00c1inle","Maria Oxley Boardman","Mark Doherty","Robert Manson","Samson Films"],"articleSection":["Artkeim\u00b2","Film","Filmvertrieb","Kino","News","Weltvertrieb"],"inLanguage":"de"},{"@type":"WebPage","@id":"https:\/\/ucm.one\/de\/holy-island-von-robert-manson-im-weltvertrieb-von-ucm-one-startet-im-mai-2024-in-den-deutschen-kinos\/","url":"https:\/\/ucm.one\/de\/holy-island-von-robert-manson-im-weltvertrieb-von-ucm-one-startet-im-mai-2024-in-den-deutschen-kinos\/","name":"\"Holy Island\" von Robert Manson im Weltvertrieb von UCM.ONE","isPartOf":{"@id":"https:\/\/ucm.one\/de\/#website"},"primaryImageOfPage":{"@id":"https:\/\/ucm.one\/de\/holy-island-von-robert-manson-im-weltvertrieb-von-ucm-one-startet-im-mai-2024-in-den-deutschen-kinos\/#primaryimage"},"image":{"@id":"https:\/\/ucm.one\/de\/holy-island-von-robert-manson-im-weltvertrieb-von-ucm-one-startet-im-mai-2024-in-den-deutschen-kinos\/#primaryimage"},"thumbnailUrl":"https:\/\/ucm.one\/wp-content\/uploads\/2024\/02\/BB-Holy-Island-EFM.jpg","datePublished":"2024-02-01T18:06:40+00:00","dateModified":"2024-02-11T20:14:49+00:00","description":"Das Filmdrama \"Holy Island\" des irischen Filmemachers Robert Manson wird von UCM.ONE im Mai 2024\u00a0in die Deutschen Kinos gebracht.","breadcrumb":{"@id":"https:\/\/ucm.one\/de\/holy-island-von-robert-manson-im-weltvertrieb-von-ucm-one-startet-im-mai-2024-in-den-deutschen-kinos\/#breadcrumb"},"inLanguage":"de","potentialAction":[{"@type":"ReadAction","target":["https:\/\/ucm.one\/de\/holy-island-von-robert-manson-im-weltvertrieb-von-ucm-one-startet-im-mai-2024-in-den-deutschen-kinos\/"]}]},{"@type":"ImageObject","inLanguage":"de","@id":"https:\/\/ucm.one\/de\/holy-island-von-robert-manson-im-weltvertrieb-von-ucm-one-startet-im-mai-2024-in-den-deutschen-kinos\/#primaryimage","url":"https:\/\/ucm.one\/wp-content\/uploads\/2024\/02\/BB-Holy-Island-EFM.jpg","contentUrl":"https:\/\/ucm.one\/wp-content\/uploads\/2024\/02\/BB-Holy-Island-EFM.jpg","width":1920,"height":600},{"@type":"BreadcrumbList","@id":"https:\/\/ucm.one\/de\/holy-island-von-robert-manson-im-weltvertrieb-von-ucm-one-startet-im-mai-2024-in-den-deutschen-kinos\/#breadcrumb","itemListElement":[{"@type":"ListItem","position":1,"name":"Home","item":"https:\/\/ucm.one\/de\/"},{"@type":"ListItem","position":2,"name":"\ud83c\udfac &#8220;Holy Island&#8221; von Robert Manson im Weltvertrieb von UCM.ONE startet im Mai 2024 in den deutschen Kinos"}]},{"@type":"WebSite","@id":"https:\/\/ucm.one\/de\/#website","url":"https:\/\/ucm.one\/de\/","name":"UCM.ONE","description":"","publisher":{"@id":"https:\/\/ucm.one\/de\/#organization"},"potentialAction":[{"@type":"SearchAction","target":{"@type":"EntryPoint","urlTemplate":"https:\/\/ucm.one\/de\/?s={search_term_string}"},"query-input":{"@type":"PropertyValueSpecification","valueRequired":true,"valueName":"search_term_string"}}],"inLanguage":"de"},{"@type":"Organization","@id":"https:\/\/ucm.one\/de\/#organization","name":"UCM.ONE","url":"https:\/\/ucm.one\/de\/","logo":{"@type":"ImageObject","inLanguage":"de","@id":"https:\/\/ucm.one\/de\/#\/schema\/logo\/image\/","url":"https:\/\/ucm.one\/wp-content\/uploads\/2019\/10\/UCM.ONE-Logo-RGB.svg","contentUrl":"https:\/\/ucm.one\/wp-content\/uploads\/2019\/10\/UCM.ONE-Logo-RGB.svg","width":1,"height":1,"caption":"UCM.ONE"},"image":{"@id":"https:\/\/ucm.one\/de\/#\/schema\/logo\/image\/"}},{"@type":"Person","@id":"https:\/\/ucm.one\/de\/#\/schema\/person\/4b959e467e8acc058836467a0ef8fa50","name":"Joachim Keil","image":{"@type":"ImageObject","inLanguage":"de","@id":"https:\/\/secure.gravatar.com\/avatar\/10e1dfd05f2a7a7bc83cd44bae31e01c8ac15f974229211a2b1a49fa0a22fec0?s=96&d=mm&r=g","url":"https:\/\/secure.gravatar.com\/avatar\/10e1dfd05f2a7a7bc83cd44bae31e01c8ac15f974229211a2b1a49fa0a22fec0?s=96&d=mm&r=g","contentUrl":"https:\/\/secure.gravatar.com\/avatar\/10e1dfd05f2a7a7bc83cd44bae31e01c8ac15f974229211a2b1a49fa0a22fec0?s=96&d=mm&r=g","caption":"Joachim Keil"},"sameAs":["https:\/\/ucm.one"]}]}},"_links":{"self":[{"href":"https:\/\/ucm.one\/de\/wp-json\/wp\/v2\/posts\/101432","targetHints":{"allow":["GET"]}}],"collection":[{"href":"https:\/\/ucm.one\/de\/wp-json\/wp\/v2\/posts"}],"about":[{"href":"https:\/\/ucm.one\/de\/wp-json\/wp\/v2\/types\/post"}],"author":[{"embeddable":true,"href":"https:\/\/ucm.one\/de\/wp-json\/wp\/v2\/users\/2"}],"replies":[{"embeddable":true,"href":"https:\/\/ucm.one\/de\/wp-json\/wp\/v2\/comments?post=101432"}],"version-history":[{"count":13,"href":"https:\/\/ucm.one\/de\/wp-json\/wp\/v2\/posts\/101432\/revisions"}],"predecessor-version":[{"id":101462,"href":"https:\/\/ucm.one\/de\/wp-json\/wp\/v2\/posts\/101432\/revisions\/101462"}],"wp:featuredmedia":[{"embeddable":true,"href":"https:\/\/ucm.one\/de\/wp-json\/wp\/v2\/media\/101433"}],"wp:attachment":[{"href":"https:\/\/ucm.one\/de\/wp-json\/wp\/v2\/media?parent=101432"}],"wp:term":[{"taxonomy":"category","embeddable":true,"href":"https:\/\/ucm.one\/de\/wp-json\/wp\/v2\/categories?post=101432"},{"taxonomy":"post_tag","embeddable":true,"href":"https:\/\/ucm.one\/de\/wp-json\/wp\/v2\/tags?post=101432"}],"curies":[{"name":"wp","href":"https:\/\/api.w.org\/{rel}","templated":true}]}}