{"id":10141,"date":"2017-03-31T10:45:55","date_gmt":"2017-03-31T10:45:55","guid":{"rendered":"https:\/\/ucm.one\/new-album-by-dejan-milicevic-summation-plastic-city\/"},"modified":"2018-08-17T11:38:26","modified_gmt":"2018-08-17T11:38:26","slug":"neues-album-von-dejan-milicevic-summation-plastic-city","status":"publish","type":"post","link":"https:\/\/ucm.one\/de\/neues-album-von-dejan-milicevic-summation-plastic-city\/","title":{"rendered":"Neues Album von Dejan Milicevic: &#8222;Summation&#8220; (Plastic City)"},"content":{"rendered":"<p><a href=\"https:\/\/ucm.one\/wp-content\/uploads\/sites\/5\/2017\/03\/127039_web.jpg\"><img decoding=\"async\" class=\"alignright size-medium wp-image-8505\" src=\"https:\/\/ucm.one\/wp-content\/uploads\/sites\/6\/2017\/03\/127039_web-300x300.jpg\" alt=\"127039_web\" width=\"300\" height=\"300\" \/><\/a><\/p>\n<p>Als Teil der KneDeep-Familie spielte er inzwischen bei allen wichtigen internationalen Events und Festivals und mit Studio-Zeit dazwischen. Dejan verbrachte jedes Wochenende auf Tournee in Clubs in ganz Europa. In seiner erfolgreichen Karriere spielte er mittlerweile alle wichtigen Veranstaltungen, von Festivals wie EXIT Festival (SRB), Kazantip (Ue), Dance Valley (NL), Monegros (ESP), Awakenings (NL), Sonus Festival (CRO), MayDay (HU), Tommorowland (Bel), ADE (NL), Sonar Festival (ESP) an die Klubs Tresor (GER), Raw 14 (ESP), Fabrik Madrid (ESP), Industrial Copera (ESP), Circuito (Brasilien), Ambasada Gavioli (SLO), Hristo Botev (BG), Kristal Mamaia (RO), Das Ei London (UK). Wenn es um Dejans Produktion geht, wurde seine Musik auf vielen Labels ver\u00f6ffentlicht: Plastic City, Suara, Liebe Detail, Nachtlicht, Abyss, Factomania, Naked Lunch.<\/p>\n<p>Sein Musikstil ist eine Mischung aus House und Techno mit dem Geschmack einer langen und erfahrenen Karriere.<br \/>\nDas neue Album &#8222;Summation&#8220; ist jetzt auf dem ber\u00fchmten deutschen Label Plastic City erschienen und hat bereits tolle R\u00fcckmeldungen von anderen Produzenten und DJs bekommen. Das Album ist in allen wichtigen Online-Musikgesch\u00e4ften erh\u00e4ltlich.<\/p>\n<p><a class=\"\" href=\"http:\/\/www.facebook.com\/plasticcity.de\/?fref=ts\" target=\"_blank\" rel=\"noopener\">https:\/\/www.facebook.com\/plasticcity.de<br \/>\nhttps:\/\/www.facebook.com\/dejanmilicevic<br \/>\n<\/a><br \/>\n<a href=\"https:\/\/itunes.apple.com\/de\/album\/summation\/id1213162016?ign-mpt=uo%3D4#\">Download from iTunes<\/a><br \/>\n<a href=\"https:\/\/www.beatport.com\/release\/summation\/1974390\">Download from Beatport<\/a><br \/>\n<a href=\"https:\/\/play.google.com\/store\/music\/album\/Dejan_Milicevic_Summation?id=Bonmsxs6m2edwr5rstuphvhn75e&amp;hl=de\">Download from Google Play<\/a><br \/>\n<a href=\"https:\/\/www.amazon.de\/Summation-Dejan-Milicevic\/dp\/B06XGT6TPT\">Download from Amazon<\/a><br \/>\n<a href=\"http:\/\/www.junodownload.com\/products\/dejan-milicevic-summation\/3364957-02\/\">Download from Juno<\/a><br \/>\n<a href=\" http:\/\/www.traxsource.com\/title\/771923\/Summation\">Download from Traxsource<\/a><\/p>\n<p>&nbsp;<\/p>\n","protected":false},"excerpt":{"rendered":"<p>Als Teil der KneDeep-Familie spielte er inzwischen bei allen wichtigen internationalen Events und Festivals und mit Studio-Zeit dazwischen. Dejan verbrachte jedes Wochenende auf Tournee in Clubs in ganz Europa. In seiner erfolgreichen Karriere spielte er mittlerweile alle wichtigen Veranstaltungen, von Festivals wie EXIT Festival (SRB), Kazantip (Ue), Dance Valley (NL), Monegros (ESP), Awakenings (NL), Sonus&hellip;<\/p>\n","protected":false},"author":2,"featured_media":13005,"comment_status":"closed","ping_status":"closed","sticky":false,"template":"","format":"standard","meta":{"_acf_changed":false,"footnotes":""},"categories":[9,13,802],"tags":[2820,2298,2947,3109,2856,2303,2948,2307],"class_list":["post-10141","post","type-post","status-publish","format-standard","has-post-thumbnail","hentry","category-musik","category-news","category-plastic-city","tag-album","tag-deep-house","tag-dejan-milicevic","tag-house","tag-music","tag-plastic-city","tag-summation","tag-tech-house","category-9","category-13","category-802","description-off"],"acf":[],"yoast_head":"<!-- This site is optimized with the Yoast SEO plugin v27.5 - https:\/\/yoast.com\/product\/yoast-seo-wordpress\/ -->\n<title>Neues Album von Dejan Milicevic: &quot;Summation&quot; (Plastic City) - UCM.ONE<\/title>\n<meta name=\"robots\" content=\"index, follow, max-snippet:-1, max-image-preview:large, max-video-preview:-1\" \/>\n<link rel=\"canonical\" href=\"https:\/\/ucm.one\/de\/neues-album-von-dejan-milicevic-summation-plastic-city\/\" \/>\n<meta property=\"og:locale\" content=\"de_DE\" \/>\n<meta property=\"og:type\" content=\"article\" \/>\n<meta property=\"og:title\" content=\"Neues Album von Dejan Milicevic: &quot;Summation&quot; (Plastic City) - UCM.ONE\" \/>\n<meta property=\"og:description\" content=\"Als Teil der KneDeep-Familie spielte er inzwischen bei allen wichtigen internationalen Events und Festivals und mit Studio-Zeit dazwischen. Dejan verbrachte jedes Wochenende auf Tournee in Clubs in ganz Europa. In seiner erfolgreichen Karriere spielte er mittlerweile alle wichtigen Veranstaltungen, von Festivals wie EXIT Festival (SRB), Kazantip (Ue), Dance Valley (NL), Monegros (ESP), Awakenings (NL), Sonus&hellip;\" \/>\n<meta property=\"og:url\" content=\"https:\/\/ucm.one\/de\/neues-album-von-dejan-milicevic-summation-plastic-city\/\" \/>\n<meta property=\"og:site_name\" content=\"UCM.ONE\" \/>\n<meta property=\"article:published_time\" content=\"2017-03-31T10:45:55+00:00\" \/>\n<meta property=\"article:modified_time\" content=\"2018-08-17T11:38:26+00:00\" \/>\n<meta property=\"og:image\" content=\"https:\/\/ucm.one\/wp-content\/uploads\/2017\/03\/B-Dejan-Milicevic.jpg\" \/>\n\t<meta property=\"og:image:width\" content=\"1920\" \/>\n\t<meta property=\"og:image:height\" content=\"600\" \/>\n\t<meta property=\"og:image:type\" content=\"image\/jpeg\" \/>\n<meta name=\"author\" content=\"Joachim Keil\" \/>\n<meta name=\"twitter:card\" content=\"summary_large_image\" \/>\n<meta name=\"twitter:label1\" content=\"Verfasst von\" \/>\n\t<meta name=\"twitter:data1\" content=\"Joachim Keil\" \/>\n\t<meta name=\"twitter:label2\" content=\"Gesch\u00e4tzte Lesezeit\" \/>\n\t<meta name=\"twitter:data2\" content=\"1\u00a0Minute\" \/>\n<!-- \/ Yoast SEO plugin. -->","yoast_head_json":{"title":"Neues Album von Dejan Milicevic: \"Summation\" (Plastic City) - UCM.ONE","robots":{"index":"index","follow":"follow","max-snippet":"max-snippet:-1","max-image-preview":"max-image-preview:large","max-video-preview":"max-video-preview:-1"},"canonical":"https:\/\/ucm.one\/de\/neues-album-von-dejan-milicevic-summation-plastic-city\/","og_locale":"de_DE","og_type":"article","og_title":"Neues Album von Dejan Milicevic: \"Summation\" (Plastic City) - UCM.ONE","og_description":"Als Teil der KneDeep-Familie spielte er inzwischen bei allen wichtigen internationalen Events und Festivals und mit Studio-Zeit dazwischen. Dejan verbrachte jedes Wochenende auf Tournee in Clubs in ganz Europa. In seiner erfolgreichen Karriere spielte er mittlerweile alle wichtigen Veranstaltungen, von Festivals wie EXIT Festival (SRB), Kazantip (Ue), Dance Valley (NL), Monegros (ESP), Awakenings (NL), Sonus&hellip;","og_url":"https:\/\/ucm.one\/de\/neues-album-von-dejan-milicevic-summation-plastic-city\/","og_site_name":"UCM.ONE","article_published_time":"2017-03-31T10:45:55+00:00","article_modified_time":"2018-08-17T11:38:26+00:00","og_image":[{"width":1920,"height":600,"url":"https:\/\/ucm.one\/wp-content\/uploads\/2017\/03\/B-Dejan-Milicevic.jpg","type":"image\/jpeg"}],"author":"Joachim Keil","twitter_card":"summary_large_image","twitter_misc":{"Verfasst von":"Joachim Keil","Gesch\u00e4tzte Lesezeit":"1\u00a0Minute"},"schema":{"@context":"https:\/\/schema.org","@graph":[{"@type":"Article","@id":"https:\/\/ucm.one\/de\/neues-album-von-dejan-milicevic-summation-plastic-city\/#article","isPartOf":{"@id":"https:\/\/ucm.one\/de\/neues-album-von-dejan-milicevic-summation-plastic-city\/"},"author":{"name":"Joachim Keil","@id":"https:\/\/ucm.one\/de\/#\/schema\/person\/4b959e467e8acc058836467a0ef8fa50"},"headline":"Neues Album von Dejan Milicevic: &#8222;Summation&#8220; (Plastic City)","datePublished":"2017-03-31T10:45:55+00:00","dateModified":"2018-08-17T11:38:26+00:00","mainEntityOfPage":{"@id":"https:\/\/ucm.one\/de\/neues-album-von-dejan-milicevic-summation-plastic-city\/"},"wordCount":211,"publisher":{"@id":"https:\/\/ucm.one\/de\/#organization"},"image":{"@id":"https:\/\/ucm.one\/de\/neues-album-von-dejan-milicevic-summation-plastic-city\/#primaryimage"},"thumbnailUrl":"https:\/\/ucm.one\/wp-content\/uploads\/2017\/03\/B-Dejan-Milicevic.jpg","keywords":["Album","Deep House","Dejan Milicevic","House","Music","Plastic City","Summation","Tech-House"],"articleSection":["Musik","News","Plastic City"],"inLanguage":"de"},{"@type":"WebPage","@id":"https:\/\/ucm.one\/de\/neues-album-von-dejan-milicevic-summation-plastic-city\/","url":"https:\/\/ucm.one\/de\/neues-album-von-dejan-milicevic-summation-plastic-city\/","name":"Neues Album von Dejan Milicevic: \"Summation\" (Plastic City) - UCM.ONE","isPartOf":{"@id":"https:\/\/ucm.one\/de\/#website"},"primaryImageOfPage":{"@id":"https:\/\/ucm.one\/de\/neues-album-von-dejan-milicevic-summation-plastic-city\/#primaryimage"},"image":{"@id":"https:\/\/ucm.one\/de\/neues-album-von-dejan-milicevic-summation-plastic-city\/#primaryimage"},"thumbnailUrl":"https:\/\/ucm.one\/wp-content\/uploads\/2017\/03\/B-Dejan-Milicevic.jpg","datePublished":"2017-03-31T10:45:55+00:00","dateModified":"2018-08-17T11:38:26+00:00","breadcrumb":{"@id":"https:\/\/ucm.one\/de\/neues-album-von-dejan-milicevic-summation-plastic-city\/#breadcrumb"},"inLanguage":"de","potentialAction":[{"@type":"ReadAction","target":["https:\/\/ucm.one\/de\/neues-album-von-dejan-milicevic-summation-plastic-city\/"]}]},{"@type":"ImageObject","inLanguage":"de","@id":"https:\/\/ucm.one\/de\/neues-album-von-dejan-milicevic-summation-plastic-city\/#primaryimage","url":"https:\/\/ucm.one\/wp-content\/uploads\/2017\/03\/B-Dejan-Milicevic.jpg","contentUrl":"https:\/\/ucm.one\/wp-content\/uploads\/2017\/03\/B-Dejan-Milicevic.jpg","width":1920,"height":600},{"@type":"BreadcrumbList","@id":"https:\/\/ucm.one\/de\/neues-album-von-dejan-milicevic-summation-plastic-city\/#breadcrumb","itemListElement":[{"@type":"ListItem","position":1,"name":"Home","item":"https:\/\/ucm.one\/de\/"},{"@type":"ListItem","position":2,"name":"Neues Album von Dejan Milicevic: &#8220;Summation&#8221; (Plastic City)"}]},{"@type":"WebSite","@id":"https:\/\/ucm.one\/de\/#website","url":"https:\/\/ucm.one\/de\/","name":"UCM.ONE","description":"","publisher":{"@id":"https:\/\/ucm.one\/de\/#organization"},"potentialAction":[{"@type":"SearchAction","target":{"@type":"EntryPoint","urlTemplate":"https:\/\/ucm.one\/de\/?s={search_term_string}"},"query-input":{"@type":"PropertyValueSpecification","valueRequired":true,"valueName":"search_term_string"}}],"inLanguage":"de"},{"@type":"Organization","@id":"https:\/\/ucm.one\/de\/#organization","name":"UCM.ONE","url":"https:\/\/ucm.one\/de\/","logo":{"@type":"ImageObject","inLanguage":"de","@id":"https:\/\/ucm.one\/de\/#\/schema\/logo\/image\/","url":"https:\/\/ucm.one\/wp-content\/uploads\/2019\/10\/UCM.ONE-Logo-RGB.svg","contentUrl":"https:\/\/ucm.one\/wp-content\/uploads\/2019\/10\/UCM.ONE-Logo-RGB.svg","width":1,"height":1,"caption":"UCM.ONE"},"image":{"@id":"https:\/\/ucm.one\/de\/#\/schema\/logo\/image\/"}},{"@type":"Person","@id":"https:\/\/ucm.one\/de\/#\/schema\/person\/4b959e467e8acc058836467a0ef8fa50","name":"Joachim Keil","image":{"@type":"ImageObject","inLanguage":"de","@id":"https:\/\/secure.gravatar.com\/avatar\/10e1dfd05f2a7a7bc83cd44bae31e01c8ac15f974229211a2b1a49fa0a22fec0?s=96&d=mm&r=g","url":"https:\/\/secure.gravatar.com\/avatar\/10e1dfd05f2a7a7bc83cd44bae31e01c8ac15f974229211a2b1a49fa0a22fec0?s=96&d=mm&r=g","contentUrl":"https:\/\/secure.gravatar.com\/avatar\/10e1dfd05f2a7a7bc83cd44bae31e01c8ac15f974229211a2b1a49fa0a22fec0?s=96&d=mm&r=g","caption":"Joachim Keil"},"sameAs":["https:\/\/ucm.one"]}]}},"_links":{"self":[{"href":"https:\/\/ucm.one\/de\/wp-json\/wp\/v2\/posts\/10141","targetHints":{"allow":["GET"]}}],"collection":[{"href":"https:\/\/ucm.one\/de\/wp-json\/wp\/v2\/posts"}],"about":[{"href":"https:\/\/ucm.one\/de\/wp-json\/wp\/v2\/types\/post"}],"author":[{"embeddable":true,"href":"https:\/\/ucm.one\/de\/wp-json\/wp\/v2\/users\/2"}],"replies":[{"embeddable":true,"href":"https:\/\/ucm.one\/de\/wp-json\/wp\/v2\/comments?post=10141"}],"version-history":[{"count":0,"href":"https:\/\/ucm.one\/de\/wp-json\/wp\/v2\/posts\/10141\/revisions"}],"wp:featuredmedia":[{"embeddable":true,"href":"https:\/\/ucm.one\/de\/wp-json\/wp\/v2\/media\/13005"}],"wp:attachment":[{"href":"https:\/\/ucm.one\/de\/wp-json\/wp\/v2\/media?parent=10141"}],"wp:term":[{"taxonomy":"category","embeddable":true,"href":"https:\/\/ucm.one\/de\/wp-json\/wp\/v2\/categories?post=10141"},{"taxonomy":"post_tag","embeddable":true,"href":"https:\/\/ucm.one\/de\/wp-json\/wp\/v2\/tags?post=10141"}],"curies":[{"name":"wp","href":"https:\/\/api.w.org\/{rel}","templated":true}]}}