{"id":10140,"date":"2017-02-24T11:57:46","date_gmt":"2017-02-24T11:57:46","guid":{"rendered":"https:\/\/ucm.one\/out-now-wir-sind-die-flut-we-are-the-tide-on-dvd-and-vod\/"},"modified":"2018-08-17T11:41:12","modified_gmt":"2018-08-17T11:41:12","slug":"jetzt-erhaeltlich-wir-sind-die-flut-we-are-the-tide-auf-dvd-und-bei-vod-portalen","status":"publish","type":"post","link":"https:\/\/ucm.one\/de\/jetzt-erhaeltlich-wir-sind-die-flut-we-are-the-tide-auf-dvd-und-bei-vod-portalen\/","title":{"rendered":"Jetzt erh\u00e4ltlich: &#8222;Wir sind die Flut&#8220; (&#8222;We are the tide&#8220;) auf DVD und bei VoD-Portalen"},"content":{"rendered":"<div class=\"wpb-content-wrapper\"><p>[vc_row][vc_column][vc_column_text]An der K\u00fcste von Windholm ist eines Morgens vor 15 Jahren der Ozean einfach verschwunden. Seitdem hat die Leere Fragen und \u00c4ngste aufgeworfen. Die Ursache des Ph\u00e4nomens bleibt unklar. Mit einer neuen Theorie ist der Physiker Micha (28) einer von vielen jungen Wissenschaftlern, die versuchen, eines der seltenen Stipendien seiner Universit\u00e4t zu ergattern, um die Ph\u00e4nomene zu erforschen. Nach den vielen Jahren der Arbeit, die er in das Projekt gesteckt hat, muss er wieder sehen, wie eine k\u00fchne Idee an den T\u00fcren des antiquierten Establishments endet &#8211; er erh\u00e4lt eine Absage.<\/p>\n<p>Zur gleichen Zeit taucht Jana (31), Tochter des Chefs des Instituts und ehemalige Kollegin von Micha, wieder an der Universit\u00e4t auf. Das macht Micha die Situation nicht leichter. Vor einem Jahr hat sie ihn und das Projekt verlassen und ist nach Portugal gerannt. Jana ist nun zur\u00fcckgekehrt, um ihrer wissenschaftlichen Karriere ein Ende zu setzen &#8211; aber da ist noch etwas: Jana muss etwas mit Micha kl\u00e4ren. Als Micha beschlie\u00dft, die Reise nach Windholm zu unternehmen, um seine Hypothese trotz der Ablehnung und ohne offizielle Erlaubnis zu beweisen, schlie\u00dft sie sich ihm an.[\/vc_column_text][vc_column_text]<img decoding=\"async\" class=\"alignnone size-full wp-image-14630\" src=\"https:\/\/ucm.one\/wp-content\/uploads\/2017\/02\/B-Wir-sind-die-Flut-1805.jpg\" alt=\"\" width=\"1920\" height=\"600\" srcset=\"https:\/\/ucm.one\/wp-content\/uploads\/2017\/02\/B-Wir-sind-die-Flut-1805.jpg 1920w, https:\/\/ucm.one\/wp-content\/uploads\/2017\/02\/B-Wir-sind-die-Flut-1805-300x94.jpg 300w, https:\/\/ucm.one\/wp-content\/uploads\/2017\/02\/B-Wir-sind-die-Flut-1805-600x188.jpg 600w, https:\/\/ucm.one\/wp-content\/uploads\/2017\/02\/B-Wir-sind-die-Flut-1805-768x240.jpg 768w, https:\/\/ucm.one\/wp-content\/uploads\/2017\/02\/B-Wir-sind-die-Flut-1805-1024x320.jpg 1024w\" sizes=\"(max-width: 1920px) 100vw, 1920px\" \/>[\/vc_column_text][vc_column_text]In Windholm sehen sich die jungen Wissenschaftler mit den \u00dcberresten einer Dorfgemeinschaft konfrontiert, die ihr Trauma nie \u00fcberwinden konnte. An dem Tag, an dem der Ozean verschwand &#8211; auch alle Kinder aus dem Dorf. Aber haben die Kinder an diesem Tag wirklich ertrunken? Ihre K\u00f6rper wurden nie gefunden. Micha klammert sich an das rationale Denken und nur das wissenschaftliche Ph\u00e4nomen ist von Interesse. Aber da seine Messungen l\u00e4nger dauern als geplant, zieht ihn das Dorf immer tiefer in seinen Bann. Micha trifft Hanna (19) das einzige verbleibende Kind. Sie versucht, das vernachl\u00e4ssigte \u00f6ffentliche Schwimmbad wieder aufzubauen, f\u00fchrt Touristen durch das Dorf und ist \u00fcberzeugt, dass die Kinder noch irgendwo da drau\u00dfen sind. Jana ist der Meinung, dass es kein Zufall ist, dass Micha und sie zu diesem Ort gef\u00fchrt wurden.<\/p>\n<p>Verlassene H\u00e4user und Spielpl\u00e4tze, ein kleiner Fu\u00dfabdruck auf dem leeren Grund des Ozeans, der Raum eines Jungen, der davon tr\u00e4umte, Astronaut zu werden &#8211; hier m\u00fcssen sich Micha und Jana mit ihrer eigenen Vergangenheit und einem Verlust arrangieren.<\/p>\n<p>Regie f\u00fchrte <strong>Sebastian Hilger<\/strong>, geschrieben von <strong>Nadine Gottmann<\/strong>, mit <strong>Max Mauff<\/strong> (&#8222;Victoria&#8220;), <strong>Lana Cooper<\/strong> (&#8222;Love Steaks&#8220;, &#8222;Beat Beat Heart&#8220;) und <strong>Swantje Kohlhof<\/strong>.[\/vc_column_text][\/vc_column][\/vc_row][vc_row][vc_column][vc_video link=&#8220;https:\/\/www.youtube.com\/embed\/E6CDDDlnis8&#8243;][\/vc_column][\/vc_row]<\/p>\n<\/div>","protected":false},"excerpt":{"rendered":"<p>[vc_row][vc_column][vc_column_text]An der K\u00fcste von Windholm ist eines Morgens vor 15 Jahren der Ozean einfach verschwunden. Seitdem hat die Leere Fragen und \u00c4ngste aufgeworfen. Die Ursache des Ph\u00e4nomens bleibt unklar. Mit einer neuen Theorie ist der Physiker Micha (28) einer von vielen jungen Wissenschaftlern, die versuchen, eines der seltenen Stipendien seiner Universit\u00e4t zu ergattern, um die&hellip;<\/p>\n","protected":false},"author":2,"featured_media":13015,"comment_status":"closed","ping_status":"closed","sticky":false,"template":"","format":"standard","meta":{"_acf_changed":false,"footnotes":""},"categories":[830,8,10,13,752],"tags":[2393,2394,2962,2261,2395,2266,2396,2397,2704,2398,2399,2400,2401,2402,2404,2372,2405,2406,2407,2408,2409,2410,2411,2960,2413,2414,2415,3011,2416,2417,2418,2961,2419,2420],"class_list":["post-10140","post","type-post","status-publish","format-standard","has-post-thumbnail","hentry","category-darling-berlin","category-film","category-kino","category-news","category-verleih","tag-alexander-jozifek","tag-anna-wendt","tag-arthouse","tag-berlin","tag-bernd-rabehl","tag-darling-berlin","tag-edgar-derzian","tag-fabian-winkelmann","tag-film","tag-frederike-bohr","tag-gro-swantje-kohlhof","tag-guido-struck","tag-hede-beck","tag-hildegard-schroedter","tag-johannes-jancke","tag-lana-cooper","tag-lasse-scharpen","tag-marcell-kaiser","tag-max-herbrechter","tag-max-mauff","tag-michael-epp","tag-mikke-emil-rasch","tag-monika-schueler","tag-nadine-gottmann","tag-olav-dennhoven","tag-roland-koch","tag-sebastian-hilger","tag-swantje-kohlhof","tag-theresa-sophie-leopold","tag-tim-kalkhof","tag-ulrike-huebschmann","tag-victoria","tag-waldemar-hooge","tag-wir-sind-die-flut","category-830","category-8","category-10","category-13","category-752","description-off"],"acf":[],"yoast_head":"<!-- This site is optimized with the Yoast SEO plugin v27.5 - https:\/\/yoast.com\/product\/yoast-seo-wordpress\/ -->\n<title>Jetzt erh\u00e4ltlich: &quot;Wir sind die Flut&quot; (&quot;We are the tide&quot;) auf DVD und bei VoD-Portalen - UCM.ONE<\/title>\n<meta name=\"robots\" content=\"index, follow, max-snippet:-1, max-image-preview:large, max-video-preview:-1\" \/>\n<link rel=\"canonical\" href=\"https:\/\/ucm.one\/de\/jetzt-erhaeltlich-wir-sind-die-flut-we-are-the-tide-auf-dvd-und-bei-vod-portalen\/\" \/>\n<meta property=\"og:locale\" content=\"de_DE\" \/>\n<meta property=\"og:type\" content=\"article\" \/>\n<meta property=\"og:title\" content=\"Jetzt erh\u00e4ltlich: &quot;Wir sind die Flut&quot; (&quot;We are the tide&quot;) auf DVD und bei VoD-Portalen - UCM.ONE\" \/>\n<meta property=\"og:description\" content=\"[vc_row][vc_column][vc_column_text]An der K\u00fcste von Windholm ist eines Morgens vor 15 Jahren der Ozean einfach verschwunden. Seitdem hat die Leere Fragen und \u00c4ngste aufgeworfen. Die Ursache des Ph\u00e4nomens bleibt unklar. Mit einer neuen Theorie ist der Physiker Micha (28) einer von vielen jungen Wissenschaftlern, die versuchen, eines der seltenen Stipendien seiner Universit\u00e4t zu ergattern, um die&hellip;\" \/>\n<meta property=\"og:url\" content=\"https:\/\/ucm.one\/de\/jetzt-erhaeltlich-wir-sind-die-flut-we-are-the-tide-auf-dvd-und-bei-vod-portalen\/\" \/>\n<meta property=\"og:site_name\" content=\"UCM.ONE\" \/>\n<meta property=\"article:published_time\" content=\"2017-02-24T11:57:46+00:00\" \/>\n<meta property=\"article:modified_time\" content=\"2018-08-17T11:41:12+00:00\" \/>\n<meta property=\"og:image\" content=\"https:\/\/ucm.one\/wp-content\/uploads\/2017\/02\/B-Beat-Beat-Heart-19.jpg\" \/>\n\t<meta property=\"og:image:width\" content=\"1920\" \/>\n\t<meta property=\"og:image:height\" content=\"600\" \/>\n\t<meta property=\"og:image:type\" content=\"image\/jpeg\" \/>\n<meta name=\"author\" content=\"Joachim Keil\" \/>\n<meta name=\"twitter:card\" content=\"summary_large_image\" \/>\n<meta name=\"twitter:label1\" content=\"Verfasst von\" \/>\n\t<meta name=\"twitter:data1\" content=\"Joachim Keil\" \/>\n\t<meta name=\"twitter:label2\" content=\"Gesch\u00e4tzte Lesezeit\" \/>\n\t<meta name=\"twitter:data2\" content=\"2\u00a0Minuten\" \/>\n<!-- \/ Yoast SEO plugin. -->","yoast_head_json":{"title":"Jetzt erh\u00e4ltlich: \"Wir sind die Flut\" (\"We are the tide\") auf DVD und bei VoD-Portalen - UCM.ONE","robots":{"index":"index","follow":"follow","max-snippet":"max-snippet:-1","max-image-preview":"max-image-preview:large","max-video-preview":"max-video-preview:-1"},"canonical":"https:\/\/ucm.one\/de\/jetzt-erhaeltlich-wir-sind-die-flut-we-are-the-tide-auf-dvd-und-bei-vod-portalen\/","og_locale":"de_DE","og_type":"article","og_title":"Jetzt erh\u00e4ltlich: \"Wir sind die Flut\" (\"We are the tide\") auf DVD und bei VoD-Portalen - UCM.ONE","og_description":"[vc_row][vc_column][vc_column_text]An der K\u00fcste von Windholm ist eines Morgens vor 15 Jahren der Ozean einfach verschwunden. Seitdem hat die Leere Fragen und \u00c4ngste aufgeworfen. Die Ursache des Ph\u00e4nomens bleibt unklar. Mit einer neuen Theorie ist der Physiker Micha (28) einer von vielen jungen Wissenschaftlern, die versuchen, eines der seltenen Stipendien seiner Universit\u00e4t zu ergattern, um die&hellip;","og_url":"https:\/\/ucm.one\/de\/jetzt-erhaeltlich-wir-sind-die-flut-we-are-the-tide-auf-dvd-und-bei-vod-portalen\/","og_site_name":"UCM.ONE","article_published_time":"2017-02-24T11:57:46+00:00","article_modified_time":"2018-08-17T11:41:12+00:00","og_image":[{"width":1920,"height":600,"url":"https:\/\/ucm.one\/wp-content\/uploads\/2017\/02\/B-Beat-Beat-Heart-19.jpg","type":"image\/jpeg"}],"author":"Joachim Keil","twitter_card":"summary_large_image","twitter_misc":{"Verfasst von":"Joachim Keil","Gesch\u00e4tzte Lesezeit":"2\u00a0Minuten"},"schema":{"@context":"https:\/\/schema.org","@graph":[{"@type":"Article","@id":"https:\/\/ucm.one\/de\/jetzt-erhaeltlich-wir-sind-die-flut-we-are-the-tide-auf-dvd-und-bei-vod-portalen\/#article","isPartOf":{"@id":"https:\/\/ucm.one\/de\/jetzt-erhaeltlich-wir-sind-die-flut-we-are-the-tide-auf-dvd-und-bei-vod-portalen\/"},"author":{"name":"Joachim Keil","@id":"https:\/\/ucm.one\/de\/#\/schema\/person\/4b959e467e8acc058836467a0ef8fa50"},"headline":"Jetzt erh\u00e4ltlich: &#8222;Wir sind die Flut&#8220; (&#8222;We are the tide&#8220;) auf DVD und bei VoD-Portalen","datePublished":"2017-02-24T11:57:46+00:00","dateModified":"2018-08-17T11:41:12+00:00","mainEntityOfPage":{"@id":"https:\/\/ucm.one\/de\/jetzt-erhaeltlich-wir-sind-die-flut-we-are-the-tide-auf-dvd-und-bei-vod-portalen\/"},"wordCount":455,"publisher":{"@id":"https:\/\/ucm.one\/de\/#organization"},"image":{"@id":"https:\/\/ucm.one\/de\/jetzt-erhaeltlich-wir-sind-die-flut-we-are-the-tide-auf-dvd-und-bei-vod-portalen\/#primaryimage"},"thumbnailUrl":"https:\/\/ucm.one\/wp-content\/uploads\/2017\/02\/B-Beat-Beat-Heart-19.jpg","keywords":["Alexander Jozifek","Anna Wendt","Arthouse","Berlin","Bernd Rabehl","Darling Berlin","Edgar Derzian","Fabian Winkelmann","Film","Frederike Bohr","Gro Swantje Kohlhof","Guido Struck","Hede Beck","Hildegard Schroedter","Johannes Jancke","Lana Cooper","Lasse Scharpen","Marcell Kaiser","Max Herbrechter","Max Mauff","Michael Epp","Mikke Emil Rasch","Monika Sch\u00fcler","Nadine Gottmann","Olav Dennhoven","Roland Koch","Sebastian Hilger","Swantje Kohlhof","Theresa Sophie Leopold","Tim Kalkhof","Ulrike H\u00fcbschmann","Victoria","Waldemar Hooge","Wir sind die Flut"],"articleSection":["Darling Berlin","Film","Kino","News","Verleih"],"inLanguage":"de"},{"@type":"WebPage","@id":"https:\/\/ucm.one\/de\/jetzt-erhaeltlich-wir-sind-die-flut-we-are-the-tide-auf-dvd-und-bei-vod-portalen\/","url":"https:\/\/ucm.one\/de\/jetzt-erhaeltlich-wir-sind-die-flut-we-are-the-tide-auf-dvd-und-bei-vod-portalen\/","name":"Jetzt erh\u00e4ltlich: \"Wir sind die Flut\" (\"We are the tide\") auf DVD und bei VoD-Portalen - UCM.ONE","isPartOf":{"@id":"https:\/\/ucm.one\/de\/#website"},"primaryImageOfPage":{"@id":"https:\/\/ucm.one\/de\/jetzt-erhaeltlich-wir-sind-die-flut-we-are-the-tide-auf-dvd-und-bei-vod-portalen\/#primaryimage"},"image":{"@id":"https:\/\/ucm.one\/de\/jetzt-erhaeltlich-wir-sind-die-flut-we-are-the-tide-auf-dvd-und-bei-vod-portalen\/#primaryimage"},"thumbnailUrl":"https:\/\/ucm.one\/wp-content\/uploads\/2017\/02\/B-Beat-Beat-Heart-19.jpg","datePublished":"2017-02-24T11:57:46+00:00","dateModified":"2018-08-17T11:41:12+00:00","breadcrumb":{"@id":"https:\/\/ucm.one\/de\/jetzt-erhaeltlich-wir-sind-die-flut-we-are-the-tide-auf-dvd-und-bei-vod-portalen\/#breadcrumb"},"inLanguage":"de","potentialAction":[{"@type":"ReadAction","target":["https:\/\/ucm.one\/de\/jetzt-erhaeltlich-wir-sind-die-flut-we-are-the-tide-auf-dvd-und-bei-vod-portalen\/"]}]},{"@type":"ImageObject","inLanguage":"de","@id":"https:\/\/ucm.one\/de\/jetzt-erhaeltlich-wir-sind-die-flut-we-are-the-tide-auf-dvd-und-bei-vod-portalen\/#primaryimage","url":"https:\/\/ucm.one\/wp-content\/uploads\/2017\/02\/B-Beat-Beat-Heart-19.jpg","contentUrl":"https:\/\/ucm.one\/wp-content\/uploads\/2017\/02\/B-Beat-Beat-Heart-19.jpg","width":1920,"height":600},{"@type":"BreadcrumbList","@id":"https:\/\/ucm.one\/de\/jetzt-erhaeltlich-wir-sind-die-flut-we-are-the-tide-auf-dvd-und-bei-vod-portalen\/#breadcrumb","itemListElement":[{"@type":"ListItem","position":1,"name":"Home","item":"https:\/\/ucm.one\/de\/"},{"@type":"ListItem","position":2,"name":"Jetzt erh\u00e4ltlich: &#8222;Wir sind die Flut&#8220; (&#8222;We are the tide&#8220;) auf DVD und bei VoD-Portalen"}]},{"@type":"WebSite","@id":"https:\/\/ucm.one\/de\/#website","url":"https:\/\/ucm.one\/de\/","name":"UCM.ONE","description":"","publisher":{"@id":"https:\/\/ucm.one\/de\/#organization"},"potentialAction":[{"@type":"SearchAction","target":{"@type":"EntryPoint","urlTemplate":"https:\/\/ucm.one\/de\/?s={search_term_string}"},"query-input":{"@type":"PropertyValueSpecification","valueRequired":true,"valueName":"search_term_string"}}],"inLanguage":"de"},{"@type":"Organization","@id":"https:\/\/ucm.one\/de\/#organization","name":"UCM.ONE","url":"https:\/\/ucm.one\/de\/","logo":{"@type":"ImageObject","inLanguage":"de","@id":"https:\/\/ucm.one\/de\/#\/schema\/logo\/image\/","url":"https:\/\/ucm.one\/wp-content\/uploads\/2019\/10\/UCM.ONE-Logo-RGB.svg","contentUrl":"https:\/\/ucm.one\/wp-content\/uploads\/2019\/10\/UCM.ONE-Logo-RGB.svg","width":1,"height":1,"caption":"UCM.ONE"},"image":{"@id":"https:\/\/ucm.one\/de\/#\/schema\/logo\/image\/"}},{"@type":"Person","@id":"https:\/\/ucm.one\/de\/#\/schema\/person\/4b959e467e8acc058836467a0ef8fa50","name":"Joachim Keil","image":{"@type":"ImageObject","inLanguage":"de","@id":"https:\/\/secure.gravatar.com\/avatar\/10e1dfd05f2a7a7bc83cd44bae31e01c8ac15f974229211a2b1a49fa0a22fec0?s=96&d=mm&r=g","url":"https:\/\/secure.gravatar.com\/avatar\/10e1dfd05f2a7a7bc83cd44bae31e01c8ac15f974229211a2b1a49fa0a22fec0?s=96&d=mm&r=g","contentUrl":"https:\/\/secure.gravatar.com\/avatar\/10e1dfd05f2a7a7bc83cd44bae31e01c8ac15f974229211a2b1a49fa0a22fec0?s=96&d=mm&r=g","caption":"Joachim Keil"},"sameAs":["https:\/\/ucm.one"]}]}},"_links":{"self":[{"href":"https:\/\/ucm.one\/de\/wp-json\/wp\/v2\/posts\/10140","targetHints":{"allow":["GET"]}}],"collection":[{"href":"https:\/\/ucm.one\/de\/wp-json\/wp\/v2\/posts"}],"about":[{"href":"https:\/\/ucm.one\/de\/wp-json\/wp\/v2\/types\/post"}],"author":[{"embeddable":true,"href":"https:\/\/ucm.one\/de\/wp-json\/wp\/v2\/users\/2"}],"replies":[{"embeddable":true,"href":"https:\/\/ucm.one\/de\/wp-json\/wp\/v2\/comments?post=10140"}],"version-history":[{"count":0,"href":"https:\/\/ucm.one\/de\/wp-json\/wp\/v2\/posts\/10140\/revisions"}],"wp:featuredmedia":[{"embeddable":true,"href":"https:\/\/ucm.one\/de\/wp-json\/wp\/v2\/media\/13015"}],"wp:attachment":[{"href":"https:\/\/ucm.one\/de\/wp-json\/wp\/v2\/media?parent=10140"}],"wp:term":[{"taxonomy":"category","embeddable":true,"href":"https:\/\/ucm.one\/de\/wp-json\/wp\/v2\/categories?post=10140"},{"taxonomy":"post_tag","embeddable":true,"href":"https:\/\/ucm.one\/de\/wp-json\/wp\/v2\/tags?post=10140"}],"curies":[{"name":"wp","href":"https:\/\/api.w.org\/{rel}","templated":true}]}}