{"id":10125,"date":"2017-02-24T11:32:41","date_gmt":"2017-02-24T11:32:41","guid":{"rendered":"https:\/\/ucm.one\/schwarzer-panther\/"},"modified":"2019-08-07T07:33:20","modified_gmt":"2019-08-07T07:33:20","slug":"schwarzer-panther-auf-dvd-und-bei-vod-portalen-jetzt-erhaeltlich","status":"publish","type":"post","link":"https:\/\/ucm.one\/de\/schwarzer-panther-auf-dvd-und-bei-vod-portalen-jetzt-erhaeltlich\/","title":{"rendered":"&#8222;Schwarzer Panther&#8220; auf DVD und bei VoD-Portalen jetzt erh\u00e4ltlich"},"content":{"rendered":"<div class=\"wpb-content-wrapper\"><p>[vc_row][vc_column][vc_column_text]<a href=\"https:\/\/ucm.one\/wp-content\/uploads\/sites\/5\/2017\/03\/Schwarzer-Panther-DVD.jpg\"><img decoding=\"async\" class=\" wp-image-8477 alignright\" src=\"https:\/\/ucm.one\/wp-content\/uploads\/sites\/5\/2017\/03\/Schwarzer-Panther-DVD.jpg\" alt=\"Schwarzer-Panther-DVD\" width=\"188\" height=\"255\" \/><\/a><\/p>\n<p>Nach Jahren trifft Emilie (26) ihren Bruder Jakob (22). Mit ihm teilt sie nicht nur den Verlust der Eltern, sondern auch ein Geheimnis &#8230; Auf Emilys Wunsch soll das gemeinsam ererbte Ferienhaus in den Schweizer Alpen verkauft werden. Der junge Unternehmer ist auf das Geld angewiesen, im Gegensatz zu Skateboard-Profi Jakob.<\/p>\n<p>Das Gesch\u00e4ft ihrer Eltern, das sie mit ihrem Freund Andreas (29) gemacht hat, ist hoch verschuldet. Emilie versucht bewusst, sich von Emotionen zu distanzieren, die im Laufe der Jahre erfolgreich verdr\u00e4ngt wurden. Aber Jacobs direkte und unausgel\u00f6ste Natur sch\u00fcttelt zunehmend ihre k\u00fchle Fassade.<\/p>\n<p>Die Weite und unber\u00fchrte Natur der Berglandschaft bietet den beiden eine ungewohnte Freiheit. Aber je mehr Emilie die Realit\u00e4t unterdr\u00fcckt, desto mehr will Jacob eine Entscheidung \u00fcber ihre gemeinsame Zukunft. Die rationale Beziehung zu Andreas und die tiefe Zuneigung zu Jakob sind zwangsl\u00e4ufig entgegengesetzt. Aber k\u00f6nnen die beiden Geschwister wirklich eine Liebe leben, die unsichtbar bleiben muss?[\/vc_column_text][\/vc_column][\/vc_row][vc_row][vc_column][vc_video link=&#8220;https:\/\/youtu.be\/nrm2SMrbq8Y&#8220;][\/vc_column][\/vc_row]<\/p>\n<\/div>","protected":false},"excerpt":{"rendered":"<p>[vc_row][vc_column][vc_column_text] Nach Jahren trifft Emilie (26) ihren Bruder Jakob (22). Mit ihm teilt sie nicht nur den Verlust der Eltern, sondern auch ein Geheimnis &#8230; Auf Emilys Wunsch soll das gemeinsam ererbte Ferienhaus in den Schweizer Alpen verkauft werden. Der junge Unternehmer ist auf das Geld angewiesen, im Gegensatz zu Skateboard-Profi Jakob. Das Gesch\u00e4ft ihrer&hellip;<\/p>\n","protected":false},"author":2,"featured_media":11605,"comment_status":"closed","ping_status":"closed","sticky":false,"template":"","format":"video","meta":{"_acf_changed":false,"footnotes":""},"categories":[828,8,10,13],"tags":[2962,2311,2704,2963,2964,2965,2966,2967,2968,2969],"class_list":["post-10125","post","type-post","status-publish","format-video","has-post-thumbnail","hentry","category-artkeim","category-film","category-kino","category-news","tag-arthouse","tag-artkeim","tag-film","tag-geschwisterliebe","tag-jonas-hien","tag-lucy-wirth","tag-ole-jacobs","tag-samuel-perriard","tag-schwarzer-panther","tag-siblings-love","post_format-post-format-video","category-828","category-8","category-10","category-13","description-off"],"acf":[],"yoast_head":"<!-- This site is optimized with the Yoast SEO plugin v27.5 - https:\/\/yoast.com\/product\/yoast-seo-wordpress\/ -->\n<title>&quot;Schwarzer Panther&quot; auf DVD und bei VoD-Portalen jetzt erh\u00e4ltlich - UCM.ONE<\/title>\n<meta name=\"robots\" content=\"index, follow, max-snippet:-1, max-image-preview:large, max-video-preview:-1\" \/>\n<link rel=\"canonical\" href=\"https:\/\/ucm.one\/de\/schwarzer-panther-auf-dvd-und-bei-vod-portalen-jetzt-erhaeltlich\/\" \/>\n<meta property=\"og:locale\" content=\"de_DE\" \/>\n<meta property=\"og:type\" content=\"article\" \/>\n<meta property=\"og:title\" content=\"&quot;Schwarzer Panther&quot; auf DVD und bei VoD-Portalen jetzt erh\u00e4ltlich - UCM.ONE\" \/>\n<meta property=\"og:description\" content=\"[vc_row][vc_column][vc_column_text] Nach Jahren trifft Emilie (26) ihren Bruder Jakob (22). Mit ihm teilt sie nicht nur den Verlust der Eltern, sondern auch ein Geheimnis &#8230; Auf Emilys Wunsch soll das gemeinsam ererbte Ferienhaus in den Schweizer Alpen verkauft werden. Der junge Unternehmer ist auf das Geld angewiesen, im Gegensatz zu Skateboard-Profi Jakob. Das Gesch\u00e4ft ihrer&hellip;\" \/>\n<meta property=\"og:url\" content=\"https:\/\/ucm.one\/de\/schwarzer-panther-auf-dvd-und-bei-vod-portalen-jetzt-erhaeltlich\/\" \/>\n<meta property=\"og:site_name\" content=\"UCM.ONE\" \/>\n<meta property=\"article:published_time\" content=\"2017-02-24T11:32:41+00:00\" \/>\n<meta property=\"article:modified_time\" content=\"2019-08-07T07:33:20+00:00\" \/>\n<meta property=\"og:image\" content=\"https:\/\/ucm.one\/wp-content\/uploads\/2017\/02\/B-Schwarzer-Panther.jpg\" \/>\n\t<meta property=\"og:image:width\" content=\"1920\" \/>\n\t<meta property=\"og:image:height\" content=\"600\" \/>\n\t<meta property=\"og:image:type\" content=\"image\/jpeg\" \/>\n<meta name=\"author\" content=\"Joachim Keil\" \/>\n<meta name=\"twitter:card\" content=\"summary_large_image\" \/>\n<meta name=\"twitter:label1\" content=\"Verfasst von\" \/>\n\t<meta name=\"twitter:data1\" content=\"Joachim Keil\" \/>\n\t<meta name=\"twitter:label2\" content=\"Gesch\u00e4tzte Lesezeit\" \/>\n\t<meta name=\"twitter:data2\" content=\"1\u00a0Minute\" \/>\n<!-- \/ Yoast SEO plugin. -->","yoast_head_json":{"title":"\"Schwarzer Panther\" auf DVD und bei VoD-Portalen jetzt erh\u00e4ltlich - UCM.ONE","robots":{"index":"index","follow":"follow","max-snippet":"max-snippet:-1","max-image-preview":"max-image-preview:large","max-video-preview":"max-video-preview:-1"},"canonical":"https:\/\/ucm.one\/de\/schwarzer-panther-auf-dvd-und-bei-vod-portalen-jetzt-erhaeltlich\/","og_locale":"de_DE","og_type":"article","og_title":"\"Schwarzer Panther\" auf DVD und bei VoD-Portalen jetzt erh\u00e4ltlich - UCM.ONE","og_description":"[vc_row][vc_column][vc_column_text] Nach Jahren trifft Emilie (26) ihren Bruder Jakob (22). Mit ihm teilt sie nicht nur den Verlust der Eltern, sondern auch ein Geheimnis &#8230; Auf Emilys Wunsch soll das gemeinsam ererbte Ferienhaus in den Schweizer Alpen verkauft werden. Der junge Unternehmer ist auf das Geld angewiesen, im Gegensatz zu Skateboard-Profi Jakob. Das Gesch\u00e4ft ihrer&hellip;","og_url":"https:\/\/ucm.one\/de\/schwarzer-panther-auf-dvd-und-bei-vod-portalen-jetzt-erhaeltlich\/","og_site_name":"UCM.ONE","article_published_time":"2017-02-24T11:32:41+00:00","article_modified_time":"2019-08-07T07:33:20+00:00","og_image":[{"width":1920,"height":600,"url":"https:\/\/ucm.one\/wp-content\/uploads\/2017\/02\/B-Schwarzer-Panther.jpg","type":"image\/jpeg"}],"author":"Joachim Keil","twitter_card":"summary_large_image","twitter_misc":{"Verfasst von":"Joachim Keil","Gesch\u00e4tzte Lesezeit":"1\u00a0Minute"},"schema":{"@context":"https:\/\/schema.org","@graph":[{"@type":"Article","@id":"https:\/\/ucm.one\/de\/schwarzer-panther-auf-dvd-und-bei-vod-portalen-jetzt-erhaeltlich\/#article","isPartOf":{"@id":"https:\/\/ucm.one\/de\/schwarzer-panther-auf-dvd-und-bei-vod-portalen-jetzt-erhaeltlich\/"},"author":{"name":"Joachim Keil","@id":"https:\/\/ucm.one\/de\/#\/schema\/person\/4b959e467e8acc058836467a0ef8fa50"},"headline":"&#8222;Schwarzer Panther&#8220; auf DVD und bei VoD-Portalen jetzt erh\u00e4ltlich","datePublished":"2017-02-24T11:32:41+00:00","dateModified":"2019-08-07T07:33:20+00:00","mainEntityOfPage":{"@id":"https:\/\/ucm.one\/de\/schwarzer-panther-auf-dvd-und-bei-vod-portalen-jetzt-erhaeltlich\/"},"wordCount":198,"publisher":{"@id":"https:\/\/ucm.one\/de\/#organization"},"image":{"@id":"https:\/\/ucm.one\/de\/schwarzer-panther-auf-dvd-und-bei-vod-portalen-jetzt-erhaeltlich\/#primaryimage"},"thumbnailUrl":"https:\/\/ucm.one\/wp-content\/uploads\/2017\/02\/B-Schwarzer-Panther.jpg","keywords":["Arthouse","Artkeim\u00b2","Film","Geschwisterliebe","Jonas Hien","Lucy Wirth","Ole Jacobs","Samuel Perriard","Schwarzer Panther","Siblings love"],"articleSection":["Artkeim\u00b2","Film","Kino","News"],"inLanguage":"de"},{"@type":"WebPage","@id":"https:\/\/ucm.one\/de\/schwarzer-panther-auf-dvd-und-bei-vod-portalen-jetzt-erhaeltlich\/","url":"https:\/\/ucm.one\/de\/schwarzer-panther-auf-dvd-und-bei-vod-portalen-jetzt-erhaeltlich\/","name":"\"Schwarzer Panther\" auf DVD und bei VoD-Portalen jetzt erh\u00e4ltlich - UCM.ONE","isPartOf":{"@id":"https:\/\/ucm.one\/de\/#website"},"primaryImageOfPage":{"@id":"https:\/\/ucm.one\/de\/schwarzer-panther-auf-dvd-und-bei-vod-portalen-jetzt-erhaeltlich\/#primaryimage"},"image":{"@id":"https:\/\/ucm.one\/de\/schwarzer-panther-auf-dvd-und-bei-vod-portalen-jetzt-erhaeltlich\/#primaryimage"},"thumbnailUrl":"https:\/\/ucm.one\/wp-content\/uploads\/2017\/02\/B-Schwarzer-Panther.jpg","datePublished":"2017-02-24T11:32:41+00:00","dateModified":"2019-08-07T07:33:20+00:00","breadcrumb":{"@id":"https:\/\/ucm.one\/de\/schwarzer-panther-auf-dvd-und-bei-vod-portalen-jetzt-erhaeltlich\/#breadcrumb"},"inLanguage":"de","potentialAction":[{"@type":"ReadAction","target":["https:\/\/ucm.one\/de\/schwarzer-panther-auf-dvd-und-bei-vod-portalen-jetzt-erhaeltlich\/"]}]},{"@type":"ImageObject","inLanguage":"de","@id":"https:\/\/ucm.one\/de\/schwarzer-panther-auf-dvd-und-bei-vod-portalen-jetzt-erhaeltlich\/#primaryimage","url":"https:\/\/ucm.one\/wp-content\/uploads\/2017\/02\/B-Schwarzer-Panther.jpg","contentUrl":"https:\/\/ucm.one\/wp-content\/uploads\/2017\/02\/B-Schwarzer-Panther.jpg","width":1920,"height":600},{"@type":"BreadcrumbList","@id":"https:\/\/ucm.one\/de\/schwarzer-panther-auf-dvd-und-bei-vod-portalen-jetzt-erhaeltlich\/#breadcrumb","itemListElement":[{"@type":"ListItem","position":1,"name":"Home","item":"https:\/\/ucm.one\/de\/"},{"@type":"ListItem","position":2,"name":"&#8220;Schwarzer Panther&#8221; auf DVD und bei VoD-Portalen jetzt erh\u00e4ltlich"}]},{"@type":"WebSite","@id":"https:\/\/ucm.one\/de\/#website","url":"https:\/\/ucm.one\/de\/","name":"UCM.ONE","description":"","publisher":{"@id":"https:\/\/ucm.one\/de\/#organization"},"potentialAction":[{"@type":"SearchAction","target":{"@type":"EntryPoint","urlTemplate":"https:\/\/ucm.one\/de\/?s={search_term_string}"},"query-input":{"@type":"PropertyValueSpecification","valueRequired":true,"valueName":"search_term_string"}}],"inLanguage":"de"},{"@type":"Organization","@id":"https:\/\/ucm.one\/de\/#organization","name":"UCM.ONE","url":"https:\/\/ucm.one\/de\/","logo":{"@type":"ImageObject","inLanguage":"de","@id":"https:\/\/ucm.one\/de\/#\/schema\/logo\/image\/","url":"https:\/\/ucm.one\/wp-content\/uploads\/2019\/10\/UCM.ONE-Logo-RGB.svg","contentUrl":"https:\/\/ucm.one\/wp-content\/uploads\/2019\/10\/UCM.ONE-Logo-RGB.svg","width":1,"height":1,"caption":"UCM.ONE"},"image":{"@id":"https:\/\/ucm.one\/de\/#\/schema\/logo\/image\/"}},{"@type":"Person","@id":"https:\/\/ucm.one\/de\/#\/schema\/person\/4b959e467e8acc058836467a0ef8fa50","name":"Joachim Keil","image":{"@type":"ImageObject","inLanguage":"de","@id":"https:\/\/secure.gravatar.com\/avatar\/10e1dfd05f2a7a7bc83cd44bae31e01c8ac15f974229211a2b1a49fa0a22fec0?s=96&d=mm&r=g","url":"https:\/\/secure.gravatar.com\/avatar\/10e1dfd05f2a7a7bc83cd44bae31e01c8ac15f974229211a2b1a49fa0a22fec0?s=96&d=mm&r=g","contentUrl":"https:\/\/secure.gravatar.com\/avatar\/10e1dfd05f2a7a7bc83cd44bae31e01c8ac15f974229211a2b1a49fa0a22fec0?s=96&d=mm&r=g","caption":"Joachim Keil"},"sameAs":["https:\/\/ucm.one"]}]}},"_links":{"self":[{"href":"https:\/\/ucm.one\/de\/wp-json\/wp\/v2\/posts\/10125","targetHints":{"allow":["GET"]}}],"collection":[{"href":"https:\/\/ucm.one\/de\/wp-json\/wp\/v2\/posts"}],"about":[{"href":"https:\/\/ucm.one\/de\/wp-json\/wp\/v2\/types\/post"}],"author":[{"embeddable":true,"href":"https:\/\/ucm.one\/de\/wp-json\/wp\/v2\/users\/2"}],"replies":[{"embeddable":true,"href":"https:\/\/ucm.one\/de\/wp-json\/wp\/v2\/comments?post=10125"}],"version-history":[{"count":0,"href":"https:\/\/ucm.one\/de\/wp-json\/wp\/v2\/posts\/10125\/revisions"}],"wp:featuredmedia":[{"embeddable":true,"href":"https:\/\/ucm.one\/de\/wp-json\/wp\/v2\/media\/11605"}],"wp:attachment":[{"href":"https:\/\/ucm.one\/de\/wp-json\/wp\/v2\/media?parent=10125"}],"wp:term":[{"taxonomy":"category","embeddable":true,"href":"https:\/\/ucm.one\/de\/wp-json\/wp\/v2\/categories?post=10125"},{"taxonomy":"post_tag","embeddable":true,"href":"https:\/\/ucm.one\/de\/wp-json\/wp\/v2\/tags?post=10125"}],"curies":[{"name":"wp","href":"https:\/\/api.w.org\/{rel}","templated":true}]}}