{"id":101100,"date":"2024-01-15T20:56:15","date_gmt":"2024-01-15T20:56:15","guid":{"rendered":"https:\/\/ucm.one\/?p=101100"},"modified":"2024-02-13T02:03:20","modified_gmt":"2024-02-13T02:03:20","slug":"der-dokumentarfilm-dreamers-von-stephanie-barbey-und-luc-peter-kommt-am-08-februar-in-die-kinos","status":"publish","type":"post","link":"https:\/\/ucm.one\/de\/der-dokumentarfilm-dreamers-von-stephanie-barbey-und-luc-peter-kommt-am-08-februar-in-die-kinos\/","title":{"rendered":"\ud83c\udfac Der Dokumentarfilm &#8222;Dreamers&#8220; von St\u00e9phanie Barbey und Luc Peter kommt am 08. Februar in die Kinos"},"content":{"rendered":"<div class=\"wpb-content-wrapper\"><p>[vc_row][vc_column][vc_column_text]<\/p>\n<p style=\"font-weight: 400;\"><em>&#8222;<strong>Dreamers<\/strong>&#8222;<\/em>, so hei\u00dfen die jungen Menschen ohne US-amerikanische Ausweispapiere, die im Kindesalter von ihren Eltern in die USA gebracht wurden &#8211; meist \u00fcber die Grenze zu Mexiko. Sch\u00e4tzungen zufolge f\u00fchren der USA mehr als zwei Millionen<em> &#8222;<strong>Dreamers<\/strong>&#8222;<\/em> ein Leben im Schatten der Gesellschaft. Sie sind illegal, \u201eohne Dokumente\u201c. <strong><em>Carlos<\/em><\/strong> ist einer von ihnen.<\/p>\n<p>[\/vc_column_text][\/vc_column][\/vc_row][vc_row][vc_column width=&#8220;3\/4&#8243;][vc_row_inner][vc_column_inner][vc_column_text]<\/p>\n<h3>Inhaltsangabe<\/h3>\n<p>Im Alter von 9 Jahren kam er mit seinen drei Br\u00fcdern und seinen Eltern aus Mexiko illegal nach Chicago. Bis zu seinem 17. Lebensjahr hatte er Aufenthaltsrecht in der USA. Mit seinem 18. Geburtstag \u00e4nderte sich sein Status: In den Augen des Gesetzes ist er seit diesem Zeitpunkt illegal in den USA. Der amerikanische Traum verwandelt sich in einen Alptraum. Der kleinste Fehler kann ihn zur Abschiebung f\u00fchren.[\/vc_column_text][vc_column_text]<\/p>\n<p style=\"font-weight: 400;\">Das Regiepaar <strong>Stephanie Barbey<\/strong> &amp; <strong>Luc Peter<\/strong> haben <em><strong>Carlos<\/strong><\/em> und seine Familie \u00fcber mehr als zwei Jahre begleitet und durch sie erlebt was es hei\u00dft, ohne einen legalen Status in der USA zu leben. Die Schwarz-Wei\u00df-Kameraarbeit von <strong>Nikolai von Graevenitz<\/strong> (<strong><em>Deutscher Kamerapreis 2022<\/em><\/strong>) wurde speziell ausgew\u00e4hlt, um diese Kontraste und Widerspr\u00fcche hervorzuheben und zu betonen, was es bedeutet, im Schatten des US-Rechtssystems zu leben. Sie lassen uns die Glitzerwelt des amerikanischen Traums vergessen und vermitteln, trotz der harten Lebenssituation der Protagonist*innen, Hoffnung auf eine bessere Zukunft.<\/p>\n<p>[\/vc_column_text][vc_column_text]<\/p>\n<p style=\"font-weight: 400;\">Ausgehend von einer sehr pers\u00f6nlichen Geschichte spricht der Film Themen von universellerer Bedeutung an. Diese Erz\u00e4hlung wird durch die Musik von Louis Jucker (<strong><em>Swiss Music Awards 2021<\/em><\/strong>) verst\u00e4rkt. Er l\u00e4sst uns durch eine poetische Musik-Bild-Komposition in kraftvolle Emotionen eintauchen.<\/p>\n<p>[\/vc_column_text][\/vc_column_inner][\/vc_row_inner][\/vc_column][vc_column width=&#8220;1\/4&#8243;][vc_single_image image=&#8220;101072&#8243; img_size=&#8220;full&#8220; onclick=&#8220;link_image&#8220;][\/vc_column][\/vc_row][vc_row][vc_column][vc_column_text]<b><span style=\"font-family: 'arial black', sans-serif;\">UCM.ONE<\/span> <\/b>bringt den Film &#8222;<strong>Dreamers<\/strong>&#8220; von <strong>St\u00e9phanie Barbey <\/strong>und <strong>Luc Peter<\/strong> auf dem Label <strong><span style=\"font-family: 'arial black', sans-serif;\">NONFY<\/span> Documentaries<\/strong> ab 08. Februar 2024 in die deutschen und \u00f6sterreichischen Kinos.[\/vc_column_text][\/vc_column][\/vc_row][vc_row][vc_column][vc_video link=&#8220;https:\/\/youtu.be\/m_id8IG7zTA&#8220; title=&#8220;Dreamers | Trailer (English) `{`w\/ German subtitles`}` \u1d34\u1d30&#8220;][\/vc_column][\/vc_row][vc_row disable_element=&#8220;yes&#8220;][vc_column][vc_empty_space height=&#8220;15px&#8220;][vc_separator][vc_row_inner][vc_column_inner width=&#8220;1\/4&#8243;][vc_btn title=&#8220;Amazon&#8220; style=&#8220;classic&#8220; color=&#8220;orange&#8220; size=&#8220;sm&#8220; align=&#8220;center&#8220; i_icon_fontawesome=&#8220;fab fa-amazon&#8220; button_block=&#8220;true&#8220; add_icon=&#8220;true&#8220; link=&#8220;url:https%3A%2F%2Fwww.amazon.de%2FUnter-Ausschlu%C3%9F-%C3%96ffentlichkeit-Mediabook-Blu-ray%2Fdp%2FB0BJYD445L|title:Amazon|target:_blank&#8220;][\/vc_column_inner][vc_column_inner width=&#8220;1\/4&#8243;][vc_btn title=&#8220;JPC&#8220; style=&#8220;classic&#8220; color=&#8220;success&#8220; size=&#8220;sm&#8220; align=&#8220;center&#8220; i_icon_fontawesome=&#8220;far fa-dot-circle&#8220; button_block=&#8220;true&#8220; add_icon=&#8220;true&#8220; link=&#8220;url:https%3A%2F%2Fwww.jpc.de%2Fjpcng%2Fmovie%2Fdetail%2F-%2Fart%2Funter-ausschluss-der-oeffentlichkeit%2Fhnum%2F11049492|title:JPC|target:_blank&#8220;][\/vc_column_inner][vc_column_inner width=&#8220;1\/4&#8243;][vc_btn title=&#8220;Shop&#8220; style=&#8220;classic&#8220; color=&#8220;juicy-pink&#8220; size=&#8220;sm&#8220; align=&#8220;center&#8220; i_icon_fontawesome=&#8220;fas fa-shopping-cart&#8220; button_block=&#8220;true&#8220; add_icon=&#8220;true&#8220; link=&#8220;url:https%3A%2F%2Fucm.one%2Fde%2Fprodukt%2Funter-ausschluss-der-oeffentlichkeit|title:Shop&#8220;][\/vc_column_inner][vc_column_inner width=&#8220;1\/4&#8243;][vc_btn title=&#8220;Wer Streamt Es?&#8220; style=&#8220;classic&#8220; color=&#8220;sky&#8220; size=&#8220;sm&#8220; align=&#8220;center&#8220; i_icon_fontawesome=&#8220;fas fa-question-circle&#8220; button_block=&#8220;true&#8220; add_icon=&#8220;true&#8220; link=&#8220;url:https%3A%2F%2Fwww.werstreamt.es%2Ffilm%2Fdetails%2F18994%2Funter-ausschluss-der-oeffentlichkeit%2F|title:Wer%20Streamt%20es|target:_blank&#8220;][\/vc_column_inner][\/vc_row_inner][\/vc_column][\/vc_row][vc_row disable_element=&#8220;yes&#8220;][vc_column][vc_empty_space height=&#8220;25px&#8220;][vc_column_text]<\/p>\n<div class=\"wpb_text_column wpb_content_element \">\n<div class=\"wpb_wrapper\">\n<p><span style=\"font-size: 18pt;\">Technische Daten<\/span><\/p>\n<p><strong>Mediabook<\/strong>\u00a0| Bildformat: 1:1,33<span lang=\"EN-US\">\u00a0<\/span>| Laufzeit: 97 Min | Tonformat: Mono | Bonus: Trailer | Mediabook mit abl\u00f6sbarem FSK-Sticker | FSK 16<\/p>\n<\/div>\n<\/div>\n<p>[\/vc_column_text][vc_separator css=&#8220;.vc_custom_1560377795279{margin-top: 15px !important;}&#8220;][\/vc_column][\/vc_row][vc_row disable_element=&#8220;yes&#8220;][vc_column width=&#8220;1\/2&#8243;][vc_single_image image=&#8220;91141&#8243; img_size=&#8220;full&#8220; onclick=&#8220;link_image&#8220;][\/vc_column][vc_column width=&#8220;1\/2&#8243;][vc_single_image image=&#8220;91145&#8243; img_size=&#8220;full&#8220; onclick=&#8220;link_image&#8220;][\/vc_column][\/vc_row][vc_row][vc_column width=&#8220;1\/2&#8243;][vc_column_text]Weitere Informationen \u00fcber den Dokumentarfilm: <a title=\"Dreamers (2023) von St\u00e9phanie Barbey und Luc Peter | NONFY Documentaries\" href=\"https:\/\/ucm.one\/de\/dreamers\/\">Dreamers<\/a>[\/vc_column_text][\/vc_column][vc_column width=&#8220;1\/2&#8243;][vc_column_text]Weitere Informationen \u00fcber das Filmlabel: <a title=\"NONFY Documentaries\" href=\"https:\/\/ucm.one\/de\/film-labels\/nonfy-documentaries\/\">NONFY Documentaries<\/a>[\/vc_column_text][\/vc_column][\/vc_row]<\/p>\n<\/div>","protected":false},"excerpt":{"rendered":"<p>[vc_row][vc_column][vc_column_text] &#8222;Dreamers&#8222;, so hei\u00dfen die jungen Menschen ohne US-amerikanische Ausweispapiere, die im Kindesalter von ihren Eltern in die USA gebracht wurden &#8211; meist \u00fcber die Grenze zu Mexiko. Sch\u00e4tzungen zufolge f\u00fchren der USA mehr als zwei Millionen &#8222;Dreamers&#8222; ein Leben im Schatten der Gesellschaft. Sie sind illegal, \u201eohne Dokumente\u201c. Carlos ist einer von ihnen. [\/vc_column_text][\/vc_column][\/vc_row][vc_row][vc_column&hellip;<\/p>\n","protected":false},"author":2,"featured_media":101102,"comment_status":"closed","ping_status":"closed","sticky":false,"template":"","format":"standard","meta":{"_acf_changed":false,"footnotes":""},"categories":[6267,8,10,13,4587],"tags":[17152,17156,17154,6508,17155,17157,4603,17153,2496],"class_list":["post-101100","post","type-post","status-publish","format-standard","has-post-thumbnail","hentry","category-dokumentarfilm","category-film","category-kino","category-news","category-nonfy-documentaries","tag-dreamers","tag-louis-jucker","tag-luc-peter","tag-mexiko","tag-migration","tag-nikolai-von-graevenitz","tag-nonfy-documentaries","tag-stephanie-barbey","tag-usa","category-6267","category-8","category-10","category-13","category-4587","description-off"],"acf":[],"yoast_head":"<!-- This site is optimized with the Yoast SEO plugin v27.5 - https:\/\/yoast.com\/product\/yoast-seo-wordpress\/ -->\n<title>&quot;Dreamers&quot; (St\u00e9phanie Barbey &amp; Luc Peter) ab 08.02. im Kino<\/title>\n<meta name=\"description\" content=\"&quot;Dreamers&quot;, so hei\u00dfen die jungen Menschen ohne US-amerikanische Ausweispapiere, die im Kindesalter von ihren Eltern in die USA gebracht wurden.\" \/>\n<meta name=\"robots\" content=\"index, follow, max-snippet:-1, max-image-preview:large, max-video-preview:-1\" \/>\n<link rel=\"canonical\" href=\"https:\/\/ucm.one\/de\/der-dokumentarfilm-dreamers-von-stephanie-barbey-und-luc-peter-kommt-am-08-februar-in-die-kinos\/\" \/>\n<meta property=\"og:locale\" content=\"de_DE\" \/>\n<meta property=\"og:type\" content=\"article\" \/>\n<meta property=\"og:title\" content=\"&quot;Dreamers&quot; (St\u00e9phanie Barbey &amp; Luc Peter) ab 08.02. im Kino\" \/>\n<meta property=\"og:description\" content=\"&quot;Dreamers&quot;, so hei\u00dfen die jungen Menschen ohne US-amerikanische Ausweispapiere, die im Kindesalter von ihren Eltern in die USA gebracht wurden.\" \/>\n<meta property=\"og:url\" content=\"https:\/\/ucm.one\/de\/der-dokumentarfilm-dreamers-von-stephanie-barbey-und-luc-peter-kommt-am-08-februar-in-die-kinos\/\" \/>\n<meta property=\"og:site_name\" content=\"UCM.ONE\" \/>\n<meta property=\"article:published_time\" content=\"2024-01-15T20:56:15+00:00\" \/>\n<meta property=\"article:modified_time\" content=\"2024-02-13T02:03:20+00:00\" \/>\n<meta property=\"og:image\" content=\"https:\/\/ucm.one\/wp-content\/uploads\/2024\/01\/P-Dreamers.jpg\" \/>\n<meta name=\"author\" content=\"Joachim Keil\" \/>\n<meta name=\"twitter:card\" content=\"summary_large_image\" \/>\n<meta name=\"twitter:title\" content=\"&quot;Dreamers&quot; (St\u00e9phanie Barbey &amp; Luc Peter) ab 08.02. im Kino\" \/>\n<meta name=\"twitter:description\" content=\"&quot;Dreamers&quot;, so hei\u00dfen die jungen Menschen ohne US-amerikanische Ausweispapiere, die im Kindesalter von ihren Eltern in die USA gebracht wurden.\" \/>\n<meta name=\"twitter:image\" content=\"https:\/\/ucm.one\/wp-content\/uploads\/2024\/01\/P-Dreamers.jpg\" \/>\n<meta name=\"twitter:label1\" content=\"Verfasst von\" \/>\n\t<meta name=\"twitter:data1\" content=\"Joachim Keil\" \/>\n\t<meta name=\"twitter:label2\" content=\"Gesch\u00e4tzte Lesezeit\" \/>\n\t<meta name=\"twitter:data2\" content=\"4\u00a0Minuten\" \/>\n<!-- \/ Yoast SEO plugin. -->","yoast_head_json":{"title":"\"Dreamers\" (St\u00e9phanie Barbey & Luc Peter) ab 08.02. im Kino","description":"\"Dreamers\", so hei\u00dfen die jungen Menschen ohne US-amerikanische Ausweispapiere, die im Kindesalter von ihren Eltern in die USA gebracht wurden.","robots":{"index":"index","follow":"follow","max-snippet":"max-snippet:-1","max-image-preview":"max-image-preview:large","max-video-preview":"max-video-preview:-1"},"canonical":"https:\/\/ucm.one\/de\/der-dokumentarfilm-dreamers-von-stephanie-barbey-und-luc-peter-kommt-am-08-februar-in-die-kinos\/","og_locale":"de_DE","og_type":"article","og_title":"\"Dreamers\" (St\u00e9phanie Barbey & Luc Peter) ab 08.02. im Kino","og_description":"\"Dreamers\", so hei\u00dfen die jungen Menschen ohne US-amerikanische Ausweispapiere, die im Kindesalter von ihren Eltern in die USA gebracht wurden.","og_url":"https:\/\/ucm.one\/de\/der-dokumentarfilm-dreamers-von-stephanie-barbey-und-luc-peter-kommt-am-08-februar-in-die-kinos\/","og_site_name":"UCM.ONE","article_published_time":"2024-01-15T20:56:15+00:00","article_modified_time":"2024-02-13T02:03:20+00:00","og_image":[{"url":"https:\/\/ucm.one\/wp-content\/uploads\/2024\/01\/P-Dreamers.jpg","type":"","width":"","height":""}],"author":"Joachim Keil","twitter_card":"summary_large_image","twitter_title":"\"Dreamers\" (St\u00e9phanie Barbey & Luc Peter) ab 08.02. im Kino","twitter_description":"\"Dreamers\", so hei\u00dfen die jungen Menschen ohne US-amerikanische Ausweispapiere, die im Kindesalter von ihren Eltern in die USA gebracht wurden.","twitter_image":"https:\/\/ucm.one\/wp-content\/uploads\/2024\/01\/P-Dreamers.jpg","twitter_misc":{"Verfasst von":"Joachim Keil","Gesch\u00e4tzte Lesezeit":"4\u00a0Minuten"},"schema":{"@context":"https:\/\/schema.org","@graph":[{"@type":"Article","@id":"https:\/\/ucm.one\/de\/der-dokumentarfilm-dreamers-von-stephanie-barbey-und-luc-peter-kommt-am-08-februar-in-die-kinos\/#article","isPartOf":{"@id":"https:\/\/ucm.one\/de\/der-dokumentarfilm-dreamers-von-stephanie-barbey-und-luc-peter-kommt-am-08-februar-in-die-kinos\/"},"author":{"name":"Joachim Keil","@id":"https:\/\/ucm.one\/de\/#\/schema\/person\/4b959e467e8acc058836467a0ef8fa50"},"headline":"\ud83c\udfac Der Dokumentarfilm &#8222;Dreamers&#8220; von St\u00e9phanie Barbey und Luc Peter kommt am 08. Februar in die Kinos","datePublished":"2024-01-15T20:56:15+00:00","dateModified":"2024-02-13T02:03:20+00:00","mainEntityOfPage":{"@id":"https:\/\/ucm.one\/de\/der-dokumentarfilm-dreamers-von-stephanie-barbey-und-luc-peter-kommt-am-08-februar-in-die-kinos\/"},"wordCount":745,"publisher":{"@id":"https:\/\/ucm.one\/de\/#organization"},"image":{"@id":"https:\/\/ucm.one\/de\/der-dokumentarfilm-dreamers-von-stephanie-barbey-und-luc-peter-kommt-am-08-februar-in-die-kinos\/#primaryimage"},"thumbnailUrl":"https:\/\/ucm.one\/wp-content\/uploads\/2024\/01\/B-Dreamers-Banner-Vorankuendigung.jpg","keywords":["Dreamers","Louis Jucker","Luc Peter","Mexiko","Migration","Nikolai von Graevenitz","NONFY Documentaries","St\u00e9phanie Barbey","USA"],"articleSection":["Dokumentarfilm","Film","Kino","News","NONFY Documentaries"],"inLanguage":"de"},{"@type":"WebPage","@id":"https:\/\/ucm.one\/de\/der-dokumentarfilm-dreamers-von-stephanie-barbey-und-luc-peter-kommt-am-08-februar-in-die-kinos\/","url":"https:\/\/ucm.one\/de\/der-dokumentarfilm-dreamers-von-stephanie-barbey-und-luc-peter-kommt-am-08-februar-in-die-kinos\/","name":"\"Dreamers\" (St\u00e9phanie Barbey & Luc Peter) ab 08.02. im Kino","isPartOf":{"@id":"https:\/\/ucm.one\/de\/#website"},"primaryImageOfPage":{"@id":"https:\/\/ucm.one\/de\/der-dokumentarfilm-dreamers-von-stephanie-barbey-und-luc-peter-kommt-am-08-februar-in-die-kinos\/#primaryimage"},"image":{"@id":"https:\/\/ucm.one\/de\/der-dokumentarfilm-dreamers-von-stephanie-barbey-und-luc-peter-kommt-am-08-februar-in-die-kinos\/#primaryimage"},"thumbnailUrl":"https:\/\/ucm.one\/wp-content\/uploads\/2024\/01\/B-Dreamers-Banner-Vorankuendigung.jpg","datePublished":"2024-01-15T20:56:15+00:00","dateModified":"2024-02-13T02:03:20+00:00","description":"\"Dreamers\", so hei\u00dfen die jungen Menschen ohne US-amerikanische Ausweispapiere, die im Kindesalter von ihren Eltern in die USA gebracht wurden.","breadcrumb":{"@id":"https:\/\/ucm.one\/de\/der-dokumentarfilm-dreamers-von-stephanie-barbey-und-luc-peter-kommt-am-08-februar-in-die-kinos\/#breadcrumb"},"inLanguage":"de","potentialAction":[{"@type":"ReadAction","target":["https:\/\/ucm.one\/de\/der-dokumentarfilm-dreamers-von-stephanie-barbey-und-luc-peter-kommt-am-08-februar-in-die-kinos\/"]}]},{"@type":"ImageObject","inLanguage":"de","@id":"https:\/\/ucm.one\/de\/der-dokumentarfilm-dreamers-von-stephanie-barbey-und-luc-peter-kommt-am-08-februar-in-die-kinos\/#primaryimage","url":"https:\/\/ucm.one\/wp-content\/uploads\/2024\/01\/B-Dreamers-Banner-Vorankuendigung.jpg","contentUrl":"https:\/\/ucm.one\/wp-content\/uploads\/2024\/01\/B-Dreamers-Banner-Vorankuendigung.jpg","width":1920,"height":600},{"@type":"BreadcrumbList","@id":"https:\/\/ucm.one\/de\/der-dokumentarfilm-dreamers-von-stephanie-barbey-und-luc-peter-kommt-am-08-februar-in-die-kinos\/#breadcrumb","itemListElement":[{"@type":"ListItem","position":1,"name":"Home","item":"https:\/\/ucm.one\/de\/"},{"@type":"ListItem","position":2,"name":"\ud83c\udfac Der Dokumentarfilm &#8222;Dreamers&#8220; von St\u00e9phanie Barbey und Luc Peter kommt am 08. Februar in die Kinos"}]},{"@type":"WebSite","@id":"https:\/\/ucm.one\/de\/#website","url":"https:\/\/ucm.one\/de\/","name":"UCM.ONE","description":"","publisher":{"@id":"https:\/\/ucm.one\/de\/#organization"},"potentialAction":[{"@type":"SearchAction","target":{"@type":"EntryPoint","urlTemplate":"https:\/\/ucm.one\/de\/?s={search_term_string}"},"query-input":{"@type":"PropertyValueSpecification","valueRequired":true,"valueName":"search_term_string"}}],"inLanguage":"de"},{"@type":"Organization","@id":"https:\/\/ucm.one\/de\/#organization","name":"UCM.ONE","url":"https:\/\/ucm.one\/de\/","logo":{"@type":"ImageObject","inLanguage":"de","@id":"https:\/\/ucm.one\/de\/#\/schema\/logo\/image\/","url":"https:\/\/ucm.one\/wp-content\/uploads\/2019\/10\/UCM.ONE-Logo-RGB.svg","contentUrl":"https:\/\/ucm.one\/wp-content\/uploads\/2019\/10\/UCM.ONE-Logo-RGB.svg","width":1,"height":1,"caption":"UCM.ONE"},"image":{"@id":"https:\/\/ucm.one\/de\/#\/schema\/logo\/image\/"}},{"@type":"Person","@id":"https:\/\/ucm.one\/de\/#\/schema\/person\/4b959e467e8acc058836467a0ef8fa50","name":"Joachim Keil","image":{"@type":"ImageObject","inLanguage":"de","@id":"https:\/\/secure.gravatar.com\/avatar\/10e1dfd05f2a7a7bc83cd44bae31e01c8ac15f974229211a2b1a49fa0a22fec0?s=96&d=mm&r=g","url":"https:\/\/secure.gravatar.com\/avatar\/10e1dfd05f2a7a7bc83cd44bae31e01c8ac15f974229211a2b1a49fa0a22fec0?s=96&d=mm&r=g","contentUrl":"https:\/\/secure.gravatar.com\/avatar\/10e1dfd05f2a7a7bc83cd44bae31e01c8ac15f974229211a2b1a49fa0a22fec0?s=96&d=mm&r=g","caption":"Joachim Keil"},"sameAs":["https:\/\/ucm.one"]}]}},"_links":{"self":[{"href":"https:\/\/ucm.one\/de\/wp-json\/wp\/v2\/posts\/101100","targetHints":{"allow":["GET"]}}],"collection":[{"href":"https:\/\/ucm.one\/de\/wp-json\/wp\/v2\/posts"}],"about":[{"href":"https:\/\/ucm.one\/de\/wp-json\/wp\/v2\/types\/post"}],"author":[{"embeddable":true,"href":"https:\/\/ucm.one\/de\/wp-json\/wp\/v2\/users\/2"}],"replies":[{"embeddable":true,"href":"https:\/\/ucm.one\/de\/wp-json\/wp\/v2\/comments?post=101100"}],"version-history":[{"count":9,"href":"https:\/\/ucm.one\/de\/wp-json\/wp\/v2\/posts\/101100\/revisions"}],"predecessor-version":[{"id":101157,"href":"https:\/\/ucm.one\/de\/wp-json\/wp\/v2\/posts\/101100\/revisions\/101157"}],"wp:featuredmedia":[{"embeddable":true,"href":"https:\/\/ucm.one\/de\/wp-json\/wp\/v2\/media\/101102"}],"wp:attachment":[{"href":"https:\/\/ucm.one\/de\/wp-json\/wp\/v2\/media?parent=101100"}],"wp:term":[{"taxonomy":"category","embeddable":true,"href":"https:\/\/ucm.one\/de\/wp-json\/wp\/v2\/categories?post=101100"},{"taxonomy":"post_tag","embeddable":true,"href":"https:\/\/ucm.one\/de\/wp-json\/wp\/v2\/tags?post=101100"}],"curies":[{"name":"wp","href":"https:\/\/api.w.org\/{rel}","templated":true}]}}